{"id":171814,"date":"2025-03-19T18:13:51","date_gmt":"2025-03-19T16:13:51","guid":{"rendered":"https:\/\/serbiantimes.info\/en\/?p=171814"},"modified":"2025-03-19T18:13:52","modified_gmt":"2025-03-19T16:13:52","slug":"federation-police-director-threatens-we-will-arrest-dodik-stevandic-and-viskovic-if-they-come-to-the-fbih","status":"publish","type":"post","link":"https:\/\/serbiantimes.info\/en\/federation-police-director-threatens-we-will-arrest-dodik-stevandic-and-viskovic-if-they-come-to-the-fbih\/","title":{"rendered":"FEDERATION POLICE DIRECTOR THREATENS: We will arrest Dodik, Stevandi\u0107 and Vi\u0161kovi\u0107 if they come to the FBiH!"},"content":{"rendered":"\n<p>The director of the Federal Police Administration of Bosnia and Herzegovina (FUP) Vahidin Munji\u0107 confirmed that they received a warrant for Republika Srpska officials Milorad Dodik, Nenad Stevandi\u0107 and Radovan Vi\u0161kovi\u0107, stating that they will be arrested if they come to the territory of the Federation of BiH.<\/p>\n\n\n\n<p>&#8220;They will be arrested if they come to the territory of the Federation of BiH,&#8221; said Munji\u0107, Sarajevo media reported.<\/p>\n\n\n\n<p>RS President Milorad Dodik, RS Parliament President Nenad Stevandi\u0107 and entity Prime Minister Radovan Vi\u0161kovi\u0107 are suspected of &#8220;attacking the constitutional order&#8221; and by decision of the BiH Court they were detained and a central warrant was issued.<\/p>\n\n\n\n<h4 class=\"wp-block-heading\"><mark style=\"background-color:#FFFFFF;color:#d21414\" class=\"has-inline-color\">FIND OUT MORE IN ENGLISH:<\/mark><\/h4>\n\n\n\n<iframe loading=\"lazy\" src=\"https:\/\/www.facebook.com\/plugins\/post.php?href=https%3A%2F%2Fwww.facebook.com%2Fserbiantimes%2Fposts%2Fpfbid02Dz6ZPvtdX9yRPYCuRwLNVbRKiveMcTGRCxjynL4dtJfAMS4Pwa1zWbPXRWsGDdpvl&#038;show_text=true&#038;width=500\" width=\"500\" height=\"558\" style=\"border:none;overflow:hidden\" scrolling=\"no\" frameborder=\"0\" allowfullscreen=\"true\" allow=\"autoplay; clipboard-write; encrypted-media; picture-in-picture; web-share\"><\/iframe>\n\n\n\n<p>&#8220;They must be arrested, because that is the obligation of the police authorities. We have been searching for some people for several years if we cannot reach them, and when it comes to the arrest of Dodik, Stevandi\u0107 and Vi\u0161kovi\u0107, I think that in that case, first of all, the state police authorities are obliged,&#8221; Munji\u0107 assessed.<\/p>\n\n\n\n<p>According to him, &#8220;all police authorities in BiH are obliged to arrest those persons, if they come into contact with them, and hand them over to the jurisdiction of the BiH Court.&#8221;<\/p>\n\n\n\n<h4 class=\"wp-block-heading\"><mark style=\"background-color:#FFFFFF;color:#d21414\" class=\"has-inline-color\">MORE TOPICS:<\/mark><\/h4>\n\n\n\n<p><strong><a href=\"https:\/\/serbiantimes.info\/en\/brutal-and-illegal-use-of-force-students-demand-responsibility-for-the-use-of-a-sound-cannon-at-the-protest\/\" target=\"_blank\" rel=\"noopener\" title=\"\">\u201cBRUTAL AND ILLEGAL USE OF FORCE\u201d: Students demand responsibility for the use of a sound cannon at the protest!<\/a><\/strong><\/p>\n\n\n\n<p><strong><a href=\"https:\/\/serbiantimes.info\/en\/transferred-by-the-serbian-army-twelve-injured-in-the-kocani-fire-arrive-in-belgrade-for-treatment\/\" target=\"_blank\" rel=\"noopener\" title=\"\">TRANSFERRED BY THE SERBIAN ARMY: Twelve injured in the Ko\u010dani fire arrive in Belgrade for treatment!<\/a><\/strong><\/p>\n\n\n\n<p><strong><a href=\"https:\/\/serbiantimes.info\/en\/lest-we-forget-the-march-pogrom-in-kosovo-was-deadly-for-many-serbs-while-thousands-got-expelled\/\" target=\"_blank\" rel=\"noopener\" title=\"\">LEST WE FORGET: The March pogrom in Kosovo was deadly for many Serbs, while thousands got expelled!<\/a><\/strong><\/p>\n\n\n\n<p><strong><a href=\"https:\/\/serbiantimes.info\/en\/german-journalist-on-the-sound-cannon-at-the-protest-for-about-half-an-hour-i-felt-dizzy-and-inner-unrest\/\" target=\"_blank\" rel=\"noopener\" title=\"\">GERMAN JOURNALIST ON THE SOUND CANNON AT THE PROTEST: For about half an hour I felt dizzy and inner unrest!<\/a><\/strong><\/p>\n\n\n\n<p><strong><a href=\"https:\/\/serbiantimes.info\/en\/due-to-the-unprecedented-tragedy-in-kocani-north-macedonia-declares-seven-days-of-mourning\/\" target=\"_blank\" rel=\"noopener\" title=\"\">DUE TO THE UNPRECEDENTED TRAGEDY IN KO\u010cANI: North Macedonia declares seven days of mourning!<\/a><\/strong><\/p>\n\n\n\n<p><strong>Source<\/strong>: N1, <strong>Foto<\/strong>: EPA-EFE \/ ANTON VAGANOV<\/p>\n","protected":false},"excerpt":{"rendered":"<p>The director of the Federal Police Administration of Bosnia and Herzegovina (FUP) Vahidin Munji\u0107 confirmed that they received a warrant for Republika Srpska officials Milorad Dodik, Nenad Stevandi\u0107 and Radovan Vi\u0161kovi\u0107, stating that they will be arrested if they come to the territory of the Federation of BiH. &#8220;They will be arrested if they come [&hellip;]<\/p>\n","protected":false},"author":2169,"featured_media":171815,"comment_status":"open","ping_status":"open","sticky":false,"template":"","format":"standard","meta":{"newspack_featured_image_position":"","newspack_post_subtitle":"","newspack_article_summary_title":"Overview:","newspack_article_summary":"","newspack_hide_updated_date":false,"newspack_show_updated_date":false,"footnotes":""},"categories":[8],"tags":[116,309,341,218,592],"class_list":["post-171814","post","type-post","status-publish","format-standard","has-post-thumbnail","hentry","category-balkan","tag-balkan","tag-bih","tag-bosna-i-hercegovina","tag-milorad-dodik","tag-republika-srpska","entry"],"aioseo_notices":[],"distributor_meta":false,"distributor_terms":false,"distributor_media":false,"distributor_original_site_name":"Serbiantimes.info EN","distributor_original_site_url":"https:\/\/serbiantimes.info\/en","push-errors":false,"_links":{"self":[{"href":"https:\/\/serbiantimes.info\/en\/wp-json\/wp\/v2\/posts\/171814","targetHints":{"allow":["GET"]}}],"collection":[{"href":"https:\/\/serbiantimes.info\/en\/wp-json\/wp\/v2\/posts"}],"about":[{"href":"https:\/\/serbiantimes.info\/en\/wp-json\/wp\/v2\/types\/post"}],"author":[{"embeddable":true,"href":"https:\/\/serbiantimes.info\/en\/wp-json\/wp\/v2\/users\/2169"}],"replies":[{"embeddable":true,"href":"https:\/\/serbiantimes.info\/en\/wp-json\/wp\/v2\/comments?post=171814"}],"version-history":[{"count":2,"href":"https:\/\/serbiantimes.info\/en\/wp-json\/wp\/v2\/posts\/171814\/revisions"}],"predecessor-version":[{"id":171852,"href":"https:\/\/serbiantimes.info\/en\/wp-json\/wp\/v2\/posts\/171814\/revisions\/171852"}],"wp:featuredmedia":[{"embeddable":true,"href":"https:\/\/serbiantimes.info\/en\/wp-json\/wp\/v2\/media\/171815"}],"wp:attachment":[{"href":"https:\/\/serbiantimes.info\/en\/wp-json\/wp\/v2\/media?parent=171814"}],"wp:term":[{"taxonomy":"category","embeddable":true,"href":"https:\/\/serbiantimes.info\/en\/wp-json\/wp\/v2\/categories?post=171814"},{"taxonomy":"post_tag","embeddable":true,"href":"https:\/\/serbiantimes.info\/en\/wp-json\/wp\/v2\/tags?post=171814"}],"curies":[{"name":"wp","href":"https:\/\/api.w.org\/{rel}","templated":true}]}}