{"id":171810,"date":"2025-03-19T18:14:33","date_gmt":"2025-03-19T16:14:33","guid":{"rendered":"https:\/\/serbiantimes.info\/en\/?p=171810"},"modified":"2025-03-19T18:14:34","modified_gmt":"2025-03-19T16:14:34","slug":"30-day-deadline-for-the-election-of-a-new-government-serbian-assembly-acknowledged-the-resignation-of-milos-vucevic","status":"publish","type":"post","link":"https:\/\/serbiantimes.info\/en\/30-day-deadline-for-the-election-of-a-new-government-serbian-assembly-acknowledged-the-resignation-of-milos-vucevic\/","title":{"rendered":"30-DAY DEADLINE FOR THE ELECTION OF A NEW GOVERNMENT: Serbian Assembly acknowledged the resignation of Milo\u0161 Vu\u010devi\u0107!"},"content":{"rendered":"\n<p>The Serbian Assembly today acknowledged the resignation of Serbian Prime Minister Milo\u0161 Vu\u010devi\u0107.<\/p>\n\n\n\n<p>Vu\u010devi\u0107 submitted his irrevocable resignation on January 28, after the attack on students in blockade in Novi Sad.<\/p>\n\n\n\n<p>By acknowledging the resignation of the Prime Minister, the government becomes technical, and a 30-day deadline begins for the election of a new government.<\/p>\n\n\n\n<h4 class=\"wp-block-heading\"><mark style=\"background-color:#FFFFFF;color:#d21414\" class=\"has-inline-color\">FIND OUT MORE IN ENGLISH:<\/mark><\/h4>\n\n\n\n<iframe loading=\"lazy\" src=\"https:\/\/www.facebook.com\/plugins\/post.php?href=https%3A%2F%2Fwww.facebook.com%2Fserbiantimes%2Fposts%2Fpfbid02Dz6ZPvtdX9yRPYCuRwLNVbRKiveMcTGRCxjynL4dtJfAMS4Pwa1zWbPXRWsGDdpvl&#038;show_text=true&#038;width=500\" width=\"500\" height=\"558\" style=\"border:none;overflow:hidden\" scrolling=\"no\" frameborder=\"0\" allowfullscreen=\"true\" allow=\"autoplay; clipboard-write; encrypted-media; picture-in-picture; web-share\"><\/iframe>\n\n\n\n<p>If a new government is not elected within 30 days, parliamentary elections are held.<\/p>\n\n\n\n<p>The government of Milo\u0161 Vu\u010devi\u0107 was elected at a session held on May 2, 2024.<\/p>\n\n\n\n<h4 class=\"wp-block-heading\"><mark style=\"background-color:#FFFFFF;color:#d21414\" class=\"has-inline-color\">MORE TOPICS:<\/mark><\/h4>\n\n\n\n<p><strong><a href=\"https:\/\/serbiantimes.info\/en\/brutal-and-illegal-use-of-force-students-demand-responsibility-for-the-use-of-a-sound-cannon-at-the-protest\/\" target=\"_blank\" rel=\"noopener\" title=\"\">\u201cBRUTAL AND ILLEGAL USE OF FORCE\u201d: Students demand responsibility for the use of a sound cannon at the protest!<\/a><\/strong><\/p>\n\n\n\n<p><strong><a href=\"https:\/\/serbiantimes.info\/en\/transferred-by-the-serbian-army-twelve-injured-in-the-kocani-fire-arrive-in-belgrade-for-treatment\/\" target=\"_blank\" rel=\"noopener\" title=\"\">TRANSFERRED BY THE SERBIAN ARMY: Twelve injured in the Ko\u010dani fire arrive in Belgrade for treatment!<\/a><\/strong><\/p>\n\n\n\n<p><strong><a href=\"https:\/\/serbiantimes.info\/en\/lest-we-forget-the-march-pogrom-in-kosovo-was-deadly-for-many-serbs-while-thousands-got-expelled\/\" target=\"_blank\" rel=\"noopener\" title=\"\">LEST WE FORGET: The March pogrom in Kosovo was deadly for many Serbs, while thousands got expelled!<\/a><\/strong><\/p>\n\n\n\n<p><strong><a href=\"https:\/\/serbiantimes.info\/en\/german-journalist-on-the-sound-cannon-at-the-protest-for-about-half-an-hour-i-felt-dizzy-and-inner-unrest\/\" target=\"_blank\" rel=\"noopener\" title=\"\">GERMAN JOURNALIST ON THE SOUND CANNON AT THE PROTEST: For about half an hour I felt dizzy and inner unrest!<\/a><\/strong><\/p>\n\n\n\n<p><strong><a href=\"https:\/\/serbiantimes.info\/en\/due-to-the-unprecedented-tragedy-in-kocani-north-macedonia-declares-seven-days-of-mourning\/\" target=\"_blank\" rel=\"noopener\" title=\"\">DUE TO THE UNPRECEDENTED TRAGEDY IN KO\u010cANI: North Macedonia declares seven days of mourning!<\/a><\/strong><\/p>\n\n\n\n<p><strong>Source<\/strong>: N1, <strong>Foto<\/strong>: AFP<\/p>\n","protected":false},"excerpt":{"rendered":"<p>The Serbian Assembly today acknowledged the resignation of Serbian Prime Minister Milo\u0161 Vu\u010devi\u0107. Vu\u010devi\u0107 submitted his irrevocable resignation on January 28, after the attack on students in blockade in Novi Sad. By acknowledging the resignation of the Prime Minister, the government becomes technical, and a 30-day deadline begins for the election of a new government. [&hellip;]<\/p>\n","protected":false},"author":2169,"featured_media":171811,"comment_status":"open","ping_status":"open","sticky":false,"template":"","format":"standard","meta":{"newspack_featured_image_position":"","newspack_post_subtitle":"","newspack_article_summary_title":"Overview:","newspack_article_summary":"","newspack_hide_updated_date":false,"newspack_show_updated_date":false,"footnotes":""},"categories":[7],"tags":[856,2168,876,3424,2169,1241,2609,113,644],"class_list":["post-171810","post","type-post","status-publish","format-standard","has-post-thumbnail","hentry","category-serbia","tag-aleksandar-vucic","tag-ostavka","tag-politika","tag-premijer","tag-premijer-srbije","tag-skupstina-srbije","tag-sns","tag-srbija","tag-vlada-srbije","entry"],"aioseo_notices":[],"distributor_meta":false,"distributor_terms":false,"distributor_media":false,"distributor_original_site_name":"Serbiantimes.info EN","distributor_original_site_url":"https:\/\/serbiantimes.info\/en","push-errors":false,"_links":{"self":[{"href":"https:\/\/serbiantimes.info\/en\/wp-json\/wp\/v2\/posts\/171810","targetHints":{"allow":["GET"]}}],"collection":[{"href":"https:\/\/serbiantimes.info\/en\/wp-json\/wp\/v2\/posts"}],"about":[{"href":"https:\/\/serbiantimes.info\/en\/wp-json\/wp\/v2\/types\/post"}],"author":[{"embeddable":true,"href":"https:\/\/serbiantimes.info\/en\/wp-json\/wp\/v2\/users\/2169"}],"replies":[{"embeddable":true,"href":"https:\/\/serbiantimes.info\/en\/wp-json\/wp\/v2\/comments?post=171810"}],"version-history":[{"count":2,"href":"https:\/\/serbiantimes.info\/en\/wp-json\/wp\/v2\/posts\/171810\/revisions"}],"predecessor-version":[{"id":171853,"href":"https:\/\/serbiantimes.info\/en\/wp-json\/wp\/v2\/posts\/171810\/revisions\/171853"}],"wp:featuredmedia":[{"embeddable":true,"href":"https:\/\/serbiantimes.info\/en\/wp-json\/wp\/v2\/media\/171811"}],"wp:attachment":[{"href":"https:\/\/serbiantimes.info\/en\/wp-json\/wp\/v2\/media?parent=171810"}],"wp:term":[{"taxonomy":"category","embeddable":true,"href":"https:\/\/serbiantimes.info\/en\/wp-json\/wp\/v2\/categories?post=171810"},{"taxonomy":"post_tag","embeddable":true,"href":"https:\/\/serbiantimes.info\/en\/wp-json\/wp\/v2\/tags?post=171810"}],"curies":[{"name":"wp","href":"https:\/\/api.w.org\/{rel}","templated":true}]}}