{"id":171073,"date":"2025-03-15T16:36:06","date_gmt":"2025-03-15T14:36:06","guid":{"rendered":"https:\/\/serbiantimes.info\/en\/?p=171073"},"modified":"2025-03-15T16:36:07","modified_gmt":"2025-03-15T14:36:07","slug":"diaspora-pumps-support-for-students-protests-in-over-30-cities-worldwide-this-weekend","status":"publish","type":"post","link":"https:\/\/serbiantimes.info\/en\/diaspora-pumps-support-for-students-protests-in-over-30-cities-worldwide-this-weekend\/","title":{"rendered":"DIASPORA &#8220;PUMPS&#8221; SUPPORT FOR STUDENTS: Protests in Over 30 Cities Worldwide This Weekend!"},"content":{"rendered":"\n<p><strong><em>Dr\u017eavljani Srbije \u0161irom sveta okupi\u0107e se 15. i 16. marta u vi\u0161e od 30 gradova \u0161irom sveta kako bi sa svojim prijateljima u dr\u017eavama u kojima \u017eive i rade pokazali podr\u0161ku dijaspore studentima i globalnu solidarnost sa studentskim pokretom u <a href=\"https:\/\/serbiantimes.info\/category\/srbija\/\" target=\"_blank\" rel=\"noopener\" title=\"\">Srbiji<\/a>.<\/em><\/strong><\/p>\n\n\n\n<p>\u201eOvo \u0107e biti najSerbian citizens around the world will gather on March 15 and 16 in more than 30 cities to show the diaspora&#8217;s support for students and global solidarity with the student movement in Serbia, together with their friends in the countries where they live and work.<\/p>\n\n\n\n<p>&#8220;This will be the largest protest of Serbian diaspora support to date\u2014stretching from Europe to Qatar, Australia, and New Zealand,&#8221; the organizers stated, as reported by FoNet.<\/p>\n\n\n\n<p>On March 15 and 16, participants will gather in public spaces and observe 15 minutes of silence to honor the victims of the November 1 tragedy in Novi Sad last year.<\/p>\n\n\n\n<p>&#8220;The goal is for Serbian citizens living abroad to also contribute to the mass rally scheduled for March 15 in Belgrade. After these gatherings, a joint video featuring footage from all cities will be created and publicly released for media distribution,&#8221; the organizers announced.<\/p>\n\n\n\n<h4 class=\"wp-block-heading\"><mark style=\"background-color:#FFFFFF;color:#d21414\" class=\"has-inline-color\">FIND OUT MORE: <\/mark><\/h4>\n\n\n\n<iframe loading=\"lazy\" src=\"https:\/\/www.facebook.com\/plugins\/post.php?href=https%3A%2F%2Fwww.facebook.com%2Fserbiantimes%2Fposts%2Fpfbid0uuMCH4hBWaomKGdz7JUQA8xeaDnRfZbUCU48mRkajingnP6Ynpd8rkEVPMNEa6qcl&#038;show_text=true&#038;width=500\" width=\"500\" height=\"596\" style=\"border:none;overflow:hidden\" scrolling=\"no\" frameborder=\"0\" allowfullscreen=\"true\" allow=\"autoplay; clipboard-write; encrypted-media; picture-in-picture; web-share\"><\/iframe>\n\n\n\n<p>FoNet received a list of countries where support rallies will take place.<\/p>\n\n\n\n<p>Alphabetically, the listed countries include Australia, Austria, Cyprus, the Czech Republic, France, Germany, Greece, Ireland, Italy, New Zealand, Norway, Portugal, Qatar, Romania, Sweden, Switzerland, Thailand, and the United Kingdom.<\/p>\n\n\n\n<p>The protests are being organized by students and citizens in collaboration with numerous formal and informal groups worldwide, without political symbols or party affiliations, as emphasized in the statement.<\/p>\n\n\n\n<p>As a reminder, the Serbian diaspora in Chicago has announced its eighth rally in support of students in Serbia, which will take place on March 15 in front of the General Consulate of the Republic of Serbia in Chicago, starting at 11:30 AM.<\/p>\n\n\n\n<h4 class=\"wp-block-heading\"><mark style=\"background-color:#FFFFFF;color:#d21414\" class=\"has-inline-color\">MORE TOPICS:<\/mark><\/h4>\n\n\n\n<p><strong><a href=\"https:\/\/serbiantimes.info\/en\/burna-proslost-antickog-beograda-evo-kako-je-izgledao-drevni-singidunum-foto\/\" target=\"_blank\" rel=\"noopener\" title=\"\">BELGRADE, CAPITAL OF A TUMULTUOUS PAST: Here\u2019s what ancient Singidunum looked like and why it was so important! (PHOTO)<\/a><\/strong><\/p>\n\n\n\n<p><strong><a href=\"https:\/\/serbiantimes.info\/en\/love-and-betrayal-led-him-to-the-blue-tomb-the-tragic-end-of-vladislav-petkovic-dis\/\" target=\"_blank\" rel=\"noopener\" title=\"\">LOVE AND BETRAYAL LED HIM TO THE BLUE TOMB: The tragic end of Vladislav Petkovi\u0107 Dis!<\/a><\/strong><\/p>\n\n\n\n<p><strong><a href=\"https:\/\/serbiantimes.info\/en\/the-secret-life-of-bobby-fischer-in-serbia-hotel-staff-reveals-the-bizarre-habits-of-the-chess-genius-photo\/\" target=\"_blank\" rel=\"noopener\" title=\"\">THE SECRET LIFE OF BOBBY FISCHER IN SERBIA: Hotel staff reveals the bizarre habits of the chess genius! (PHOTO)<\/a><\/strong><\/p>\n\n\n\n<p><strong>Source<\/strong><strong>: <\/strong>Danas.rs, <strong>Foto:<\/strong> Danas.rs<\/p>\n","protected":false},"excerpt":{"rendered":"<p>Dr\u017eavljani Srbije \u0161irom sveta okupi\u0107e se 15. i 16. marta u vi\u0161e od 30 gradova \u0161irom sveta kako bi sa svojim prijateljima u dr\u017eavama u kojima \u017eive i rade pokazali podr\u0161ku dijaspore studentima i globalnu solidarnost sa studentskim pokretom u Srbiji. \u201eOvo \u0107e biti najSerbian citizens around the world will gather on March 15 and [&hellip;]<\/p>\n","protected":false},"author":2169,"featured_media":171074,"comment_status":"open","ping_status":"open","sticky":false,"template":"","format":"standard","meta":{"newspack_featured_image_position":"","newspack_post_subtitle":"","newspack_article_summary_title":"Overview:","newspack_article_summary":"","newspack_hide_updated_date":false,"newspack_show_updated_date":false,"footnotes":""},"categories":[5],"tags":[71,1426,841,674,113,295,2490],"class_list":["post-171073","post","type-post","status-publish","format-standard","has-post-thumbnail","hentry","category-diaspora","tag-amerika","tag-australija","tag-evropa","tag-protesti","tag-srbija","tag-srpska-dijaspora","tag-studenti","entry"],"aioseo_notices":[],"distributor_meta":false,"distributor_terms":false,"distributor_media":false,"distributor_original_site_name":"Serbiantimes.info EN","distributor_original_site_url":"https:\/\/serbiantimes.info\/en","push-errors":false,"_links":{"self":[{"href":"https:\/\/serbiantimes.info\/en\/wp-json\/wp\/v2\/posts\/171073","targetHints":{"allow":["GET"]}}],"collection":[{"href":"https:\/\/serbiantimes.info\/en\/wp-json\/wp\/v2\/posts"}],"about":[{"href":"https:\/\/serbiantimes.info\/en\/wp-json\/wp\/v2\/types\/post"}],"author":[{"embeddable":true,"href":"https:\/\/serbiantimes.info\/en\/wp-json\/wp\/v2\/users\/2169"}],"replies":[{"embeddable":true,"href":"https:\/\/serbiantimes.info\/en\/wp-json\/wp\/v2\/comments?post=171073"}],"version-history":[{"count":3,"href":"https:\/\/serbiantimes.info\/en\/wp-json\/wp\/v2\/posts\/171073\/revisions"}],"predecessor-version":[{"id":171110,"href":"https:\/\/serbiantimes.info\/en\/wp-json\/wp\/v2\/posts\/171073\/revisions\/171110"}],"wp:featuredmedia":[{"embeddable":true,"href":"https:\/\/serbiantimes.info\/en\/wp-json\/wp\/v2\/media\/171074"}],"wp:attachment":[{"href":"https:\/\/serbiantimes.info\/en\/wp-json\/wp\/v2\/media?parent=171073"}],"wp:term":[{"taxonomy":"category","embeddable":true,"href":"https:\/\/serbiantimes.info\/en\/wp-json\/wp\/v2\/categories?post=171073"},{"taxonomy":"post_tag","embeddable":true,"href":"https:\/\/serbiantimes.info\/en\/wp-json\/wp\/v2\/tags?post=171073"}],"curies":[{"name":"wp","href":"https:\/\/api.w.org\/{rel}","templated":true}]}}