{"id":170406,"date":"2025-03-12T13:00:00","date_gmt":"2025-03-12T11:00:00","guid":{"rendered":"https:\/\/serbiantimes.info\/en\/?p=170406"},"modified":"2025-03-12T16:51:17","modified_gmt":"2025-03-12T14:51:17","slug":"madness-in-bosnia-order-issued-for-the-arrest-of-milorad-dodik-the-prosecutors-office-requested-sipa-assistance","status":"publish","type":"post","link":"https:\/\/serbiantimes.info\/en\/madness-in-bosnia-order-issued-for-the-arrest-of-milorad-dodik-the-prosecutors-office-requested-sipa-assistance\/","title":{"rendered":"MADNESS IN BOSNIA: Order issued for the arrest of Milorad Dodik, the prosecutor&#8217;s office requested &#8220;SIPA assistance&#8221;!"},"content":{"rendered":"\n<p><strong><em>The BiH Prosecutor&#8217;s Office, whose activities are prohibited in Republika Srpska, has issued an order to the judicial police for the arrest of the President of Republika Srpska <a href=\"https:\/\/serbiantimes.info\/en\/tag\/milorad-dodik\/\" target=\"_blank\" rel=\"noopener\" title=\"\">Milorad Dodik<\/a>, Prime Minister Radovan Vi\u0161kovi\u0107 and President of the National Assembly of Republika Srpska Nenad Stevandi\u0107, RTRS was confirmed from the cabinet of the Prime Minister of the Government of Republika Srpska.<\/em><\/strong><\/p>\n\n\n\n<p>The order was issued by prosecutor \u0106azim Hasanspahi\u0107, and the unconstitutional Prosecutor&#8217;s Office charges them with committing the criminal offense of &#8220;attack on the constitutional order&#8221;.<\/p>\n\n\n\n<p>The State Investigation and Protection Agency (SIPA) received an order from the Judicial Police to assist in the arrest of the President of Republika Srpska Milorad Dodik, Euronews.ba reports.<\/p>\n\n\n\n<p>Assistance is requested in the arrest of Dodik, as well as his associates Radovan Vi\u0161kovi\u0107, RS Prime Minister, and Nenad Stevandi\u0107, RS National Assembly Speaker.<\/p>\n\n\n\n<p>SIPA also has a ban on operating in Republika Srpska, Tanjug reports.<\/p>\n\n\n\n<p>The process is managed by the Prosecutor&#8217;s Office of Bosnia and Herzegovina, which is investigating the criminal offense of attack on the constitutional order.<\/p>\n\n\n\n<h4 class=\"wp-block-heading\"><mark style=\"background-color:#FFFFFF;color:#d21414\" class=\"has-inline-color\">FIND OUT MORE:<\/mark><\/h4>\n\n\n\n<iframe loading=\"lazy\" src=\"https:\/\/www.facebook.com\/plugins\/post.php?href=https%3A%2F%2Fwww.facebook.com%2Fserbiantimes%2Fposts%2Fpfbid02TxDJgy7omZeF5RDjvuDabH9xackPuNMunp9yB9RH4LgZSHhGhMKp8wjTq854JW7cl&#038;show_text=true&#038;width=500\" width=\"500\" height=\"250\" style=\"border:none;overflow:hidden\" scrolling=\"no\" frameborder=\"0\" allowfullscreen=\"true\" allow=\"autoplay; clipboard-write; encrypted-media; picture-in-picture; web-share\"><\/iframe>\n\n\n\n<p>The BiH Prosecutor&#8217;s Office previously sent a summons for Dodik to be questioned as a suspect for attacking the constitutional order.<\/p>\n\n\n\n<p>The RS president previously said that he would not respond to the summons for questioning.<\/p>\n\n\n\n<p>The RS National Assembly adopted four laws, and Dodik then signed decrees on their proclamation.<\/p>\n\n\n\n<p>These are the Law on the Non-Application of Laws and the Prohibition of the Activities of Unconstitutional Institutions of BiH, the Law on the High Judicial and Prosecutorial Council of Republika Srpska, the Law on Amendments to the Criminal Code of Republika Srpska and the Law on the Special Register and Public Access to the Work of Non-Profit Organizations.<\/p>\n\n\n\n<p>These laws, among other things, prohibit the activities of the Court and Prosecutor&#8217;s Office of BiH, SIPA and VSTS BiH in the territory of RS.<\/p>\n\n\n\n<p>The Constitutional Court of BiH has temporarily suspended these laws.<\/p>\n\n\n\n<h4 class=\"wp-block-heading\"><mark style=\"background-color:#FFFFFF;color:#d21414\" class=\"has-inline-color\">MORE TOPICS:<\/mark><\/h4>\n\n\n\n<p><strong><a href=\"https:\/\/serbiantimes.info\/en\/gideon-greif-to-serbs-in-america-we-must-act-against-revisions-of-history-and-the-minimization-of-serbian-victims-in-wwii-croatia-video\/\" target=\"_blank\" rel=\"noopener\" title=\"\">GIDEON GREIF TO SERBS IN AMERICA: We must act against revisions of history and the minimization of Serbian victims in WWII Croatia! (VIDEO)<\/a><\/strong><\/p>\n\n\n\n<p><strong><a href=\"https:\/\/serbiantimes.info\/en\/journalist-that-caused-the-rts-blockade-i-did-not-call-students-a-mob-i-apologize-to-the-public\/\" target=\"_blank\" rel=\"noopener\" title=\"\">JOURNALIST THAT CAUSED THE RTS BLOCKADE: \u201cI did not call students a mob, I apologize to the public\u201d<\/a><\/strong><\/p>\n\n\n\n<p><strong><a href=\"https:\/\/serbiantimes.info\/en\/assassination-that-changed-serbia-forever-22-years-since-the-murder-of-zoran-dindic\/\" target=\"_blank\" rel=\"noopener\" title=\"\">ASSASSINATION THAT CHANGED SERBIA FOREVER: 22 years since the murder of Zoran \u0110in\u0111i\u0107!<\/a><\/strong><\/p>\n\n\n\n<p><strong><a href=\"https:\/\/serbiantimes.info\/en\/the-second-vojvoda-in-serbian-history-stepa-stepanovic-dedicated-his-whole-life-to-the-homeland-and-refused-a-pension-because-it-was-too-big\/\" target=\"_blank\" rel=\"noopener\" title=\"\">THE SECOND VOJVODA IN SERBIAN HISTORY: Stepa Stepanovi\u0107 dedicated his whole life to the homeland, and refused a pension because it was \u201ctoo big\u201d!<\/a><\/strong><\/p>\n\n\n\n<p><strong><a href=\"https:\/\/serbiantimes.info\/en\/love-and-betrayal-led-him-to-the-blue-tomb-the-tragic-end-of-vladislav-petkovic-dis\/\" target=\"_blank\" rel=\"noopener\" title=\"\">LOVE AND BETRAYAL LED HIM TO THE BLUE TOMB: The tragic end of Vladislav Petkovi\u0107 Dis!<\/a><\/strong><\/p>\n\n\n\n<p><strong>Source<\/strong>: Mediji, <strong>Photo<\/strong>: InfoPlus.ba<\/p>\n","protected":false},"excerpt":{"rendered":"<p>The BiH Prosecutor&#8217;s Office, whose activities are prohibited in Republika Srpska, has issued an order to the judicial police for the arrest of the President of Republika Srpska Milorad Dodik, Prime Minister Radovan Vi\u0161kovi\u0107 and President of the National Assembly of Republika Srpska Nenad Stevandi\u0107, RTRS was confirmed from the cabinet of the Prime Minister [&hellip;]<\/p>\n","protected":false},"author":2169,"featured_media":170407,"comment_status":"open","ping_status":"open","sticky":false,"template":"","format":"standard","meta":{"newspack_featured_image_position":"","newspack_post_subtitle":"","newspack_article_summary_title":"Overview:","newspack_article_summary":"","newspack_hide_updated_date":false,"newspack_show_updated_date":false,"footnotes":""},"categories":[8],"tags":[309,341,1617,218,5548,5429,1171,592,5549],"class_list":["post-170406","post","type-post","status-publish","format-standard","has-post-thumbnail","hentry","category-balkan","tag-bih","tag-bosna-i-hercegovina","tag-hapsenje","tag-milorad-dodik","tag-nalog-za-hapsenje","tag-nenad-stevandic","tag-predsednik-republike-srpske","tag-republika-srpska","tag-sipa","entry"],"aioseo_notices":[],"distributor_meta":false,"distributor_terms":false,"distributor_media":false,"distributor_original_site_name":"Serbiantimes.info EN","distributor_original_site_url":"https:\/\/serbiantimes.info\/en","push-errors":false,"_links":{"self":[{"href":"https:\/\/serbiantimes.info\/en\/wp-json\/wp\/v2\/posts\/170406","targetHints":{"allow":["GET"]}}],"collection":[{"href":"https:\/\/serbiantimes.info\/en\/wp-json\/wp\/v2\/posts"}],"about":[{"href":"https:\/\/serbiantimes.info\/en\/wp-json\/wp\/v2\/types\/post"}],"author":[{"embeddable":true,"href":"https:\/\/serbiantimes.info\/en\/wp-json\/wp\/v2\/users\/2169"}],"replies":[{"embeddable":true,"href":"https:\/\/serbiantimes.info\/en\/wp-json\/wp\/v2\/comments?post=170406"}],"version-history":[{"count":1,"href":"https:\/\/serbiantimes.info\/en\/wp-json\/wp\/v2\/posts\/170406\/revisions"}],"predecessor-version":[{"id":170436,"href":"https:\/\/serbiantimes.info\/en\/wp-json\/wp\/v2\/posts\/170406\/revisions\/170436"}],"wp:featuredmedia":[{"embeddable":true,"href":"https:\/\/serbiantimes.info\/en\/wp-json\/wp\/v2\/media\/170407"}],"wp:attachment":[{"href":"https:\/\/serbiantimes.info\/en\/wp-json\/wp\/v2\/media?parent=170406"}],"wp:term":[{"taxonomy":"category","embeddable":true,"href":"https:\/\/serbiantimes.info\/en\/wp-json\/wp\/v2\/categories?post=170406"},{"taxonomy":"post_tag","embeddable":true,"href":"https:\/\/serbiantimes.info\/en\/wp-json\/wp\/v2\/tags?post=170406"}],"curies":[{"name":"wp","href":"https:\/\/api.w.org\/{rel}","templated":true}]}}