{"id":170268,"date":"2025-03-11T14:00:00","date_gmt":"2025-03-11T12:00:00","guid":{"rendered":"https:\/\/serbiantimes.info\/en\/?p=170268"},"modified":"2025-03-11T16:32:41","modified_gmt":"2025-03-11T14:32:41","slug":"gideon-greif-to-serbs-in-america-we-must-act-against-revisions-of-history-and-the-minimization-of-serbian-victims-in-wwii-croatia-video","status":"publish","type":"post","link":"https:\/\/serbiantimes.info\/en\/gideon-greif-to-serbs-in-america-we-must-act-against-revisions-of-history-and-the-minimization-of-serbian-victims-in-wwii-croatia-video\/","title":{"rendered":"GIDEON GREIF TO SERBS IN AMERICA: We must act against revisions of history and the minimization of Serbian victims in WWII Croatia! (VIDEO)"},"content":{"rendered":"\n<p><strong><em>The renowned Israeli historian and leading expert on the Auschwitz and Jasenovac concentration camps, who is currently on a tour of the United States giving lectures, gave an interview to Serbian Times in collaboration with the Serb Association of Texas, in which he spoke about the dangers of historical revisionism regarding the number of Serbian victims in death camps in the Nazi Independent State of Croatia (NDH).<\/em><\/strong><\/p>\n\n\n\n<p>The world&#8217;s leading expert on the Auschwitz concentration camp, and someone who has dealt with the crimes of the Ustasha in the NDH for years and wrote the book &#8220;Jasenovac, Auschwitz of the Balkans,&#8221; will hold several lectures during March.<\/p>\n\n\n\n<p class=\"wp-embed-aspect-16-9 wp-has-aspect-ratio\"><em>Grajf will give a <strong>lecture titled &#8220;The Truth about Jasenovac&#8221; organized by Serbian Times<\/strong>, and under the auspices of the Serbian American PAC, first on March 14 at St. Sava Church in Milwaukee, the next day on March 15 at St. Nicholas Church in Lyons, and the day after that, on March 16, he will speak at the Church of the Holy Resurrection on Redwood Drive in Chicago, and the following weekend, organized by the Serb Association of Texas, on March 21 and 22, he will speak in Houston (Friday: 12 PM Holocaust Museum Houston; Saturday: 6PM Hotel Westchase).<\/em><\/p>\n\n\n\n<figure class=\"wp-block-image size-large\"><img decoding=\"async\" src=\"https:\/\/serbiantimes.info\/wp-content\/uploads\/2025\/03\/Gideon-Instagram-Post-1080x1080-2-1024x1024.jpg\" alt=\"\" class=\"wp-image-175274\"\/><\/figure>\n\n\n\n<p>In this interview, Grajf spoke about the main topics that are also on the program of his lectures in America.<\/p>\n\n\n\n<p><strong>Listen to what he said:<\/strong><\/p>\n\n\n\n<figure class=\"wp-block-embed is-type-video is-provider-youtube wp-block-embed-youtube wp-embed-aspect-16-9 wp-has-aspect-ratio\"><div class=\"wp-block-embed__wrapper\">\n<iframe loading=\"lazy\" title=\"Gideon Greif in America: The Truth About Jasenovac\" width=\"500\" height=\"281\" src=\"https:\/\/www.youtube.com\/embed\/zChRpCyN-0A?feature=oembed\" frameborder=\"0\" allow=\"accelerometer; autoplay; clipboard-write; encrypted-media; gyroscope; picture-in-picture; web-share\" referrerpolicy=\"strict-origin-when-cross-origin\" allowfullscreen><\/iframe>\n<\/div><\/figure>\n\n\n\n<h4 class=\"wp-block-heading\"><mark style=\"background-color:#FFFFFF;color:#d21414\" class=\"has-inline-color\">MORE TOPICS:<\/mark><\/h4>\n\n\n\n<p><strong><a href=\"https:\/\/serbiantimes.info\/en\/injured-by-riot-police-not-students-vucic-claims-that-bacic-was-attacked-by-bolshevik-plenarists-but-the-video-shows-otherwise-video\/\" target=\"_blank\" rel=\"noopener\" title=\"\">INJURED BY RIOT POLICE, NOT STUDENTS: Vu\u010di\u0107 claims that Ba\u0107i\u0107 was \u201cattacked by Bolshevik plenarists\u201d, but the video shows otherwise! (VIDEO)<\/a><\/strong><\/p>\n\n\n\n<p><strong><a href=\"https:\/\/serbiantimes.info\/en\/this-is-how-it-all-started-rts-journalist-called-students-and-citizens-a-mob-causing-the-blockade-video\/\" target=\"_blank\" rel=\"noopener\" title=\"\">THIS IS HOW IT ALL STARTED: RTS journalist called students and citizens \u201ca mob\u201d, causing the blockade! (VIDEO)<\/a><\/strong><\/p>\n\n\n\n<p><strong><a href=\"https:\/\/serbiantimes.info\/en\/uzivo-traje-studentska-blokada-rts-zandarmerija-tukla-studente-ovi-porucili-nazvani-smo-ruljom-ne-povlacimo-se-do-oslobodjenja-video\/\" target=\"_blank\" rel=\"noopener\" title=\"\">RTS BLOCKADE CONTINUES ALL NIGHT: Students determined not to retreat despite clashes with polive!\u201d (VIDEO)<\/a><\/strong><\/p>\n\n\n\n<p><strong><a href=\"https:\/\/serbiantimes.info\/en\/the-state-provides-assistance-to-mothers-afro-serbian-patricia-reveals-what-its-like-to-be-pregnant-in-serbia-video\/\" target=\"_blank\" rel=\"noopener\" title=\"\">\u201cTHE STATE PROVIDES ASSISTANCE TO MOTHERS\u201d: \u201cAfro-serbian\u201d Patricia reveals what it\u2019s like to be pregnant in Serbia! (VIDEO)<\/a><\/strong><\/p>\n\n\n\n<p><strong><a href=\"https:\/\/serbiantimes.info\/en\/jokic-strikes-back-very-mportant-victory-for-the-nuggets-against-a-big-rival-nikola-shows-sga-who-the-real-mvp-is-video\/\" target=\"_blank\" rel=\"noopener\" title=\"\">JOKI\u0106 STRIKES BACK: Very mportant victory for the Nuggets against a big rival, Nikola shows SGA who the real MVP is! (VIDEO)<\/a><\/strong><\/p>\n\n\n\n<p><strong>Source<\/strong>: Serbian Times, <strong>Photo<\/strong>: EPA \/ Frisco Gentsch<\/p>\n","protected":false},"excerpt":{"rendered":"<p>The renowned Israeli historian and leading expert on the Auschwitz and Jasenovac concentration camps, who is currently on a tour of the United States giving lectures, gave an interview to Serbian Times in collaboration with the Serb Association of Texas, in which he spoke about the dangers of historical revisionism regarding the number of Serbian [&hellip;]<\/p>\n","protected":false},"author":2169,"featured_media":170270,"comment_status":"open","ping_status":"open","sticky":false,"template":"","format":"standard","meta":{"newspack_featured_image_position":"","newspack_post_subtitle":"","newspack_article_summary_title":"Overview:","newspack_article_summary":"","newspack_hide_updated_date":false,"newspack_show_updated_date":false,"footnotes":""},"categories":[5],"tags":[71,137,1437,3218,5540,561,554,3219,3221,23,825,3222,292,294,113,295,15,2041],"class_list":["post-170268","post","type-post","status-publish","format-standard","has-post-thumbnail","hentry","category-diaspora","tag-amerika","tag-croatia","tag-drugi-svetski-rat","tag-genocid-nad-srbima-u-ndh","tag-genocide-against-the-serbs","tag-history-of-serbia","tag-istorija-srbije","tag-jasenovac","tag-nezavisna-drzava-hrvatska","tag-sad","tag-srbi-u-americi","tag-srbi-u-hrvatskoj","tag-srbi-u-inostranstvu","tag-srbi-u-svetu","tag-srbija","tag-srpska-dijaspora","tag-video","tag-wwii","entry"],"aioseo_notices":[],"distributor_meta":false,"distributor_terms":false,"distributor_media":false,"distributor_original_site_name":"Serbiantimes.info EN","distributor_original_site_url":"https:\/\/serbiantimes.info\/en","push-errors":false,"_links":{"self":[{"href":"https:\/\/serbiantimes.info\/en\/wp-json\/wp\/v2\/posts\/170268","targetHints":{"allow":["GET"]}}],"collection":[{"href":"https:\/\/serbiantimes.info\/en\/wp-json\/wp\/v2\/posts"}],"about":[{"href":"https:\/\/serbiantimes.info\/en\/wp-json\/wp\/v2\/types\/post"}],"author":[{"embeddable":true,"href":"https:\/\/serbiantimes.info\/en\/wp-json\/wp\/v2\/users\/2169"}],"replies":[{"embeddable":true,"href":"https:\/\/serbiantimes.info\/en\/wp-json\/wp\/v2\/comments?post=170268"}],"version-history":[{"count":1,"href":"https:\/\/serbiantimes.info\/en\/wp-json\/wp\/v2\/posts\/170268\/revisions"}],"predecessor-version":[{"id":170281,"href":"https:\/\/serbiantimes.info\/en\/wp-json\/wp\/v2\/posts\/170268\/revisions\/170281"}],"wp:featuredmedia":[{"embeddable":true,"href":"https:\/\/serbiantimes.info\/en\/wp-json\/wp\/v2\/media\/170270"}],"wp:attachment":[{"href":"https:\/\/serbiantimes.info\/en\/wp-json\/wp\/v2\/media?parent=170268"}],"wp:term":[{"taxonomy":"category","embeddable":true,"href":"https:\/\/serbiantimes.info\/en\/wp-json\/wp\/v2\/categories?post=170268"},{"taxonomy":"post_tag","embeddable":true,"href":"https:\/\/serbiantimes.info\/en\/wp-json\/wp\/v2\/tags?post=170268"}],"curies":[{"name":"wp","href":"https:\/\/api.w.org\/{rel}","templated":true}]}}