{"id":168356,"date":"2025-03-03T12:02:32","date_gmt":"2025-03-03T10:02:32","guid":{"rendered":"https:\/\/serbiantimes.info\/en\/?p=168356"},"modified":"2025-03-03T12:03:25","modified_gmt":"2025-03-03T10:03:25","slug":"brnabic-denies-vucic-no-counter-rally-or-counter-revolution-in-belgrade-on-march-15","status":"publish","type":"post","link":"https:\/\/serbiantimes.info\/en\/brnabic-denies-vucic-no-counter-rally-or-counter-revolution-in-belgrade-on-march-15\/","title":{"rendered":"BRNABI\u0106 DENIES VU\u010cI\u0106: No counter-rally or &#8220;counter-revolution&#8221; in Belgrade on March 15!"},"content":{"rendered":"\n<p>The <strong>President of the Serbian Parliament<\/strong> stated that there will be <strong>no large gathering organized by the government on March 15 in Belgrade<\/strong> and that there will be <strong>no counter-rally<\/strong>.<\/p>\n\n\n\n<p>&#8220;March 14, 15, and 16 are working days for us, the <strong>parliament will be in session discussing the situation in Republika Srpska<\/strong>, and I will invite <strong>Republika Srpska President Milorad Dodik<\/strong> as well. So if anyone wants to occupy institutions, they should remember at what moment they are choosing to do so for Serbia,&#8221; <strong>Brnabi\u0107 said on Pink TV<\/strong>.<\/p>\n\n\n\n<p>She expressed hope that the <strong>majority of students would distance themselves from ideas of storming the parliament<\/strong>.<\/p>\n\n\n\n<h4 class=\"wp-block-heading\"><mark style=\"background-color:#FFFFFF;color:#d21414\" class=\"has-inline-color\">FIND OUT MORE:<\/mark><\/h4>\n\n\n\n<iframe loading=\"lazy\" src=\"https:\/\/www.facebook.com\/plugins\/post.php?href=https%3A%2F%2Fwww.facebook.com%2Fserbiantimes%2Fposts%2Fpfbid02Cgd6JiJ9YetmXuDMHAgiYnuM3jFr6HRcaYyKiaWfxDUvxW9vFqTnwwzQce1sqhjFl&#038;show_text=true&#038;width=500\" width=\"500\" height=\"250\" style=\"border:none;overflow:hidden\" scrolling=\"no\" frameborder=\"0\" allowfullscreen=\"true\" allow=\"autoplay; clipboard-write; encrypted-media; picture-in-picture; web-share\"><\/iframe>\n\n\n\n<p>Brnabi\u0107 added that while <strong>there will be no gathering on March 15<\/strong>, a <strong>rally of ruling party supporters could be expected at a later date<\/strong>.<\/p>\n\n\n\n<p>To recall, students <strong>announced during protests in Ni\u0161<\/strong> that they would <strong>organize a new major protest in Belgrade on March 15<\/strong>. <strong>President Aleksandar Vu\u010di\u0107<\/strong> responded yesterday by saying that a <strong>&#8220;counter-revolution&#8221; was coming<\/strong> and that he would <strong>call all of Serbia to the capital<\/strong>.<\/p>\n\n\n\n<p>&#8220;We will soon <strong>invite you all to Belgrade<\/strong>. We will <strong>invite everyone, all of Serbia, to show that Serbia is not just a handful of grain that they can devour with ease,&#8221;<\/strong> Vu\u010di\u0107 said yesterday at a <strong>gathering in the &#8220;Bobana Mom\u010dilovi\u0107 Veli\u010dkovi\u0107&#8221; Sports Center in Bor<\/strong>. He concluded his speech with the words: <strong>&#8220;See you soon.&#8221;<\/strong><\/p>\n\n\n\n<h4 class=\"wp-block-heading\"><mark style=\"background-color:#FFFFFF;color:#d21414\" class=\"has-inline-color\">MORE TOPICS:<\/mark><\/h4>\n\n\n\n<p><strong><a href=\"https:\/\/serbiantimes.info\/en\/we-love-serbia-we-want-to-stay-in-it-a-large-number-of-students-from-kosovo-and-metohija-headed-to-nis-video\/\" target=\"_blank\" rel=\"noopener\" title=\"\">\u201cWE LOVE SERBIA, WE WANT TO STAY IN IT\u201d: A large number of students from Kosovo and Metohija headed to Ni\u0161! (VIDEO)<\/a><\/strong><\/p>\n\n\n\n<p><strong><a href=\"https:\/\/serbiantimes.info\/en\/arno-gujon-on-dodiks-verdict-the-decision-of-the-court-of-bih-is-an-attack-on-democracy-but-also-on-the-entire-serbian-people-video\/\" target=\"_blank\" rel=\"noopener\" title=\"\">ARNO GUJON ON DODIK\u2019S VERDICT: The decision of the Court of BiH is an attack on democracy, but also on the entire Serbian people! (VIDEO)<\/a><\/strong><\/p>\n\n\n\n<p><strong><a href=\"https:\/\/serbiantimes.info\/en\/jokic-puts-an-unreal-performance-serbian-records-a-brutal-triple-double-as-he-leads-denver-to-victory-against-detroit-video\/\" target=\"_blank\" rel=\"noopener\" title=\"\">JOKI\u0106 PUTS AN UNREAL PERFORMANCE: Serbian records a brutal triple-double as he leads Denver to victory against Detroit! (VIDEO)<\/a><\/strong><\/p>\n\n\n\n<p><strong><a href=\"https:\/\/serbiantimes.info\/en\/dodik-calms-the-tensions-independence-of-republika-srpska-will-prevail-by-political-means\/\" target=\"_blank\" rel=\"noopener\" title=\"\">DODIK CALMS THE TENSIONS: Independence of Republika Srpska will prevail by political means!<\/a><\/strong><\/p>\n\n\n\n<p><strong><a href=\"https:\/\/serbiantimes.info\/en\/patriot-without-a-drop-of-serbian-blood-stanislav-vinaver-is-proof-that-the-pen-is-mightier-than-the-sword\/\" target=\"_blank\" rel=\"noopener\" title=\"\">PATRIOT WITHOUT A DROP OF SERBIAN BLOOD: Stanislav Vinaver is proof that the pen is mightier than the sword!<\/a><\/strong><\/p>\n\n\n\n<p><strong>Source<\/strong>: Nedeljnik, <strong>Foto<\/strong>: Tanjug \/ Jadranka Ili\u0107<\/p>\n","protected":false},"excerpt":{"rendered":"<p>The President of the Serbian Parliament stated that there will be no large gathering organized by the government on March 15 in Belgrade and that there will be no counter-rally. &#8220;March 14, 15, and 16 are working days for us, the parliament will be in session discussing the situation in Republika Srpska, and I will [&hellip;]<\/p>\n","protected":false},"author":2169,"featured_media":168357,"comment_status":"open","ping_status":"open","sticky":false,"template":"","format":"standard","meta":{"newspack_featured_image_position":"","newspack_post_subtitle":"","newspack_article_summary_title":"Overview:","newspack_article_summary":"","newspack_hide_updated_date":false,"newspack_show_updated_date":false,"footnotes":""},"categories":[7],"tags":[856,4311,253,5373,674,2609,113,4505,3791],"class_list":["post-168356","post","type-post","status-publish","format-standard","has-post-thumbnail","hentry","category-serbia","tag-aleksandar-vucic","tag-ana-brnabic","tag-beograd","tag-kontramiting","tag-protesti","tag-sns","tag-srbija","tag-studentske-blokade","tag-studentski-protesti","entry"],"aioseo_notices":[],"distributor_meta":false,"distributor_terms":false,"distributor_media":false,"distributor_original_site_name":"Serbiantimes.info EN","distributor_original_site_url":"https:\/\/serbiantimes.info\/en","push-errors":false,"_links":{"self":[{"href":"https:\/\/serbiantimes.info\/en\/wp-json\/wp\/v2\/posts\/168356","targetHints":{"allow":["GET"]}}],"collection":[{"href":"https:\/\/serbiantimes.info\/en\/wp-json\/wp\/v2\/posts"}],"about":[{"href":"https:\/\/serbiantimes.info\/en\/wp-json\/wp\/v2\/types\/post"}],"author":[{"embeddable":true,"href":"https:\/\/serbiantimes.info\/en\/wp-json\/wp\/v2\/users\/2169"}],"replies":[{"embeddable":true,"href":"https:\/\/serbiantimes.info\/en\/wp-json\/wp\/v2\/comments?post=168356"}],"version-history":[{"count":2,"href":"https:\/\/serbiantimes.info\/en\/wp-json\/wp\/v2\/posts\/168356\/revisions"}],"predecessor-version":[{"id":168434,"href":"https:\/\/serbiantimes.info\/en\/wp-json\/wp\/v2\/posts\/168356\/revisions\/168434"}],"wp:featuredmedia":[{"embeddable":true,"href":"https:\/\/serbiantimes.info\/en\/wp-json\/wp\/v2\/media\/168357"}],"wp:attachment":[{"href":"https:\/\/serbiantimes.info\/en\/wp-json\/wp\/v2\/media?parent=168356"}],"wp:term":[{"taxonomy":"category","embeddable":true,"href":"https:\/\/serbiantimes.info\/en\/wp-json\/wp\/v2\/categories?post=168356"},{"taxonomy":"post_tag","embeddable":true,"href":"https:\/\/serbiantimes.info\/en\/wp-json\/wp\/v2\/tags?post=168356"}],"curies":[{"name":"wp","href":"https:\/\/api.w.org\/{rel}","templated":true}]}}