{"id":168203,"date":"2025-03-02T15:46:17","date_gmt":"2025-03-02T13:46:17","guid":{"rendered":"https:\/\/serbiantimes.info\/en\/?p=168203"},"modified":"2025-03-02T15:46:17","modified_gmt":"2025-03-02T13:46:17","slug":"this-is-evidence-of-anti-serbian-hysteria-a-doll-of-aleksandar-vucic-set-on-fire-at-a-carnival-in-croatia-video","status":"publish","type":"post","link":"https:\/\/serbiantimes.info\/en\/this-is-evidence-of-anti-serbian-hysteria-a-doll-of-aleksandar-vucic-set-on-fire-at-a-carnival-in-croatia-video\/","title":{"rendered":"&#8220;THIS IS EVIDENCE OF ANTI-SERBIAN HYSTERIA&#8221;: A doll of Aleksandar Vu\u010di\u0107 set on fire at a carnival in Croatia! (VIDEO)"},"content":{"rendered":"\n<p>A doll featuring the likeness of Serbian President Aleksandar Vu\u010di\u0107 was burned during a carnival in Ka\u0161tela, Croatia, prompting reactions from Serbian government members who called for Croatian authorities to identify and punish those responsible.<\/p>\n\n\n\n<p>Justice Minister Maja Popovi\u0107 strongly condemned the burning of the doll with Vu\u010di\u0107&#8217;s image, stating that she expects official Zagreb to condemn the act.<\/p>\n\n\n\n<p>&#8220;I expect the relevant authorities in Croatia to react, and official Zagreb to at least condemn this act. Such incidents can in no way contribute to good neighborly relations, but can only further inflame tensions in the region,&#8221; she said, as reported by her office, according to N1.<\/p>\n\n\n\n<p>Minister Popovi\u0107 emphasized that Serbia is committed to peace and stability in the entire region, and that both the President and the entire government always advocate for this.<\/p>\n\n\n\n<p>Foreign Minister Marko \u0110uri\u0107 also reacted, &#8220;strongly condemning&#8221; the burning of the doll with Vu\u010di\u0107\u2019s likeness. He said he expects Croatian authorities to urgently and unequivocally condemn the act and take concrete steps to ensure that those responsible are identified and punished according to the law.<\/p>\n\n\n\n<h4 class=\"wp-block-heading\"><mark style=\"background-color:#FFFFFF;color:#d21414\" class=\"has-inline-color\">FIND OUT MORE:<\/mark><\/h4>\n\n\n\n<iframe loading=\"lazy\" src=\"https:\/\/www.facebook.com\/plugins\/post.php?href=https%3A%2F%2Fwww.facebook.com%2Fserbiantimes%2Fposts%2Fpfbid02cd1aTzbt52noXs7EjAntwMfW46cRpkRMBVujCQk8mXjWqsxt6SHNyCc2azZnaeMJl&#038;show_text=true&#038;width=500\" width=\"500\" height=\"576\" style=\"border:none;overflow:hidden\" scrolling=\"no\" frameborder=\"0\" allowfullscreen=\"true\" allow=\"autoplay; clipboard-write; encrypted-media; picture-in-picture; web-share\"><\/iframe>\n\n\n\n<p>\u0110uri\u0107 called the act shameful and provocative, adding that such actions are an expression of pathological hatred toward Serbia and its citizens.<\/p>\n\n\n\n<p>Minister without Portfolio in charge of relations with the diaspora, \u0110or\u0111e Mili\u0107evi\u0107, emphasized that this event is not isolated, but proof of anti-Serbian hysteria that is being encouraged in Croatia.<\/p>\n\n\n\n<p>&#8220;This represents a vile act of hatred, deeply rooted in those who cannot bear a strong, sovereign, and successful Serbia. This shameful event is not an isolated incident but yet another proof of anti-Serbian hysteria systematically encouraged in certain circles in Croatia,&#8221; Mili\u0107evi\u0107 stated, as reported by his office.<\/p>\n\n\n\n<blockquote class=\"twitter-tweet\"><p lang=\"und\" dir=\"ltr\">Kako BIA doznaje usta\u0161e spali\u0161e nepomenika<br>\ud83d\udd25\ud83d\udd25\ud83d\udd25\ud83d\udd25\ud83d\udd25<br>Ka\u0161tel Su\u0107urac \u26a1 <a href=\"https:\/\/t.co\/zlqlRDKLGr\">pic.twitter.com\/zlqlRDKLGr<\/a><\/p>&mdash; Ton\u010di (@buntovnik_hr) <a href=\"https:\/\/twitter.com\/buntovnik_hr\/status\/1896078485241913694?ref_src=twsrc%5Etfw\">March 2, 2025<\/a><\/blockquote> <script async src=\"https:\/\/platform.twitter.com\/widgets.js\" charset=\"utf-8\"><\/script>\n\n\n\n<p>During the carnival in Ka\u0161tela, near Split, a traditional carnival was held, during which a doll featuring President Vu\u010di\u0107\u2019s image was burned, as reported earlier by Dalmacija danas, noting that &#8220;tradition dictates&#8221; that at the end of every procession, &#8220;Krnje, the culprit for all the problems of the past year, is burned.&#8221; The Croatian portal also reported that a &#8220;testament&#8221; was read during the &#8220;burning.&#8221;<\/p>\n\n\n\n<p>Last year, on the last day of the carnival in Ka\u0161tel Stari, dolls featuring the likenesses of Serbian President Aleksandar Vu\u010di\u0107 and Russian President Vladimir Putin were burned.<\/p>\n\n\n\n<h4 class=\"wp-block-heading\"><mark style=\"background-color:#FFFFFF;color:#d21414\" class=\"has-inline-color\">MORE TOPICS:<\/mark><\/h4>\n\n\n\n<p><strong><a href=\"https:\/\/serbiantimes.info\/en\/we-love-serbia-we-want-to-stay-in-it-a-large-number-of-students-from-kosovo-and-metohija-headed-to-nis-video\/\" target=\"_blank\" rel=\"noopener\" title=\"\">\u201cWE LOVE SERBIA, WE WANT TO STAY IN IT\u201d: A large number of students from Kosovo and Metohija headed to Ni\u0161! (VIDEO)<\/a><\/strong><\/p>\n\n\n\n<p><strong><a href=\"https:\/\/serbiantimes.info\/en\/arno-gujon-on-dodiks-verdict-the-decision-of-the-court-of-bih-is-an-attack-on-democracy-but-also-on-the-entire-serbian-people-video\/\" target=\"_blank\" rel=\"noopener\" title=\"\">ARNO GUJON ON DODIK\u2019S VERDICT: The decision of the Court of BiH is an attack on democracy, but also on the entire Serbian people! (VIDEO)<\/a><\/strong><\/p>\n\n\n\n<p><strong><a href=\"https:\/\/serbiantimes.info\/en\/jokic-puts-an-unreal-performance-serbian-records-a-brutal-triple-double-as-he-leads-denver-to-victory-against-detroit-video\/\" target=\"_blank\" rel=\"noopener\" title=\"\">JOKI\u0106 PUTS AN UNREAL PERFORMANCE: Serbian records a brutal triple-double as he leads Denver to victory against Detroit! (VIDEO)<\/a><\/strong><\/p>\n\n\n\n<p><strong><a href=\"https:\/\/serbiantimes.info\/en\/dodik-calms-the-tensions-independence-of-republika-srpska-will-prevail-by-political-means\/\" target=\"_blank\" rel=\"noopener\" title=\"\">DODIK CALMS THE TENSIONS: Independence of Republika Srpska will prevail by political means!<\/a><\/strong><\/p>\n\n\n\n<p><strong><a href=\"https:\/\/serbiantimes.info\/en\/patriot-without-a-drop-of-serbian-blood-stanislav-vinaver-is-proof-that-the-pen-is-mightier-than-the-sword\/\" target=\"_blank\" rel=\"noopener\" title=\"\">PATRIOT WITHOUT A DROP OF SERBIAN BLOOD: Stanislav Vinaver is proof that the pen is mightier than the sword!<\/a><\/strong><\/p>\n\n\n\n<p><strong>Source<\/strong>: Nova.rs, <strong>Foto: <\/strong>Printscreen\/X\/AnaBrnabic<\/p>\n","protected":false},"excerpt":{"rendered":"<p>A doll featuring the likeness of Serbian President Aleksandar Vu\u010di\u0107 was burned during a carnival in Ka\u0161tela, Croatia, prompting reactions from Serbian government members who called for Croatian authorities to identify and punish those responsible. Justice Minister Maja Popovi\u0107 strongly condemned the burning of the doll with Vu\u010di\u0107&#8217;s image, stating that she expects official Zagreb [&hellip;]<\/p>\n","protected":false},"author":2169,"featured_media":168204,"comment_status":"open","ping_status":"open","sticky":false,"template":"","format":"standard","meta":{"newspack_featured_image_position":"","newspack_post_subtitle":"","newspack_article_summary_title":"Overview:","newspack_article_summary":"","newspack_hide_updated_date":false,"newspack_show_updated_date":false,"footnotes":""},"categories":[8],"tags":[856,116,117,5347,5348,5349,5350,5351,644],"class_list":["post-168203","post","type-post","status-publish","format-standard","has-post-thumbnail","hentry","category-balkan","tag-aleksandar-vucic","tag-balkan","tag-hrvatska","tag-karneval","tag-kasteli","tag-lutka","tag-osuda","tag-spaljivanje-lutke","tag-vlada-srbije","entry"],"aioseo_notices":[],"distributor_meta":false,"distributor_terms":false,"distributor_media":false,"distributor_original_site_name":"Serbiantimes.info EN","distributor_original_site_url":"https:\/\/serbiantimes.info\/en","push-errors":false,"_links":{"self":[{"href":"https:\/\/serbiantimes.info\/en\/wp-json\/wp\/v2\/posts\/168203","targetHints":{"allow":["GET"]}}],"collection":[{"href":"https:\/\/serbiantimes.info\/en\/wp-json\/wp\/v2\/posts"}],"about":[{"href":"https:\/\/serbiantimes.info\/en\/wp-json\/wp\/v2\/types\/post"}],"author":[{"embeddable":true,"href":"https:\/\/serbiantimes.info\/en\/wp-json\/wp\/v2\/users\/2169"}],"replies":[{"embeddable":true,"href":"https:\/\/serbiantimes.info\/en\/wp-json\/wp\/v2\/comments?post=168203"}],"version-history":[{"count":1,"href":"https:\/\/serbiantimes.info\/en\/wp-json\/wp\/v2\/posts\/168203\/revisions"}],"predecessor-version":[{"id":168224,"href":"https:\/\/serbiantimes.info\/en\/wp-json\/wp\/v2\/posts\/168203\/revisions\/168224"}],"wp:featuredmedia":[{"embeddable":true,"href":"https:\/\/serbiantimes.info\/en\/wp-json\/wp\/v2\/media\/168204"}],"wp:attachment":[{"href":"https:\/\/serbiantimes.info\/en\/wp-json\/wp\/v2\/media?parent=168203"}],"wp:term":[{"taxonomy":"category","embeddable":true,"href":"https:\/\/serbiantimes.info\/en\/wp-json\/wp\/v2\/categories?post=168203"},{"taxonomy":"post_tag","embeddable":true,"href":"https:\/\/serbiantimes.info\/en\/wp-json\/wp\/v2\/tags?post=168203"}],"curies":[{"name":"wp","href":"https:\/\/api.w.org\/{rel}","templated":true}]}}