{"id":167566,"date":"2025-02-27T15:21:33","date_gmt":"2025-02-27T13:21:33","guid":{"rendered":"https:\/\/serbiantimes.info\/en\/?p=167566"},"modified":"2025-02-27T15:21:34","modified_gmt":"2025-02-27T13:21:34","slug":"new-information-about-the-horror-in-brcko-father-of-two-children-found-in-the-house-of-horror-speaks-out","status":"publish","type":"post","link":"https:\/\/serbiantimes.info\/en\/new-information-about-the-horror-in-brcko-father-of-two-children-found-in-the-house-of-horror-speaks-out\/","title":{"rendered":"NEW INFORMATION ABOUT THE HORROR IN BR\u010cKO: Father of two children found in the &#8220;House of Horror&#8221; speaks out!"},"content":{"rendered":"\n<p>In the &#8220;house of horror&#8221; in Br\u010dko, two children spent five months, and their father stated that they had been paying the woman for childcare services. This information was shared yesterday by Federal Television journalist Suada Mujdanovi\u0107, who spoke with the parent. As she added, parents came to the police yesterday to pick up their children.<\/p>\n\n\n\n<p>&#8220;That parent lives in Banja Luka, and his wife is currently being interrogated here at the police station. They have six other children. She and those six children are currently living in the Republic of Croatia. Parents from Bosnia and Herzegovina, Croatia, and even Italy are coming here for interviews and to pick up their children,&#8221; journalist Suada Mujdanovi\u0107 said.<\/p>\n\n\n\n<p>She added that the children were placed in a hotel yesterday, and it is suspected that none of them are from the Br\u010dko District, as reported by Nezavisne.<\/p>\n\n\n\n<blockquote class=\"twitter-tweet\"><p lang=\"und\" dir=\"ltr\">HOROR: U Bosni I Hercegovini (Distrikt Br\u010dko) prona\u0111ena utamni\u010dena deca! <br><br>31 zato\u010deno dete me\u0111u kojima su i bebe nemaju nikakva dokumenta!<br><br>Oko 10 miliona dece godi\u0161nje nestane u celom svetu! Svi sa mozgom znaju gde ta deca zavr\u0161avaju i za \u0161ta se koriste nevina bi\u0107a! <a href=\"https:\/\/t.co\/cdoNgKln2M\">pic.twitter.com\/cdoNgKln2M<\/a><\/p>&mdash; Mario ZNA (@MarioBojic) <a href=\"https:\/\/twitter.com\/MarioBojic\/status\/1894708739799707773?ref_src=twsrc%5Etfw\">February 26, 2025<\/a><\/blockquote> <script async src=\"https:\/\/platform.twitter.com\/widgets.js\" charset=\"utf-8\"><\/script>\n\n\n\n<p>To recap, as many as 31 children were found in a family house in Br\u010dko. Six of the children had Croatian passports, and it was determined that these were likely expired documents.<\/p>\n\n\n\n<p>According to unofficial information obtained by Blic, the children were found in a family home, and allegedly, a woman, her son, and another person were taking care of them. The son is said to have worked as a court officer, and the 31 children were locked in a house. The children ranged in age from a few months to 12 years, and as reported yesterday, five people were arrested in connection with the case.<\/p>\n\n\n\n<h4 class=\"wp-block-heading\"><mark style=\"background-color:#FFFFFF;color:#d21414\" class=\"has-inline-color\">READ MORE: <\/mark><\/h4>\n\n\n\n<iframe loading=\"lazy\" src=\"https:\/\/www.facebook.com\/plugins\/post.php?href=https%3A%2F%2Fwww.facebook.com%2Fserbiantimes%2Fposts%2Fpfbid02WhS5YzNJNyLtZFU5WHQUJZT1Ha2p2gjpRgw4CSk7YCdjqUWo7A8U6rw7uv1TicUQl&#038;show_text=true&#038;width=500\" width=\"500\" height=\"250\" style=\"border:none;overflow:hidden\" scrolling=\"no\" frameborder=\"0\" allowfullscreen=\"true\" allow=\"autoplay; clipboard-write; encrypted-media; picture-in-picture; web-share\"><\/iframe>\n\n\n\n<p>Multiple independent sources from Blic have confirmed that the police and the prosecution in Br\u010dko are investigating all possible scenarios, one of which involves a family clan from the area who has previously been arrested for criminal offenses.<\/p>\n\n\n\n<p>&#8220;Allegedly, they were taking care of children from their family whom the parents voluntarily left in their care, and some even paid for it. It is suspected that they then trained the children to beg and prepared them for relocation to one of the European countries. This is why the Croatian passports were invalid,&#8221; said a source from Blic.<\/p>\n\n\n\n<h4 class=\"wp-block-heading\"><mark><mark style=\"background-color:rgba(0, 0, 0, 0);color:#b02525\" class=\"has-inline-color\">MORE TOPICS:<\/mark><\/mark><\/h4>\n\n\n\n<p><strong><a href=\"https:\/\/serbiantimes.info\/en\/serbian-kickboxers-show-no-mercy-incredible-12-medals-at-the-european-cup-in-bulgaria-photo\/\" target=\"_blank\" rel=\"noreferrer noopener\">SERBIAN KICKBOXERS SHOW NO MERCY: Incredible 12 medals at the European Cup in Bulgaria! (PHOTO)<\/a><\/strong><\/p>\n\n\n\n<p><strong><a href=\"https:\/\/serbiantimes.info\/en\/clash-between-police-and-citizens-in-zajecar-protesters-blocked-the-work-of-the-city-assembly-tear-gas-was-used-video\/\" target=\"_blank\" rel=\"noreferrer noopener\">CLASH BETWEEN POLICE AND CITIZENS IN ZAJE\u010cAR: Protesters blocked the work of the City Assembly, tear gas was used! (VIDEO)<\/a><\/strong><\/p>\n\n\n\n<p><strong><a href=\"https:\/\/serbiantimes.info\/en\/two-people-arrested-in-kraljevo-they-are-suspected-of-damaging-a-quarry-for-more-than-60-million-dinars\/\" target=\"_blank\" rel=\"noreferrer noopener\">TWO PEOPLE ARRESTED IN KRALJEVO: They are suspected of damaging a quarry for more than 60 million dinars!<\/a><\/strong><\/p>\n\n\n\n<p><strong><a href=\"https:\/\/serbiantimes.info\/en\/detained-at-the-airport-member-of-the-commission-for-technical-inspection-at-the-railway-station-in-novi-sad-arrested\/\" target=\"_blank\" rel=\"noreferrer noopener\">DETAINED AT THE AIRPORT: Member of the commission for technical inspection at the Railway Station in Novi Sad arrested!<\/a><\/strong><\/p>\n\n\n\n<p><strong><a href=\"https:\/\/serbiantimes.info\/en\/due-to-usaid-scandal-police-raided-ngo-offices-in-belgrade-at-least-two-organizations-under-investigation\/\" target=\"_blank\" rel=\"noreferrer noopener\">DUE TO USAID SCANDAL: Police raided NGO offices in Belgrade, at least two organizations under investigation!<\/a><\/strong><\/p>\n\n\n\n<p><strong><a href=\"https:\/\/serbiantimes.info\/en\/they-carry-the-declaration-for-students-professors-from-novi-sad-start-a-relay-race-towards-belgrade-video\/\" target=\"_blank\" rel=\"noreferrer noopener\">THEY CARRY THE DECLARATION FOR STUDENTS: Professors from Novi Sad start a relay race towards Belgrade! (VIDEO)<\/a><\/strong><\/p>\n\n\n\n<p><strong>Source<\/strong>: Nova.rs, <strong>Foto<\/strong>: Printscreen X<\/p>\n","protected":false},"excerpt":{"rendered":"<p>In the &#8220;house of horror&#8221; in Br\u010dko, two children spent five months, and their father stated that they had been paying the woman for childcare services. This information was shared yesterday by Federal Television journalist Suada Mujdanovi\u0107, who spoke with the parent. As she added, parents came to the police yesterday to pick up their [&hellip;]<\/p>\n","protected":false},"author":2169,"featured_media":167567,"comment_status":"open","ping_status":"open","sticky":false,"template":"","format":"standard","meta":{"newspack_featured_image_position":"","newspack_post_subtitle":"","newspack_article_summary_title":"Overview:","newspack_article_summary":"","newspack_hide_updated_date":false,"newspack_show_updated_date":false,"footnotes":""},"categories":[8],"tags":[309,341,5286,4850,478,5287,911,770],"class_list":["post-167566","post","type-post","status-publish","format-standard","has-post-thumbnail","hentry","category-balkan","tag-bih","tag-bosna-i-hercegovina","tag-brcko","tag-organizovani-kriminal","tag-policija","tag-policija-bih","tag-trgovina-ljudima","tag-zlocin","entry"],"aioseo_notices":[],"distributor_meta":false,"distributor_terms":false,"distributor_media":false,"distributor_original_site_name":"Serbiantimes.info EN","distributor_original_site_url":"https:\/\/serbiantimes.info\/en","push-errors":false,"_links":{"self":[{"href":"https:\/\/serbiantimes.info\/en\/wp-json\/wp\/v2\/posts\/167566","targetHints":{"allow":["GET"]}}],"collection":[{"href":"https:\/\/serbiantimes.info\/en\/wp-json\/wp\/v2\/posts"}],"about":[{"href":"https:\/\/serbiantimes.info\/en\/wp-json\/wp\/v2\/types\/post"}],"author":[{"embeddable":true,"href":"https:\/\/serbiantimes.info\/en\/wp-json\/wp\/v2\/users\/2169"}],"replies":[{"embeddable":true,"href":"https:\/\/serbiantimes.info\/en\/wp-json\/wp\/v2\/comments?post=167566"}],"version-history":[{"count":1,"href":"https:\/\/serbiantimes.info\/en\/wp-json\/wp\/v2\/posts\/167566\/revisions"}],"predecessor-version":[{"id":167576,"href":"https:\/\/serbiantimes.info\/en\/wp-json\/wp\/v2\/posts\/167566\/revisions\/167576"}],"wp:featuredmedia":[{"embeddable":true,"href":"https:\/\/serbiantimes.info\/en\/wp-json\/wp\/v2\/media\/167567"}],"wp:attachment":[{"href":"https:\/\/serbiantimes.info\/en\/wp-json\/wp\/v2\/media?parent=167566"}],"wp:term":[{"taxonomy":"category","embeddable":true,"href":"https:\/\/serbiantimes.info\/en\/wp-json\/wp\/v2\/categories?post=167566"},{"taxonomy":"post_tag","embeddable":true,"href":"https:\/\/serbiantimes.info\/en\/wp-json\/wp\/v2\/tags?post=167566"}],"curies":[{"name":"wp","href":"https:\/\/api.w.org\/{rel}","templated":true}]}}