{"id":166301,"date":"2025-02-22T11:31:32","date_gmt":"2025-02-22T09:31:32","guid":{"rendered":"https:\/\/serbiantimes.info\/en\/?p=166301"},"modified":"2025-02-22T11:31:33","modified_gmt":"2025-02-22T09:31:33","slug":"this-is-a-sign-that-i-am-on-the-right-track-tamara-won-2-gold-and-one-bronze-medal-in-singapore","status":"publish","type":"post","link":"https:\/\/serbiantimes.info\/en\/this-is-a-sign-that-i-am-on-the-right-track-tamara-won-2-gold-and-one-bronze-medal-in-singapore\/","title":{"rendered":"&#8220;THIS IS A SIGN THAT I AM ON THE RIGHT TRACK&#8221;: Tamara won 2 gold and one bronze medal in Singapore!"},"content":{"rendered":"\n<p>Tamara Berkesel from Zrenjanin, a second-grade student of the &#8220;Jovan Jovanovi\u0107 Zmaj&#8221; Gymnasium in Novi Sad, department &#8211; students with special abilities in biology and chemistry, returned from the international competition in biology, chemistry and physics &#8220;StemCo 2025 Global Finals \u2013 Sciences&#8221; with three medals won.<\/p>\n\n\n\n<p>Tamara, at the competition held in Singapore on February 15, was part of the team from Serbia, which won a total of as many as 13 medals.<\/p>\n\n\n\n<p>The team also included Petar \u0160ekari\u0107 from the &#8220;Janko Veselinovi\u0107&#8221; Elementary School from Belgrade, then Filip Kilibarda, Mihajlo Giga and Konstantin Stojiljkovi\u0107 from the Mathematical Gymnasium, as well as Mila Uro\u0161evi\u0107 from the Fifth Belgrade Gymnasium. The team leader was Ivana Milo\u0161evi\u0107, a professor at the Mathematical Gymnasium.<\/p>\n\n\n\n<p>Tamara won gold medals in chemistry and biology, and a bronze medal in physics.<\/p>\n\n\n\n<h4 class=\"wp-block-heading\"><mark style=\"background-color:#FFFFFF;color:#d21414\" class=\"has-inline-color\">READ MORE: <\/mark><\/h4>\n\n\n\n<iframe loading=\"lazy\" src=\"https:\/\/www.facebook.com\/plugins\/post.php?href=https%3A%2F%2Fwww.facebook.com%2Fserbiantimes%2Fposts%2Fpfbid02jK2fnV92L9GA2BBEEqNn5bJFampUR3tGAYw4Uo5g2xQsB1ULxB9vNxny5EWfX3F5l&#038;show_text=true&#038;width=500\" width=\"500\" height=\"616\" style=\"border:none;overflow:hidden\" scrolling=\"no\" frameborder=\"0\" allowfullscreen=\"true\" allow=\"autoplay; clipboard-write; encrypted-media; picture-in-picture; web-share\"><\/iframe>\n\n\n\n<p>&#8220;The competition was held at the National University in Singapore and we did tests in biology, chemistry, physics and science, each for their age category. Our second year of high school belongs to their Grade 10 level and I was the only student from Serbia who competed in this category. The competition itself was well organized, because it is still a university that is considered the best in Asia, or the eighth best in the world. On that occasion, we visited the university campus, which is truly fascinating and left a great impression on me,&#8221; said Tamara Berkesel after returning from Singapore.<\/p>\n\n\n\n<p>Our competitors traveled to Singapore on February 11, so they had time for a tourist tour.<\/p>\n\n\n\n<p>&#8220;In a few days, from arrival to the competition, we had time to visit some interesting destinations. We visited Changi Airport, cruised the river and visited the Universal Studios amusement park, as well as the botanical gardens of Singapore, Flower Dome, Cloud Forest and Garden Rhapsody. We got acquainted with a new dimension of living, as well as with a culture that we did not know in this way until now. Singapore is a very rich and well-organized country, which is really worth visiting and getting to know better,&#8221; our interlocutor points out.<\/p>\n\n\n\n<p>She adds that this competition is her biggest competitive experience so far.<\/p>\n\n\n\n<p>&#8220;For me, it represents a confirmation of my dedicated work and effort. It is a sign to me that I am on the right track to achieve my wishes and goals,&#8221; concludes Tamara Berkesel.<\/p>\n\n\n\n<h4 class=\"wp-block-heading\"><mark style=\"background-color:#FFFFFF;color:#d21414\" class=\"has-inline-color\">MORE TOPICS:<\/mark><\/h4>\n\n\n\n<p><strong><a href=\"https:\/\/serbiantimes.info\/en\/chicago-serbs-show-big-hearts-fundraiser-for-the-first-serbian-orthodox-church-in-the-caribbean-a-big-success-video\/\" target=\"_blank\" rel=\"noopener\" title=\"\">CHICAGO SERBS SHOW BIG HEARTS: Fundraiser for the first Serbian Orthodox church in the Caribbean a big success! (VIDEO)<\/a><\/strong><\/p>\n\n\n\n<p><strong><a href=\"https:\/\/serbiantimes.info\/en\/netflix-finally-released-the-whole-speech-heres-what-pesic-told-the-eagles-before-the-match-with-the-americans-at-the-olympics-video\/\" target=\"_blank\" rel=\"noopener\" title=\"\">NETFLIX FINALLY RELEASED THE WHOLE SPEECH: Here\u2019s what Pe\u0161i\u0107 told the Eagles before the match with the Americans at the Olympics! (VIDEO)<\/a><\/strong><\/p>\n\n\n\n<p><strong><a href=\"https:\/\/serbiantimes.info\/en\/serbian-wines-from-chicago-speak-100-languages-the-diaspora-from-dalmatia-and-herzegovina-preserved-the-tradition-and-showed-class-video\/\" target=\"_blank\" rel=\"noopener\" title=\"\">SERBIAN WINES FROM CHICAGO SPEAK 100 LANGUAGES! The diaspora from Dalmatia and Herzegovina preserved the tradition and showed class! (VIDEO)<\/a><\/strong><\/p>\n\n\n\n<p><strong><a href=\"https:\/\/serbiantimes.info\/en\/we-will-not-leave-until-the-demands-are-met-farmers-occupy-the-raca-municipality-building-demanding-the-resignation-of-the-entire-leadership\/\" target=\"_blank\" rel=\"noopener\" title=\"\">\u201cWE WILL NOT LEAVE UNTIL THE DEMANDS ARE MET\u201d: Farmers occupy the Ra\u010da Municipality building, demanding the resignation of the entire leadership!<\/a><\/strong><\/p>\n\n\n\n<p><strong><a href=\"https:\/\/serbiantimes.info\/en\/nemanja-was-robbed-in-the-world-cup-final-serbian-mma-fighter-lost-gold-due-to-an-incomprehensible-referee-decision\/\" target=\"_blank\" rel=\"noopener\" title=\"\">NEMANJA WAS ROBBED IN THE WORLD CUP FINAL: Serbian MMA fighter lost gold due to an incomprehensible referee decision!<\/a><\/strong><\/p>\n\n\n\n<p><strong>Source: <\/strong>Dnevnik.rs, <strong>Foto: <\/strong>Privatna arhiva<\/p>\n","protected":false},"excerpt":{"rendered":"<p>Tamara Berkesel from Zrenjanin, a second-grade student of the &#8220;Jovan Jovanovi\u0107 Zmaj&#8221; Gymnasium in Novi Sad, department &#8211; students with special abilities in biology and chemistry, returned from the international competition in biology, chemistry and physics &#8220;StemCo 2025 Global Finals \u2013 Sciences&#8221; with three medals won. Tamara, at the competition held in Singapore on February [&hellip;]<\/p>\n","protected":false},"author":2169,"featured_media":166302,"comment_status":"open","ping_status":"open","sticky":false,"template":"","format":"standard","meta":{"newspack_featured_image_position":"","newspack_post_subtitle":"","newspack_article_summary_title":"Overview:","newspack_article_summary":"","newspack_hide_updated_date":false,"newspack_show_updated_date":false,"footnotes":""},"categories":[7],"tags":[4903,3124,792,806,5044,113,619,4027,5173],"class_list":["post-166301","post","type-post","status-publish","format-standard","has-post-thumbnail","hentry","category-serbia","tag-biologija","tag-bronzana-medalja","tag-gimnazija","tag-novi-sad","tag-singapur","tag-srbija","tag-takmicenje","tag-zlatna-medalja","tag-zrenjanin","entry"],"aioseo_notices":[],"distributor_meta":false,"distributor_terms":false,"distributor_media":false,"distributor_original_site_name":"Serbiantimes.info EN","distributor_original_site_url":"https:\/\/serbiantimes.info\/en","push-errors":false,"_links":{"self":[{"href":"https:\/\/serbiantimes.info\/en\/wp-json\/wp\/v2\/posts\/166301","targetHints":{"allow":["GET"]}}],"collection":[{"href":"https:\/\/serbiantimes.info\/en\/wp-json\/wp\/v2\/posts"}],"about":[{"href":"https:\/\/serbiantimes.info\/en\/wp-json\/wp\/v2\/types\/post"}],"author":[{"embeddable":true,"href":"https:\/\/serbiantimes.info\/en\/wp-json\/wp\/v2\/users\/2169"}],"replies":[{"embeddable":true,"href":"https:\/\/serbiantimes.info\/en\/wp-json\/wp\/v2\/comments?post=166301"}],"version-history":[{"count":1,"href":"https:\/\/serbiantimes.info\/en\/wp-json\/wp\/v2\/posts\/166301\/revisions"}],"predecessor-version":[{"id":166323,"href":"https:\/\/serbiantimes.info\/en\/wp-json\/wp\/v2\/posts\/166301\/revisions\/166323"}],"wp:featuredmedia":[{"embeddable":true,"href":"https:\/\/serbiantimes.info\/en\/wp-json\/wp\/v2\/media\/166302"}],"wp:attachment":[{"href":"https:\/\/serbiantimes.info\/en\/wp-json\/wp\/v2\/media?parent=166301"}],"wp:term":[{"taxonomy":"category","embeddable":true,"href":"https:\/\/serbiantimes.info\/en\/wp-json\/wp\/v2\/categories?post=166301"},{"taxonomy":"post_tag","embeddable":true,"href":"https:\/\/serbiantimes.info\/en\/wp-json\/wp\/v2\/tags?post=166301"}],"curies":[{"name":"wp","href":"https:\/\/api.w.org\/{rel}","templated":true}]}}