{"id":165795,"date":"2025-02-19T16:25:41","date_gmt":"2025-02-19T14:25:41","guid":{"rendered":"https:\/\/serbiantimes.info\/en\/?p=165795"},"modified":"2025-02-19T16:25:42","modified_gmt":"2025-02-19T14:25:42","slug":"embassy-in-canada-announces-serbian-stewardess-not-among-those-injured-in-toronto-plane-crash","status":"publish","type":"post","link":"https:\/\/serbiantimes.info\/en\/embassy-in-canada-announces-serbian-stewardess-not-among-those-injured-in-toronto-plane-crash\/","title":{"rendered":"EMBASSY IN CANADA ANNOUNCES: Serbian stewardess not among those injured in Toronto plane crash!"},"content":{"rendered":"\n<p class=\"wp-block-paragraph\">The Embassy of the Republic of Serbia in Canada has denied that a 32-year-old stewardess from Belgrade is one of the seriously injured in a plane crash in Toronto, media reports.<\/p>\n\n\n\n<p class=\"wp-block-paragraph\">Serbian Times reported yesterday information from Serbian media that a stewardess from Belgrade was allegedly seriously injured in the accident and is fighting for her life, however, it was found that she was not on that flight.<\/p>\n\n\n\n<h4 class=\"wp-block-heading\"><mark style=\"background-color:#FFFFFF;color:#d21414\" class=\"has-inline-color\">FIND OUT MORE IN ENGLISH:<\/mark><\/h4>\n\n\n\n<iframe loading=\"lazy\" src=\"https:\/\/www.facebook.com\/plugins\/post.php?href=https%3A%2F%2Fwww.facebook.com%2Fserbiantimes%2Fposts%2Fpfbid02D7Wv4PnFd1m6KD7xehq7kbGWdev7aGSMmgiwyZe7a59FeLCYXEJUUacLK743bJ1ul&#038;show_text=true&#038;width=500\" width=\"500\" height=\"674\" style=\"border:none;overflow:hidden\" scrolling=\"no\" frameborder=\"0\" allowfullscreen=\"true\" allow=\"autoplay; clipboard-write; encrypted-media; picture-in-picture; web-share\"><\/iframe>\n\n\n\n<p class=\"wp-block-paragraph\">&#8220;The information is false. We checked,&#8221; the Serbian Embassy said in a brief response, media reports. <\/p>\n\n\n\n<p class=\"wp-block-paragraph\">As a reminder, the head of the Toronto airport said that 18 passengers were injured when a Delta Airlines plane overturned upon landing.<\/p>\n\n\n\n<h4 class=\"wp-block-heading\"><mark style=\"background-color:#FFFFFF;color:#d21414\" class=\"has-inline-color\">MORE TOPICS:<\/mark><\/h4>\n\n\n\n<p class=\"wp-block-paragraph\"><strong><a href=\"https:\/\/serbiantimes.info\/en\/chicago-serbs-show-big-hearts-fundraiser-for-the-first-serbian-orthodox-church-in-the-caribbean-a-big-success-video\/\" target=\"_blank\" rel=\"noopener\" title=\"\">CHICAGO SERBS SHOW BIG HEARTS: Fundraiser for the first Serbian Orthodox church in the Caribbean a big success! (VIDEO)<\/a><\/strong><\/p>\n\n\n\n<p class=\"wp-block-paragraph\"><strong><a href=\"https:\/\/serbiantimes.info\/en\/netflix-finally-released-the-whole-speech-heres-what-pesic-told-the-eagles-before-the-match-with-the-americans-at-the-olympics-video\/\" target=\"_blank\" rel=\"noopener\" title=\"\">NETFLIX FINALLY RELEASED THE WHOLE SPEECH: Here\u2019s what Pe\u0161i\u0107 told the Eagles before the match with the Americans at the Olympics! (VIDEO)<\/a><\/strong><\/p>\n\n\n\n<p class=\"wp-block-paragraph\"><strong><a href=\"https:\/\/serbiantimes.info\/en\/serbian-wines-from-chicago-speak-100-languages-the-diaspora-from-dalmatia-and-herzegovina-preserved-the-tradition-and-showed-class-video\/\" target=\"_blank\" rel=\"noopener\" title=\"\">SERBIAN WINES FROM CHICAGO SPEAK 100 LANGUAGES! The diaspora from Dalmatia and Herzegovina preserved the tradition and showed class! (VIDEO)<\/a><\/strong><\/p>\n\n\n\n<p class=\"wp-block-paragraph\"><strong><a href=\"https:\/\/serbiantimes.info\/en\/we-will-not-leave-until-the-demands-are-met-farmers-occupy-the-raca-municipality-building-demanding-the-resignation-of-the-entire-leadership\/\" target=\"_blank\" rel=\"noopener\" title=\"\">\u201cWE WILL NOT LEAVE UNTIL THE DEMANDS ARE MET\u201d: Farmers occupy the Ra\u010da Municipality building, demanding the resignation of the entire leadership!<\/a><\/strong><\/p>\n\n\n\n<p class=\"wp-block-paragraph\"><strong><a href=\"https:\/\/serbiantimes.info\/en\/nemanja-was-robbed-in-the-world-cup-final-serbian-mma-fighter-lost-gold-due-to-an-incomprehensible-referee-decision\/\" target=\"_blank\" rel=\"noopener\" title=\"\">NEMANJA WAS ROBBED IN THE WORLD CUP FINAL: Serbian MMA fighter lost gold due to an incomprehensible referee decision!<\/a><\/strong><\/p>\n\n\n\n<p class=\"wp-block-paragraph\"><strong>Source<\/strong>: B92, <strong>Foto<\/strong>: EPA-EFE, Privatna arhiva<\/p>\n","protected":false},"excerpt":{"rendered":"<p>The Embassy of the Republic of Serbia in Canada has denied that a 32-year-old stewardess from Belgrade is one of the seriously injured in a plane crash in Toronto, media reports. Serbian Times reported yesterday information from Serbian media that a stewardess from Belgrade was allegedly seriously injured in the accident and is fighting for [&hellip;]<\/p>\n","protected":false},"author":2169,"featured_media":165796,"comment_status":"open","ping_status":"open","sticky":false,"template":"","format":"standard","meta":{"newspack_featured_image_position":"","newspack_post_subtitle":"","newspack_article_summary_title":"Overview:","newspack_article_summary":"","newspack_hide_updated_date":false,"newspack_show_updated_date":false,"footnotes":""},"categories":[5],"tags":[2954,3916,3917,501,504,294,113,295,5117,808,5118],"class_list":["post-165795","post","type-post","status-publish","format-standard","has-post-thumbnail","hentry","category-diaspora","tag-avijacija","tag-avion","tag-avionska-nesreca","tag-kanada","tag-srbi-u-kanadi","tag-srbi-u-svetu","tag-srbija","tag-srpska-dijaspora","tag-stjuardesa","tag-toronto","tag-vanja-vicentijevic","entry"],"aioseo_notices":[],"aioseo_head":"\n\t\t<!-- All in One SEO 5.0.1.1 - aioseo.com -->\n\t<meta name=\"description\" content=\"The Embassy of the Republic of Serbia in Canada has denied that a 32-year-old stewardess from Belgrade is one of the seriously injured in a plane crash in Toronto, media reports. Serbian Times reported yesterday information from Serbian media that a stewardess from Belgrade was allegedly seriously injured in the accident and is fighting for\" \/>\n\t<meta name=\"robots\" content=\"max-image-preview:large\" \/>\n\t<meta name=\"author\" content=\"Serbian Times\"\/>\n\t<link rel=\"canonical\" href=\"https:\/\/serbiantimes.info\/en\/embassy-in-canada-announces-serbian-stewardess-not-among-those-injured-in-toronto-plane-crash\/\" \/>\n\t<meta name=\"generator\" content=\"All in One SEO (AIOSEO) 5.0.1.1\" \/>\n\t\t<meta property=\"og:locale\" content=\"en_US\" \/>\n\t\t<meta property=\"og:site_name\" content=\"Serbiantimes.info EN |\" \/>\n\t\t<meta property=\"og:type\" content=\"article\" \/>\n\t\t<meta property=\"og:title\" content=\"EMBASSY IN CANADA ANNOUNCES: Serbian stewardess not among those injured in Toronto plane crash! | Serbiantimes.info EN\" \/>\n\t\t<meta property=\"og:description\" content=\"The Embassy of the Republic of Serbia in Canada has denied that a 32-year-old stewardess from Belgrade is one of the seriously injured in a plane crash in Toronto, media reports. Serbian Times reported yesterday information from Serbian media that a stewardess from Belgrade was allegedly seriously injured in the accident and is fighting for\" \/>\n\t\t<meta property=\"og:url\" content=\"https:\/\/serbiantimes.info\/en\/embassy-in-canada-announces-serbian-stewardess-not-among-those-injured-in-toronto-plane-crash\/\" \/>\n\t\t<meta property=\"og:image\" content=\"https:\/\/serbiantimes.info\/en\/wp-content\/uploads\/sites\/2\/2025\/02\/image-1200x750-1-11-1.png\" \/>\n\t\t<meta property=\"og:image:secure_url\" content=\"https:\/\/serbiantimes.info\/en\/wp-content\/uploads\/sites\/2\/2025\/02\/image-1200x750-1-11-1.png\" \/>\n\t\t<meta property=\"og:image:width\" content=\"1200\" \/>\n\t\t<meta property=\"og:image:height\" content=\"750\" \/>\n\t\t<meta property=\"article:published_time\" content=\"2025-02-19T14:25:41+00:00\" \/>\n\t\t<meta property=\"article:modified_time\" content=\"2025-02-19T14:25:42+00:00\" \/>\n\t\t<meta name=\"twitter:card\" content=\"summary_large_image\" \/>\n\t\t<meta name=\"twitter:title\" content=\"EMBASSY IN CANADA ANNOUNCES: Serbian stewardess not among those injured in Toronto plane crash! | Serbiantimes.info EN\" \/>\n\t\t<meta name=\"twitter:description\" content=\"The Embassy of the Republic of Serbia in Canada has denied that a 32-year-old stewardess from Belgrade is one of the seriously injured in a plane crash in Toronto, media reports. Serbian Times reported yesterday information from Serbian media that a stewardess from Belgrade was allegedly seriously injured in the accident and is fighting for\" \/>\n\t\t<meta name=\"twitter:image\" content=\"https:\/\/serbiantimes.info\/en\/wp-content\/uploads\/sites\/2\/2025\/02\/image-1200x750-1-11-1.png\" \/>\n\t\t<script type=\"application\/ld+json\" class=\"aioseo-schema\">\n\t\t\t{\"@context\":\"https:\\\/\\\/schema.org\",\"@graph\":[{\"@type\":\"BlogPosting\",\"@id\":\"https:\\\/\\\/serbiantimes.info\\\/en\\\/embassy-in-canada-announces-serbian-stewardess-not-among-those-injured-in-toronto-plane-crash\\\/#blogposting\",\"name\":\"EMBASSY IN CANADA ANNOUNCES: Serbian stewardess not among those injured in Toronto plane crash! | Serbiantimes.info EN\",\"headline\":\"EMBASSY IN CANADA ANNOUNCES: Serbian stewardess not among those injured in Toronto plane crash!\",\"author\":{\"@id\":\"https:\\\/\\\/serbiantimes.info\\\/en\\\/author\\\/serbiantimes-portal\\\/#author\"},\"publisher\":{\"@id\":\"https:\\\/\\\/serbiantimes.info\\\/en\\\/#organization\"},\"image\":{\"@type\":\"ImageObject\",\"url\":\"https:\\\/\\\/serbiantimes.info\\\/en\\\/wp-content\\\/uploads\\\/sites\\\/2\\\/2025\\\/02\\\/image-1200x750-1-11-1.png\",\"width\":1200,\"height\":750},\"datePublished\":\"2025-02-19T16:25:41+02:00\",\"dateModified\":\"2025-02-19T16:25:42+02:00\",\"inLanguage\":\"en-US\",\"mainEntityOfPage\":{\"@id\":\"https:\\\/\\\/serbiantimes.info\\\/en\\\/embassy-in-canada-announces-serbian-stewardess-not-among-those-injured-in-toronto-plane-crash\\\/#webpage\"},\"isPartOf\":{\"@id\":\"https:\\\/\\\/serbiantimes.info\\\/en\\\/embassy-in-canada-announces-serbian-stewardess-not-among-those-injured-in-toronto-plane-crash\\\/#webpage\"},\"articleSection\":\"DIASPORA, Avijacija, avion, avionska nesre\\u0107a, Kanada, Srbi u Kanadi, SRBI U SVETU, Srbija, srpska dijaspora, stjuardesa, Toronto, vanja vi\\u0107entijevi\\u0107\"},{\"@type\":\"BreadcrumbList\",\"@id\":\"https:\\\/\\\/serbiantimes.info\\\/en\\\/embassy-in-canada-announces-serbian-stewardess-not-among-those-injured-in-toronto-plane-crash\\\/#breadcrumblist\",\"itemListElement\":[{\"@type\":\"ListItem\",\"@id\":\"https:\\\/\\\/serbiantimes.info\\\/en#listItem\",\"position\":1,\"name\":\"Home\",\"item\":\"https:\\\/\\\/serbiantimes.info\\\/en\",\"nextItem\":{\"@type\":\"ListItem\",\"@id\":\"https:\\\/\\\/serbiantimes.info\\\/en\\\/category\\\/diaspora\\\/#listItem\",\"name\":\"DIASPORA\"}},{\"@type\":\"ListItem\",\"@id\":\"https:\\\/\\\/serbiantimes.info\\\/en\\\/category\\\/diaspora\\\/#listItem\",\"position\":2,\"name\":\"DIASPORA\",\"item\":\"https:\\\/\\\/serbiantimes.info\\\/en\\\/category\\\/diaspora\\\/\",\"nextItem\":{\"@type\":\"ListItem\",\"@id\":\"https:\\\/\\\/serbiantimes.info\\\/en\\\/embassy-in-canada-announces-serbian-stewardess-not-among-those-injured-in-toronto-plane-crash\\\/#listItem\",\"name\":\"EMBASSY IN CANADA ANNOUNCES: Serbian stewardess not among those injured in Toronto plane crash!\"},\"previousItem\":{\"@type\":\"ListItem\",\"@id\":\"https:\\\/\\\/serbiantimes.info\\\/en#listItem\",\"name\":\"Home\"}},{\"@type\":\"ListItem\",\"@id\":\"https:\\\/\\\/serbiantimes.info\\\/en\\\/embassy-in-canada-announces-serbian-stewardess-not-among-those-injured-in-toronto-plane-crash\\\/#listItem\",\"position\":3,\"name\":\"EMBASSY IN CANADA ANNOUNCES: Serbian stewardess not among those injured in Toronto plane crash!\",\"previousItem\":{\"@type\":\"ListItem\",\"@id\":\"https:\\\/\\\/serbiantimes.info\\\/en\\\/category\\\/diaspora\\\/#listItem\",\"name\":\"DIASPORA\"}}]},{\"@type\":\"Organization\",\"@id\":\"https:\\\/\\\/serbiantimes.info\\\/en\\\/#organization\",\"name\":\"Serbiantimes.info EN\",\"url\":\"https:\\\/\\\/serbiantimes.info\\\/en\\\/\",\"logo\":{\"@type\":\"ImageObject\",\"url\":\"https:\\\/\\\/serbiantimes.info\\\/en\\\/wp-content\\\/uploads\\\/sites\\\/2\\\/2024\\\/10\\\/cropped-cropped-Serbian-Times-Header-Logo-1.png\",\"@id\":\"https:\\\/\\\/serbiantimes.info\\\/en\\\/embassy-in-canada-announces-serbian-stewardess-not-among-those-injured-in-toronto-plane-crash\\\/#organizationLogo\",\"width\":480,\"height\":100},\"image\":{\"@id\":\"https:\\\/\\\/serbiantimes.info\\\/en\\\/embassy-in-canada-announces-serbian-stewardess-not-among-those-injured-in-toronto-plane-crash\\\/#organizationLogo\"}},{\"@type\":\"Person\",\"@id\":\"https:\\\/\\\/serbiantimes.info\\\/en\\\/author\\\/serbiantimes-portal\\\/#author\",\"url\":\"https:\\\/\\\/serbiantimes.info\\\/en\\\/author\\\/serbiantimes-portal\\\/\",\"name\":\"Serbian Times\",\"image\":{\"@type\":\"ImageObject\",\"@id\":\"https:\\\/\\\/serbiantimes.info\\\/en\\\/embassy-in-canada-announces-serbian-stewardess-not-among-those-injured-in-toronto-plane-crash\\\/#authorImage\",\"url\":\"https:\\\/\\\/secure.gravatar.com\\\/avatar\\\/ea76e009769270b4193e2bc7e032c096b4ae135483ec03b396fd0f520bc3dcfd?s=96&d=mm&r=g\",\"width\":96,\"height\":96,\"caption\":\"Serbian Times\"}},{\"@type\":\"WebPage\",\"@id\":\"https:\\\/\\\/serbiantimes.info\\\/en\\\/embassy-in-canada-announces-serbian-stewardess-not-among-those-injured-in-toronto-plane-crash\\\/#webpage\",\"url\":\"https:\\\/\\\/serbiantimes.info\\\/en\\\/embassy-in-canada-announces-serbian-stewardess-not-among-those-injured-in-toronto-plane-crash\\\/\",\"name\":\"EMBASSY IN CANADA ANNOUNCES: Serbian stewardess not among those injured in Toronto plane crash! | Serbiantimes.info EN\",\"description\":\"The Embassy of the Republic of Serbia in Canada has denied that a 32-year-old stewardess from Belgrade is one of the seriously injured in a plane crash in Toronto, media reports. Serbian Times reported yesterday information from Serbian media that a stewardess from Belgrade was allegedly seriously injured in the accident and is fighting for\",\"inLanguage\":\"en-US\",\"isPartOf\":{\"@id\":\"https:\\\/\\\/serbiantimes.info\\\/en\\\/#website\"},\"breadcrumb\":{\"@id\":\"https:\\\/\\\/serbiantimes.info\\\/en\\\/embassy-in-canada-announces-serbian-stewardess-not-among-those-injured-in-toronto-plane-crash\\\/#breadcrumblist\"},\"author\":{\"@id\":\"https:\\\/\\\/serbiantimes.info\\\/en\\\/author\\\/serbiantimes-portal\\\/#author\"},\"creator\":{\"@id\":\"https:\\\/\\\/serbiantimes.info\\\/en\\\/author\\\/serbiantimes-portal\\\/#author\"},\"image\":{\"@type\":\"ImageObject\",\"url\":\"https:\\\/\\\/serbiantimes.info\\\/en\\\/wp-content\\\/uploads\\\/sites\\\/2\\\/2025\\\/02\\\/image-1200x750-1-11-1.png\",\"@id\":\"https:\\\/\\\/serbiantimes.info\\\/en\\\/embassy-in-canada-announces-serbian-stewardess-not-among-those-injured-in-toronto-plane-crash\\\/#mainImage\",\"width\":1200,\"height\":750},\"primaryImageOfPage\":{\"@id\":\"https:\\\/\\\/serbiantimes.info\\\/en\\\/embassy-in-canada-announces-serbian-stewardess-not-among-those-injured-in-toronto-plane-crash\\\/#mainImage\"},\"datePublished\":\"2025-02-19T16:25:41+02:00\",\"dateModified\":\"2025-02-19T16:25:42+02:00\"},{\"@type\":\"WebSite\",\"@id\":\"https:\\\/\\\/serbiantimes.info\\\/en\\\/#website\",\"url\":\"https:\\\/\\\/serbiantimes.info\\\/en\\\/\",\"name\":\"Serbiantimes.info EN\",\"inLanguage\":\"en-US\",\"publisher\":{\"@id\":\"https:\\\/\\\/serbiantimes.info\\\/en\\\/#organization\"}}]}\n\t\t<\/script>\n\t\t<!-- All in One SEO -->\n\n","aioseo_head_json":{"title":"EMBASSY IN CANADA ANNOUNCES: Serbian stewardess not among those injured in Toronto plane crash! | Serbiantimes.info EN","description":"The Embassy of the Republic of Serbia in Canada has denied that a 32-year-old stewardess from Belgrade is one of the seriously injured in a plane crash in Toronto, media reports. Serbian Times reported yesterday information from Serbian media that a stewardess from Belgrade was allegedly seriously injured in the accident and is fighting for","canonical_url":"https:\/\/serbiantimes.info\/en\/embassy-in-canada-announces-serbian-stewardess-not-among-those-injured-in-toronto-plane-crash\/","robots":"max-image-preview:large","keywords":"","webmasterTools":{"miscellaneous":""},"schema":{"@context":"https:\/\/schema.org","@graph":[{"@type":"BlogPosting","@id":"https:\/\/serbiantimes.info\/en\/embassy-in-canada-announces-serbian-stewardess-not-among-those-injured-in-toronto-plane-crash\/#blogposting","name":"EMBASSY IN CANADA ANNOUNCES: Serbian stewardess not among those injured in Toronto plane crash! | Serbiantimes.info EN","headline":"EMBASSY IN CANADA ANNOUNCES: Serbian stewardess not among those injured in Toronto plane crash!","author":{"@id":"https:\/\/serbiantimes.info\/en\/author\/serbiantimes-portal\/#author"},"publisher":{"@id":"https:\/\/serbiantimes.info\/en\/#organization"},"image":{"@type":"ImageObject","url":"https:\/\/serbiantimes.info\/en\/wp-content\/uploads\/sites\/2\/2025\/02\/image-1200x750-1-11-1.png","width":1200,"height":750},"datePublished":"2025-02-19T16:25:41+02:00","dateModified":"2025-02-19T16:25:42+02:00","inLanguage":"en-US","mainEntityOfPage":{"@id":"https:\/\/serbiantimes.info\/en\/embassy-in-canada-announces-serbian-stewardess-not-among-those-injured-in-toronto-plane-crash\/#webpage"},"isPartOf":{"@id":"https:\/\/serbiantimes.info\/en\/embassy-in-canada-announces-serbian-stewardess-not-among-those-injured-in-toronto-plane-crash\/#webpage"},"articleSection":"DIASPORA, Avijacija, avion, avionska nesre\u0107a, Kanada, Srbi u Kanadi, SRBI U SVETU, Srbija, srpska dijaspora, stjuardesa, Toronto, vanja vi\u0107entijevi\u0107"},{"@type":"BreadcrumbList","@id":"https:\/\/serbiantimes.info\/en\/embassy-in-canada-announces-serbian-stewardess-not-among-those-injured-in-toronto-plane-crash\/#breadcrumblist","itemListElement":[{"@type":"ListItem","@id":"https:\/\/serbiantimes.info\/en#listItem","position":1,"name":"Home","item":"https:\/\/serbiantimes.info\/en","nextItem":{"@type":"ListItem","@id":"https:\/\/serbiantimes.info\/en\/category\/diaspora\/#listItem","name":"DIASPORA"}},{"@type":"ListItem","@id":"https:\/\/serbiantimes.info\/en\/category\/diaspora\/#listItem","position":2,"name":"DIASPORA","item":"https:\/\/serbiantimes.info\/en\/category\/diaspora\/","nextItem":{"@type":"ListItem","@id":"https:\/\/serbiantimes.info\/en\/embassy-in-canada-announces-serbian-stewardess-not-among-those-injured-in-toronto-plane-crash\/#listItem","name":"EMBASSY IN CANADA ANNOUNCES: Serbian stewardess not among those injured in Toronto plane crash!"},"previousItem":{"@type":"ListItem","@id":"https:\/\/serbiantimes.info\/en#listItem","name":"Home"}},{"@type":"ListItem","@id":"https:\/\/serbiantimes.info\/en\/embassy-in-canada-announces-serbian-stewardess-not-among-those-injured-in-toronto-plane-crash\/#listItem","position":3,"name":"EMBASSY IN CANADA ANNOUNCES: Serbian stewardess not among those injured in Toronto plane crash!","previousItem":{"@type":"ListItem","@id":"https:\/\/serbiantimes.info\/en\/category\/diaspora\/#listItem","name":"DIASPORA"}}]},{"@type":"Organization","@id":"https:\/\/serbiantimes.info\/en\/#organization","name":"Serbiantimes.info EN","url":"https:\/\/serbiantimes.info\/en\/","logo":{"@type":"ImageObject","url":"https:\/\/serbiantimes.info\/en\/wp-content\/uploads\/sites\/2\/2024\/10\/cropped-cropped-Serbian-Times-Header-Logo-1.png","@id":"https:\/\/serbiantimes.info\/en\/embassy-in-canada-announces-serbian-stewardess-not-among-those-injured-in-toronto-plane-crash\/#organizationLogo","width":480,"height":100},"image":{"@id":"https:\/\/serbiantimes.info\/en\/embassy-in-canada-announces-serbian-stewardess-not-among-those-injured-in-toronto-plane-crash\/#organizationLogo"}},{"@type":"Person","@id":"https:\/\/serbiantimes.info\/en\/author\/serbiantimes-portal\/#author","url":"https:\/\/serbiantimes.info\/en\/author\/serbiantimes-portal\/","name":"Serbian Times","image":{"@type":"ImageObject","@id":"https:\/\/serbiantimes.info\/en\/embassy-in-canada-announces-serbian-stewardess-not-among-those-injured-in-toronto-plane-crash\/#authorImage","url":"https:\/\/secure.gravatar.com\/avatar\/ea76e009769270b4193e2bc7e032c096b4ae135483ec03b396fd0f520bc3dcfd?s=96&d=mm&r=g","width":96,"height":96,"caption":"Serbian Times"}},{"@type":"WebPage","@id":"https:\/\/serbiantimes.info\/en\/embassy-in-canada-announces-serbian-stewardess-not-among-those-injured-in-toronto-plane-crash\/#webpage","url":"https:\/\/serbiantimes.info\/en\/embassy-in-canada-announces-serbian-stewardess-not-among-those-injured-in-toronto-plane-crash\/","name":"EMBASSY IN CANADA ANNOUNCES: Serbian stewardess not among those injured in Toronto plane crash! | Serbiantimes.info EN","description":"The Embassy of the Republic of Serbia in Canada has denied that a 32-year-old stewardess from Belgrade is one of the seriously injured in a plane crash in Toronto, media reports. Serbian Times reported yesterday information from Serbian media that a stewardess from Belgrade was allegedly seriously injured in the accident and is fighting for","inLanguage":"en-US","isPartOf":{"@id":"https:\/\/serbiantimes.info\/en\/#website"},"breadcrumb":{"@id":"https:\/\/serbiantimes.info\/en\/embassy-in-canada-announces-serbian-stewardess-not-among-those-injured-in-toronto-plane-crash\/#breadcrumblist"},"author":{"@id":"https:\/\/serbiantimes.info\/en\/author\/serbiantimes-portal\/#author"},"creator":{"@id":"https:\/\/serbiantimes.info\/en\/author\/serbiantimes-portal\/#author"},"image":{"@type":"ImageObject","url":"https:\/\/serbiantimes.info\/en\/wp-content\/uploads\/sites\/2\/2025\/02\/image-1200x750-1-11-1.png","@id":"https:\/\/serbiantimes.info\/en\/embassy-in-canada-announces-serbian-stewardess-not-among-those-injured-in-toronto-plane-crash\/#mainImage","width":1200,"height":750},"primaryImageOfPage":{"@id":"https:\/\/serbiantimes.info\/en\/embassy-in-canada-announces-serbian-stewardess-not-among-those-injured-in-toronto-plane-crash\/#mainImage"},"datePublished":"2025-02-19T16:25:41+02:00","dateModified":"2025-02-19T16:25:42+02:00"},{"@type":"WebSite","@id":"https:\/\/serbiantimes.info\/en\/#website","url":"https:\/\/serbiantimes.info\/en\/","name":"Serbiantimes.info EN","inLanguage":"en-US","publisher":{"@id":"https:\/\/serbiantimes.info\/en\/#organization"}}]},"og:locale":"en_US","og:site_name":"Serbiantimes.info EN |","og:type":"article","og:title":"EMBASSY IN CANADA ANNOUNCES: Serbian stewardess not among those injured in Toronto plane crash! | Serbiantimes.info EN","og:description":"The Embassy of the Republic of Serbia in Canada has denied that a 32-year-old stewardess from Belgrade is one of the seriously injured in a plane crash in Toronto, media reports. Serbian Times reported yesterday information from Serbian media that a stewardess from Belgrade was allegedly seriously injured in the accident and is fighting for","og:url":"https:\/\/serbiantimes.info\/en\/embassy-in-canada-announces-serbian-stewardess-not-among-those-injured-in-toronto-plane-crash\/","og:image":"https:\/\/serbiantimes.info\/en\/wp-content\/uploads\/sites\/2\/2025\/02\/image-1200x750-1-11-1.png","og:image:secure_url":"https:\/\/serbiantimes.info\/en\/wp-content\/uploads\/sites\/2\/2025\/02\/image-1200x750-1-11-1.png","og:image:width":1200,"og:image:height":750,"article:published_time":"2025-02-19T14:25:41+00:00","article:modified_time":"2025-02-19T14:25:42+00:00","twitter:card":"summary_large_image","twitter:title":"EMBASSY IN CANADA ANNOUNCES: Serbian stewardess not among those injured in Toronto plane crash! | Serbiantimes.info EN","twitter:description":"The Embassy of the Republic of Serbia in Canada has denied that a 32-year-old stewardess from Belgrade is one of the seriously injured in a plane crash in Toronto, media reports. Serbian Times reported yesterday information from Serbian media that a stewardess from Belgrade was allegedly seriously injured in the accident and is fighting for","twitter:image":"https:\/\/serbiantimes.info\/en\/wp-content\/uploads\/sites\/2\/2025\/02\/image-1200x750-1-11-1.png"},"aioseo_meta_data":{"post_id":"165795","title":null,"description":null,"keywords":null,"keyphrases":{"focus":{"keyphrase":"","score":0,"analysis":{"keyphraseInTitle":{"score":0,"maxScore":9,"error":1}}},"additional":[]},"primary_term":null,"canonical_url":null,"og_title":null,"og_description":null,"og_object_type":"default","og_image_type":"default","og_image_url":null,"og_image_width":null,"og_image_height":null,"og_image_custom_url":null,"og_image_custom_fields":null,"og_video":"","og_custom_url":null,"og_article_section":null,"og_article_tags":null,"twitter_use_og":false,"twitter_card":"default","twitter_image_type":"default","twitter_image_url":null,"twitter_image_custom_url":null,"twitter_image_custom_fields":null,"twitter_title":null,"twitter_description":null,"schema":{"blockGraphs":[],"customGraphs":[],"default":{"data":{"Article":[],"Course":[],"Dataset":[],"FAQPage":[],"Movie":[],"Person":[],"Product":[],"ProductReview":[],"Car":[],"Recipe":[],"Service":[],"SoftwareApplication":[],"WebPage":[]},"graphName":"BlogPosting","isEnabled":true},"graphs":[]},"schema_type":"default","schema_type_options":null,"pillar_content":false,"robots_default":true,"robots_noindex":false,"robots_noarchive":false,"robots_nosnippet":false,"robots_nofollow":false,"robots_noimageindex":false,"robots_noodp":false,"robots_notranslate":false,"robots_max_snippet":"-1","robots_max_videopreview":"-1","robots_max_imagepreview":"large","priority":null,"frequency":"default","local_seo":null,"breadcrumb_settings":null,"limit_modified_date":false,"ai":null,"created":"2025-02-19 14:25:42","updated":"2025-06-26 17:19:10","focus_keyword":null,"additional_keywords":null,"truseo_locale":null,"seo_analyzer_scan_date":null},"aioseo_breadcrumb":"<div class=\"aioseo-breadcrumbs\"><span class=\"aioseo-breadcrumb\">\n\t\t\t<a href=\"https:\/\/serbiantimes.info\/en\" title=\"Home\">Home<\/a>\n\t\t<\/span><span class=\"aioseo-breadcrumb-separator\">&raquo;<\/span><span class=\"aioseo-breadcrumb\">\n\t\t\t<a href=\"https:\/\/serbiantimes.info\/en\/category\/diaspora\/\" title=\"DIASPORA\">DIASPORA<\/a>\n\t\t<\/span><span class=\"aioseo-breadcrumb-separator\">&raquo;<\/span><span class=\"aioseo-breadcrumb\">\n\t\t\tEMBASSY IN CANADA ANNOUNCES: Serbian stewardess not among those injured in Toronto plane crash!\n\t\t<\/span><\/div>","aioseo_breadcrumb_json":[{"label":"Home","link":"https:\/\/serbiantimes.info\/en"},{"label":"DIASPORA","link":"https:\/\/serbiantimes.info\/en\/category\/diaspora\/"},{"label":"EMBASSY IN CANADA ANNOUNCES: Serbian stewardess not among those injured in Toronto plane crash!","link":"https:\/\/serbiantimes.info\/en\/embassy-in-canada-announces-serbian-stewardess-not-among-those-injured-in-toronto-plane-crash\/"}],"distributor_meta":false,"distributor_terms":false,"distributor_media":false,"distributor_original_site_name":"Serbiantimes.info EN","distributor_original_site_url":"https:\/\/serbiantimes.info\/en","push-errors":false,"_links":{"self":[{"href":"https:\/\/serbiantimes.info\/en\/wp-json\/wp\/v2\/posts\/165795","targetHints":{"allow":["GET"]}}],"collection":[{"href":"https:\/\/serbiantimes.info\/en\/wp-json\/wp\/v2\/posts"}],"about":[{"href":"https:\/\/serbiantimes.info\/en\/wp-json\/wp\/v2\/types\/post"}],"author":[{"embeddable":true,"href":"https:\/\/serbiantimes.info\/en\/wp-json\/wp\/v2\/users\/2169"}],"replies":[{"embeddable":true,"href":"https:\/\/serbiantimes.info\/en\/wp-json\/wp\/v2\/comments?post=165795"}],"version-history":[{"count":1,"href":"https:\/\/serbiantimes.info\/en\/wp-json\/wp\/v2\/posts\/165795\/revisions"}],"predecessor-version":[{"id":165798,"href":"https:\/\/serbiantimes.info\/en\/wp-json\/wp\/v2\/posts\/165795\/revisions\/165798"}],"wp:featuredmedia":[{"embeddable":true,"href":"https:\/\/serbiantimes.info\/en\/wp-json\/wp\/v2\/media\/165796"}],"wp:attachment":[{"href":"https:\/\/serbiantimes.info\/en\/wp-json\/wp\/v2\/media?parent=165795"}],"wp:term":[{"taxonomy":"category","embeddable":true,"href":"https:\/\/serbiantimes.info\/en\/wp-json\/wp\/v2\/categories?post=165795"},{"taxonomy":"post_tag","embeddable":true,"href":"https:\/\/serbiantimes.info\/en\/wp-json\/wp\/v2\/tags?post=165795"}],"curies":[{"name":"wp","href":"https:\/\/api.w.org\/{rel}","templated":true}]}}