{"id":164543,"date":"2025-02-13T12:06:44","date_gmt":"2025-02-13T10:06:44","guid":{"rendered":"https:\/\/serbiantimes.info\/en\/?p=164543"},"modified":"2025-02-13T12:06:44","modified_gmt":"2025-02-13T10:06:44","slug":"we-know-why-we-are-going-students-from-kraljevo-and-novi-pazar-head-to-kragujevac-colleagues-from-cacak-to-join","status":"publish","type":"post","link":"https:\/\/serbiantimes.info\/en\/we-know-why-we-are-going-students-from-kraljevo-and-novi-pazar-head-to-kragujevac-colleagues-from-cacak-to-join\/","title":{"rendered":"\u201cWE KNOW WHY WE ARE GOING\u201d: Students from Kraljevo and Novi Pazar head to Kragujevac, colleagues from \u010ca\u010dak to join!"},"content":{"rendered":"\n<p>Students from Kraljevo, along with colleagues from Novi Pazar, set off this morning on foot towards Kragujevac, where the large gathering &#8220;Let\u2019s Meet on Sretenje&#8221; will be held on Saturday.<\/p>\n\n\n\n<p>The flags of Kraljevo and Novi Pazar were united in front of the Faculty of Mechanical and Civil Engineering in Kraljevo as the students embarked on their more than 50-kilometer walking route. They plan to meet fellow students from U\u017eice, \u010ca\u010dak, and Gornji Milanovac in Mr\u010dajevci, from where they will continue together to the large gathering in Kragujevac.<\/p>\n\n\n\n<p>&#8220;Together with students from Novi Pazar, about 80 of us are heading to Mr\u010dajevci, where we will meet with colleagues from \u010ca\u010dak, U\u017eice, and Gornji Milanovac, and then continue to Kni\u0107. We will spend the night there and head to Kragujevac tomorrow,&#8221; said Sreten Maloparac, a student at the Faculty of Mechanical Engineering in Kraljevo.<\/p>\n\n\n\n<p>He added that, according to the information they received, about 180 people are coming from \u010ca\u010dak, making the total group around 260 people.<\/p>\n\n\n\n<p>&#8220;A serious group of people. If everyone who promised shows up, it should be great.&#8221;<\/p>\n\n\n\n<h4 class=\"wp-block-heading\"><mark style=\"background-color:#FFFFFF;color:#d21414\" class=\"has-inline-color\">FIND OUT MORE IN ENGLISH:<\/mark><\/h4>\n\n\n\n<iframe loading=\"lazy\" src=\"https:\/\/www.facebook.com\/plugins\/post.php?href=https%3A%2F%2Fwww.facebook.com%2Fserbiantimes%2Fposts%2Fpfbid02w8yRPrbMBc3jRKeZ82PVMjc4M51Gpgir22pmCbVdCRnwM9FVk2p5wvg7Az7weyasl&#038;show_text=true&#038;width=500\" width=\"500\" height=\"558\" style=\"border:none;overflow:hidden\" scrolling=\"no\" frameborder=\"0\" allowfullscreen=\"true\" allow=\"autoplay; clipboard-write; encrypted-media; picture-in-picture; web-share\"><\/iframe>\n\n\n\n<p>Students from the FMG in Kraljevo were among the last to join the blockade, and Maloparac explained that they waited for support from their professors but also faced pressure.<\/p>\n\n\n\n<p>&#8220;Well, there was some pressure, and we were waiting for something\u2026 to get support from our professors. And, well, that changed. We got the support and decided not to be the only ones not in the blockade. We joined on January 27 and have been organizing protests with high school seniors from the city ever since. We are in contact with them every day,&#8221; he said.<\/p>\n\n\n\n<p>When asked if they were ready for the more than 50-kilometer walk, the student responded positively.<\/p>\n\n\n\n<p>&#8220;We are ready. The atmosphere here is great. We are all excited and know why we are going,&#8221; concluded Sreten.<\/p>\n\n\n\n<h4 class=\"wp-block-heading\"><mark style=\"background-color:#FFFFFF;color:#d21414\" class=\"has-inline-color\">MORE TOPICS:<\/mark><\/h4>\n\n\n\n<p><a href=\"https:\/\/serbiantimes.info\/en\/came-for-her-aunt-stayed-for-love-african-woman-becomes-a-serbian-daughter-in-law-and-starts-a-unique-business-in-pancevo-photo\/\" target=\"_blank\" rel=\"noopener\" title=\"\"><strong>CAME FOR HER AUNT, STAYED FOR LOVE: African woman becomes a Serbian daughter-in-law and starts a unique business in Pan\u010devo! (PHOTO)<\/strong><\/a><\/p>\n\n\n\n<p><strong><a href=\"https:\/\/serbiantimes.info\/en\/preserving-lazar-and-milos-for-generations-how-the-gusle-saved-serbian-history-from-oblivion-and-introduced-it-to-europe-in-grand-style\/\" target=\"_blank\" rel=\"noopener\" title=\"\">PRESERVING LAZAR AND MILO\u0160 FOR GENERATIONS: How the Gusle saved Serbian history from oblivion and introduced It to Europe in grand style!<\/a><\/strong><\/p>\n\n\n\n<p><strong><a href=\"https:\/\/serbiantimes.info\/en\/he-is-injured-and-has-not-received-help-heartbreaking-testimony-from-the-mother-of-the-serbian-citizen-abducted-by-hamas-video\/\" target=\"_blank\" rel=\"noopener\" title=\"\">\u201cHE IS INJURED AND HAS NOT RECEIVED HELP\u201d: Heartbreaking testimony from the mother of the Serbian citizen abducted by Hamas! (VIDEO)<\/a><\/strong><\/p>\n\n\n\n<p><strong>Source<\/strong>: N1, <strong>Foto<\/strong>: N1<\/p>\n","protected":false},"excerpt":{"rendered":"<p>Students from Kraljevo, along with colleagues from Novi Pazar, set off this morning on foot towards Kragujevac, where the large gathering &#8220;Let\u2019s Meet on Sretenje&#8221; will be held on Saturday. The flags of Kraljevo and Novi Pazar were united in front of the Faculty of Mechanical and Civil Engineering in Kraljevo as the students embarked [&hellip;]<\/p>\n","protected":false},"author":2169,"featured_media":164544,"comment_status":"open","ping_status":"open","sticky":false,"template":"","format":"standard","meta":{"newspack_featured_image_position":"","newspack_post_subtitle":"","newspack_article_summary_title":"Overview:","newspack_article_summary":"","newspack_hide_updated_date":false,"newspack_show_updated_date":false,"footnotes":""},"categories":[7],"tags":[4951,669,233,3483,642,674,113,4952,2490,4505,4947,3791],"class_list":["post-164543","post","type-post","status-publish","format-standard","has-post-thumbnail","hentry","category-serbia","tag-cacak-2","tag-demonstracije","tag-kragujevac","tag-kraljevo","tag-protest","tag-protesti","tag-srbija","tag-sretnimo-na-sretenje","tag-studenti","tag-studentske-blokade","tag-studentski-mars","tag-studentski-protesti","entry"],"aioseo_notices":[],"distributor_meta":false,"distributor_terms":false,"distributor_media":false,"distributor_original_site_name":"Serbiantimes.info EN","distributor_original_site_url":"https:\/\/serbiantimes.info\/en","push-errors":false,"_links":{"self":[{"href":"https:\/\/serbiantimes.info\/en\/wp-json\/wp\/v2\/posts\/164543","targetHints":{"allow":["GET"]}}],"collection":[{"href":"https:\/\/serbiantimes.info\/en\/wp-json\/wp\/v2\/posts"}],"about":[{"href":"https:\/\/serbiantimes.info\/en\/wp-json\/wp\/v2\/types\/post"}],"author":[{"embeddable":true,"href":"https:\/\/serbiantimes.info\/en\/wp-json\/wp\/v2\/users\/2169"}],"replies":[{"embeddable":true,"href":"https:\/\/serbiantimes.info\/en\/wp-json\/wp\/v2\/comments?post=164543"}],"version-history":[{"count":1,"href":"https:\/\/serbiantimes.info\/en\/wp-json\/wp\/v2\/posts\/164543\/revisions"}],"predecessor-version":[{"id":164560,"href":"https:\/\/serbiantimes.info\/en\/wp-json\/wp\/v2\/posts\/164543\/revisions\/164560"}],"wp:featuredmedia":[{"embeddable":true,"href":"https:\/\/serbiantimes.info\/en\/wp-json\/wp\/v2\/media\/164544"}],"wp:attachment":[{"href":"https:\/\/serbiantimes.info\/en\/wp-json\/wp\/v2\/media?parent=164543"}],"wp:term":[{"taxonomy":"category","embeddable":true,"href":"https:\/\/serbiantimes.info\/en\/wp-json\/wp\/v2\/categories?post=164543"},{"taxonomy":"post_tag","embeddable":true,"href":"https:\/\/serbiantimes.info\/en\/wp-json\/wp\/v2\/tags?post=164543"}],"curies":[{"name":"wp","href":"https:\/\/api.w.org\/{rel}","templated":true}]}}