{"id":162418,"date":"2025-02-03T00:09:53","date_gmt":"2025-02-02T22:09:53","guid":{"rendered":"https:\/\/serbiantimes.info\/en\/?p=162418"},"modified":"2025-02-03T09:32:49","modified_gmt":"2025-02-03T07:32:49","slug":"u-s-media-on-protests-nothing-like-this-has-been-seen-in-the-balkans-vucic-government-faces-its-biggest-challenge-yet","status":"publish","type":"post","link":"https:\/\/serbiantimes.info\/en\/u-s-media-on-protests-nothing-like-this-has-been-seen-in-the-balkans-vucic-government-faces-its-biggest-challenge-yet\/","title":{"rendered":"U.S. MEDIA ON PROTESTS: Nothing like this has been seen in the Balkans, Vu\u010di\u0107\u2019 government faces its biggest challenge yet!"},"content":{"rendered":"\n<p class=\"wp-block-paragraph\">&#8220;Serbia has been shaken by <strong>mass protests<\/strong> for months as citizens demand justice and accountability for the <strong>tragedy at the Novi Sad Railway Station, which claimed 15 lives<\/strong>,&#8221; writes <strong>Fox News<\/strong> about the current situation in Serbia.<\/p>\n\n\n\n<p class=\"wp-block-paragraph\">Fox News adds that for <strong>nearly three months<\/strong>, <strong>tens of thousands of people<\/strong> have been <strong>marching<\/strong>, demanding the <strong>criminal prosecution of those responsible<\/strong>, recalling that the <strong>accident occurred on November 1 of last year<\/strong>, when a <strong>canopy at the recently renovated railway station collapsed<\/strong>, a project carried out by <strong>two Chinese companies<\/strong>.<\/p>\n\n\n\n<p class=\"wp-block-paragraph\">Last week, a <strong>general strike<\/strong> was organized in Serbia, along with a <strong>24-hour blockade of Autokomanda in Belgrade<\/strong> in response to the disaster.<\/p>\n\n\n\n<p class=\"wp-block-paragraph\">&#8220;I have worked in the Balkans for 30 years, and I have never seen anything like this,&#8221; <strong>Tanja Domi<\/strong>, a professor at Columbia University\u2019s <strong>Harriman Institute<\/strong>, told Fox News.<\/p>\n\n\n\n<p class=\"wp-block-paragraph\">As the protests <strong>show no signs of stopping<\/strong>, Serbian <strong>Prime Minister Milo\u0161 Vu\u010devi\u0107<\/strong> and the <strong>Mayor of Novi Sad, the city where the tragedy occurred, recently resigned<\/strong>, Fox News reports.<\/p>\n\n\n\n<p class=\"wp-block-paragraph\">However, <strong>Vu\u010devi\u0107\u2019s resignation has not quelled the demonstrations<\/strong>.<\/p>\n\n\n\n<p class=\"wp-block-paragraph\">&#8220;The <strong>prime minister\u2019s resignation is simply not enough<\/strong>,&#8221; <strong>Helena Ivanov<\/strong>, senior research fellow at the <strong>Henry Jackson Society<\/strong>, told <strong>Fox News Digital<\/strong>.<\/p>\n\n\n\n<p class=\"wp-block-paragraph\">Ivanov notes that <strong>demonstrators, led by students, have clear demands<\/strong>, including the <strong>publication of all documentation related to the railway station\u2019s reconstruction<\/strong> and the <strong>arrest of those responsible<\/strong>.<\/p>\n\n\n\n<p class=\"wp-block-paragraph\">Initially, the <strong>Serbian government tried to ignore the protests<\/strong>, then <strong>resorted to force<\/strong>, and eventually <strong>pushed the narrative that the protests were instigated by foreign intelligence agencies<\/strong>.<\/p>\n\n\n\n<p class=\"wp-block-paragraph\">&#8220;For the demonstrators, the <strong>collapse of the Novi Sad railway station canopy<\/strong> cannot be treated as an isolated incident. They see it as the ultimate proof of <strong>widespread negligence and deeply rooted, endemic corruption<\/strong> in the country, which ultimately led to this tragedy,&#8221; said <strong>Sini\u0161a Vukovi\u0107<\/strong>, director of the <strong>Global Policy Program at Johns Hopkins University<\/strong>.<\/p>\n\n\n\n<p class=\"wp-block-paragraph\">The <strong>resignation of Prime Minister Vu\u010devi\u0107<\/strong> could mean one of two things: <strong>either a new government will be formed within 30 days, or snap elections will be called<\/strong>. Serbian President <strong>Aleksandar Vu\u010di\u0107<\/strong> addressed the nation, stating that he would decide <strong>within the next 10 days<\/strong> whether to proceed with forming a new government or holding elections.<\/p>\n\n\n\n<p class=\"wp-block-paragraph\">&#8220;This is <strong>one of the biggest challenges Vu\u010di\u0107 and his party have faced in their 13 years in power<\/strong>,&#8221; added Ivanov.<\/p>\n\n\n\n<p class=\"wp-block-paragraph\">Serbian <strong>Foreign Minister Marko \u0110uri\u0107<\/strong> told <strong>Fox News Digital<\/strong> that <strong>Serbia&#8217;s commitment to stability, reform, and continuous growth remains unchanged<\/strong>.<\/p>\n\n\n\n<p class=\"wp-block-paragraph\">Fox News also reports that <strong>students have distanced themselves from opposition parties<\/strong>, which lack <strong>broad public support<\/strong> and are generally seen as <strong>weak and ineffective<\/strong>. Students emphasize that this <strong>is their fight<\/strong> and that they <strong>will not allow opposition parties to interfere<\/strong>.<\/p>\n\n\n\n<h4 class=\"wp-block-heading\"><mark style=\"background-color:#FFFFFF;color:#d21414\" class=\"has-inline-color\">MORE TOPICS:<\/mark><\/h4>\n\n\n\n<iframe loading=\"lazy\" src=\"https:\/\/www.facebook.com\/plugins\/post.php?href=https%3A%2F%2Fwww.facebook.com%2Fserbiantimes%2Fposts%2Fpfbid04Fg4RewUmNd2QfnPv43Fho49TamF31RJFns85mY5MVENLoCM6k8mtAN2Xf5vKf52l&#038;show_text=true&#038;width=500\" width=\"500\" height=\"576\" style=\"border:none;overflow:hidden\" scrolling=\"no\" frameborder=\"0\" allowfullscreen=\"true\" allow=\"autoplay; clipboard-write; encrypted-media; picture-in-picture; web-share\"><\/iframe>\n\n\n\n<p class=\"wp-block-paragraph\">Security forces have attempted to <strong>suppress the protests<\/strong>, further <strong>escalating tensions and motivating even more people to join the demonstrations<\/strong>.<\/p>\n\n\n\n<p class=\"wp-block-paragraph\"><strong>Ivana Stradner<\/strong>, a researcher at the <strong>Foundation for Defense of Democracies<\/strong>, told <strong>Fox News Digital<\/strong> that the <strong>Trump administration should not fall for Vu\u010di\u0107\u2019s usual tricks<\/strong>\u2014his <strong>habit of balancing between the U.S. and its adversaries<\/strong>.<\/p>\n\n\n\n<p class=\"wp-block-paragraph\">&#8220;<strong>Vu\u010di\u0107 has thrown Serbia\u2019s doors wide open to Chinese weapons and investments<\/strong>. Serbia\u2019s <strong>close ties with Iran and Russia also undermine American interests<\/strong>. His domestic propaganda <strong>paints the U.S. as an enemy<\/strong>. With friends like Vu\u010di\u0107, <strong>Washington doesn\u2019t need enemies<\/strong>,&#8221; Stradner concludes.<\/p>\n\n\n\n<h4 class=\"wp-block-heading\"><mark>MORE NEWS:<\/mark><\/h4>\n\n\n\n<p class=\"wp-block-paragraph\" id=\"block-cec1b890-e2bf-44d5-97cc-b530b5bc6fd9\"><strong><a href=\"https:\/\/serbiantimes.info\/en\/madonna-supported-the-students-the-media-doesnt-show-you-the-biggest-student-movement-since-1968-video\/\">MADONNA SUPPORTED SERBIAN STUDENTS: \u201cThe media doesn\u2019t show you the largest-led student movement since 1968!\u201d (VIDEO)<\/a><\/strong><\/p>\n\n\n\n<p class=\"wp-block-paragraph\" id=\"block-6d0128ea-1d62-43c6-a33c-7ffcc296d1c6\"><strong><a href=\"https:\/\/serbiantimes.info\/en\/why-the-boycott-serbian-and-balkan-products-more-expensive-in-belgrade-than-in-chicago-video\/\">WHY THE BOYCOTT: Serbian and Balkan Products More Expensive in Belgrade Than in Chicago! (VIDEO)<\/a><\/strong><\/p>\n\n\n\n<p class=\"wp-block-paragraph\" id=\"block-9d01e075-fb4e-49c5-90cb-30a33362ea62\"><strong><a href=\"https:\/\/serbiantimes.info\/en\/who-is-the-aggressor-in-kosovo-tucker-carlson-demolished-nato-and-shut-down-the-famous-british-journalist-video\/\">\u201cWHO IS THE AGGRESSOR IN KOSOVO?!\u201d: Tucker Carlson demolished NATO and shut down the famous British journalist! (VIDEO)<\/a><\/strong><\/p>\n\n\n\n<p class=\"wp-block-paragraph\"><strong>Source<\/strong><strong>:<\/strong> Nedeljnik, <strong>Foto: <\/strong>OLIVER BUNIC \/ AFP \/ Profimedia<\/p>\n","protected":false},"excerpt":{"rendered":"<p>&#8220;Serbia has been shaken by mass protests for months as citizens demand justice and accountability for the tragedy at the Novi Sad Railway Station, which claimed 15 lives,&#8221; writes Fox News about the current situation in Serbia. Fox News adds that for nearly three months, tens of thousands of people have been marching, demanding the [&hellip;]<\/p>\n","protected":false},"author":2169,"featured_media":100000170320,"comment_status":"open","ping_status":"open","sticky":false,"template":"","format":"standard","meta":{"newspack_featured_image_position":"","newspack_post_subtitle":"","newspack_article_summary_title":"Overview:","newspack_article_summary":"","newspack_hide_updated_date":false,"newspack_show_updated_date":false,"footnotes":""},"categories":[7],"tags":[856,24,1920,806,674],"class_list":["post-162418","post","type-post","status-publish","format-standard","has-post-thumbnail","hentry","category-serbia","tag-aleksandar-vucic","tag-donald-tramp","tag-milos-vucevic","tag-novi-sad","tag-protesti","entry"],"aioseo_notices":[],"aioseo_head":"\n\t\t<!-- All in One SEO 5.0.1.1 - aioseo.com -->\n\t<meta name=\"description\" content=\"&quot;Serbia has been shaken by mass protests for months as citizens demand justice and accountability for the tragedy at the Novi Sad Railway Station, which claimed 15 lives,&quot; writes Fox News about the current situation in Serbia. Fox News adds that for nearly three months, tens of thousands of people have been marching, demanding the\" \/>\n\t<meta name=\"robots\" content=\"max-image-preview:large\" \/>\n\t<meta name=\"author\" content=\"Serbian Times\"\/>\n\t<link rel=\"canonical\" href=\"https:\/\/serbiantimes.info\/en\/u-s-media-on-protests-nothing-like-this-has-been-seen-in-the-balkans-vucic-government-faces-its-biggest-challenge-yet\/\" \/>\n\t<meta name=\"generator\" content=\"All in One SEO (AIOSEO) 5.0.1.1\" \/>\n\t\t<meta property=\"og:locale\" content=\"en_US\" \/>\n\t\t<meta property=\"og:site_name\" content=\"Serbiantimes.info EN |\" \/>\n\t\t<meta property=\"og:type\" content=\"article\" \/>\n\t\t<meta property=\"og:title\" content=\"U.S. MEDIA ON PROTESTS: Nothing like this has been seen in the Balkans, Vu\u010di\u0107\u2019 government faces its biggest challenge yet! | Serbiantimes.info EN\" \/>\n\t\t<meta property=\"og:description\" content=\"&quot;Serbia has been shaken by mass protests for months as citizens demand justice and accountability for the tragedy at the Novi Sad Railway Station, which claimed 15 lives,&quot; writes Fox News about the current situation in Serbia. Fox News adds that for nearly three months, tens of thousands of people have been marching, demanding the\" \/>\n\t\t<meta property=\"og:url\" content=\"https:\/\/serbiantimes.info\/en\/u-s-media-on-protests-nothing-like-this-has-been-seen-in-the-balkans-vucic-government-faces-its-biggest-challenge-yet\/\" \/>\n\t\t<meta property=\"og:image\" content=\"https:\/\/serbiantimes.info\/en\/wp-content\/uploads\/2025\/02\/profimedia-0946021551-1.webp\" \/>\n\t\t<meta property=\"og:image:secure_url\" content=\"https:\/\/serbiantimes.info\/en\/wp-content\/uploads\/2025\/02\/profimedia-0946021551-1.webp\" \/>\n\t\t<meta property=\"og:image:width\" content=\"1400\" \/>\n\t\t<meta property=\"og:image:height\" content=\"933\" \/>\n\t\t<meta property=\"article:published_time\" content=\"2025-02-02T22:09:53+00:00\" \/>\n\t\t<meta property=\"article:modified_time\" content=\"2025-02-03T07:32:49+00:00\" \/>\n\t\t<meta name=\"twitter:card\" content=\"summary_large_image\" \/>\n\t\t<meta name=\"twitter:title\" content=\"U.S. MEDIA ON PROTESTS: Nothing like this has been seen in the Balkans, Vu\u010di\u0107\u2019 government faces its biggest challenge yet! | Serbiantimes.info EN\" \/>\n\t\t<meta name=\"twitter:description\" content=\"&quot;Serbia has been shaken by mass protests for months as citizens demand justice and accountability for the tragedy at the Novi Sad Railway Station, which claimed 15 lives,&quot; writes Fox News about the current situation in Serbia. Fox News adds that for nearly three months, tens of thousands of people have been marching, demanding the\" \/>\n\t\t<meta name=\"twitter:image\" content=\"https:\/\/serbiantimes.info\/en\/wp-content\/uploads\/2025\/02\/profimedia-0946021551-1.webp\" \/>\n\t\t<script type=\"application\/ld+json\" class=\"aioseo-schema\">\n\t\t\t{\"@context\":\"https:\\\/\\\/schema.org\",\"@graph\":[{\"@type\":\"BlogPosting\",\"@id\":\"https:\\\/\\\/serbiantimes.info\\\/en\\\/u-s-media-on-protests-nothing-like-this-has-been-seen-in-the-balkans-vucic-government-faces-its-biggest-challenge-yet\\\/#blogposting\",\"name\":\"U.S. MEDIA ON PROTESTS: Nothing like this has been seen in the Balkans, Vu\\u010di\\u0107\\u2019 government faces its biggest challenge yet! | Serbiantimes.info EN\",\"headline\":\"U.S. MEDIA ON PROTESTS: Nothing like this has been seen in the Balkans, Vu\\u010di\\u0107\\u2019 government faces its biggest challenge yet!\",\"author\":{\"@id\":\"https:\\\/\\\/serbiantimes.info\\\/en\\\/author\\\/serbiantimes-portal\\\/#author\"},\"publisher\":{\"@id\":\"https:\\\/\\\/serbiantimes.info\\\/en\\\/#organization\"},\"image\":{\"@type\":\"ImageObject\",\"url\":\"https:\\\/\\\/serbiantimes.info\\\/en\\\/wp-content\\\/uploads\\\/2025\\\/02\\\/profimedia-0946021551-1.webp\"},\"datePublished\":\"2025-02-03T00:09:53+02:00\",\"dateModified\":\"2025-02-03T09:32:49+02:00\",\"inLanguage\":\"en-US\",\"mainEntityOfPage\":{\"@id\":\"https:\\\/\\\/serbiantimes.info\\\/en\\\/u-s-media-on-protests-nothing-like-this-has-been-seen-in-the-balkans-vucic-government-faces-its-biggest-challenge-yet\\\/#webpage\"},\"isPartOf\":{\"@id\":\"https:\\\/\\\/serbiantimes.info\\\/en\\\/u-s-media-on-protests-nothing-like-this-has-been-seen-in-the-balkans-vucic-government-faces-its-biggest-challenge-yet\\\/#webpage\"},\"articleSection\":\"SERBIA, Aleksandar Vu\\u010di\\u0107, Donald Tramp, Milo\\u0161 Vu\\u010devi\\u0107, Novi Sad, protesti\"},{\"@type\":\"BreadcrumbList\",\"@id\":\"https:\\\/\\\/serbiantimes.info\\\/en\\\/u-s-media-on-protests-nothing-like-this-has-been-seen-in-the-balkans-vucic-government-faces-its-biggest-challenge-yet\\\/#breadcrumblist\",\"itemListElement\":[{\"@type\":\"ListItem\",\"@id\":\"https:\\\/\\\/serbiantimes.info\\\/en#listItem\",\"position\":1,\"name\":\"Home\",\"item\":\"https:\\\/\\\/serbiantimes.info\\\/en\",\"nextItem\":{\"@type\":\"ListItem\",\"@id\":\"https:\\\/\\\/serbiantimes.info\\\/en\\\/category\\\/serbia\\\/#listItem\",\"name\":\"SERBIA\"}},{\"@type\":\"ListItem\",\"@id\":\"https:\\\/\\\/serbiantimes.info\\\/en\\\/category\\\/serbia\\\/#listItem\",\"position\":2,\"name\":\"SERBIA\",\"item\":\"https:\\\/\\\/serbiantimes.info\\\/en\\\/category\\\/serbia\\\/\",\"nextItem\":{\"@type\":\"ListItem\",\"@id\":\"https:\\\/\\\/serbiantimes.info\\\/en\\\/u-s-media-on-protests-nothing-like-this-has-been-seen-in-the-balkans-vucic-government-faces-its-biggest-challenge-yet\\\/#listItem\",\"name\":\"U.S. MEDIA ON PROTESTS: Nothing like this has been seen in the Balkans, Vu\\u010di\\u0107\\u2019 government faces its biggest challenge yet!\"},\"previousItem\":{\"@type\":\"ListItem\",\"@id\":\"https:\\\/\\\/serbiantimes.info\\\/en#listItem\",\"name\":\"Home\"}},{\"@type\":\"ListItem\",\"@id\":\"https:\\\/\\\/serbiantimes.info\\\/en\\\/u-s-media-on-protests-nothing-like-this-has-been-seen-in-the-balkans-vucic-government-faces-its-biggest-challenge-yet\\\/#listItem\",\"position\":3,\"name\":\"U.S. MEDIA ON PROTESTS: Nothing like this has been seen in the Balkans, Vu\\u010di\\u0107\\u2019 government faces its biggest challenge yet!\",\"previousItem\":{\"@type\":\"ListItem\",\"@id\":\"https:\\\/\\\/serbiantimes.info\\\/en\\\/category\\\/serbia\\\/#listItem\",\"name\":\"SERBIA\"}}]},{\"@type\":\"Organization\",\"@id\":\"https:\\\/\\\/serbiantimes.info\\\/en\\\/#organization\",\"name\":\"Serbiantimes.info EN\",\"url\":\"https:\\\/\\\/serbiantimes.info\\\/en\\\/\",\"logo\":{\"@type\":\"ImageObject\",\"url\":\"https:\\\/\\\/serbiantimes.info\\\/en\\\/wp-content\\\/uploads\\\/sites\\\/2\\\/2024\\\/10\\\/cropped-cropped-Serbian-Times-Header-Logo-1.png\",\"@id\":\"https:\\\/\\\/serbiantimes.info\\\/en\\\/u-s-media-on-protests-nothing-like-this-has-been-seen-in-the-balkans-vucic-government-faces-its-biggest-challenge-yet\\\/#organizationLogo\",\"width\":480,\"height\":100},\"image\":{\"@id\":\"https:\\\/\\\/serbiantimes.info\\\/en\\\/u-s-media-on-protests-nothing-like-this-has-been-seen-in-the-balkans-vucic-government-faces-its-biggest-challenge-yet\\\/#organizationLogo\"}},{\"@type\":\"Person\",\"@id\":\"https:\\\/\\\/serbiantimes.info\\\/en\\\/author\\\/serbiantimes-portal\\\/#author\",\"url\":\"https:\\\/\\\/serbiantimes.info\\\/en\\\/author\\\/serbiantimes-portal\\\/\",\"name\":\"Serbian Times\",\"image\":{\"@type\":\"ImageObject\",\"@id\":\"https:\\\/\\\/serbiantimes.info\\\/en\\\/u-s-media-on-protests-nothing-like-this-has-been-seen-in-the-balkans-vucic-government-faces-its-biggest-challenge-yet\\\/#authorImage\",\"url\":\"https:\\\/\\\/secure.gravatar.com\\\/avatar\\\/ea76e009769270b4193e2bc7e032c096b4ae135483ec03b396fd0f520bc3dcfd?s=96&d=mm&r=g\",\"width\":96,\"height\":96,\"caption\":\"Serbian Times\"}},{\"@type\":\"WebPage\",\"@id\":\"https:\\\/\\\/serbiantimes.info\\\/en\\\/u-s-media-on-protests-nothing-like-this-has-been-seen-in-the-balkans-vucic-government-faces-its-biggest-challenge-yet\\\/#webpage\",\"url\":\"https:\\\/\\\/serbiantimes.info\\\/en\\\/u-s-media-on-protests-nothing-like-this-has-been-seen-in-the-balkans-vucic-government-faces-its-biggest-challenge-yet\\\/\",\"name\":\"U.S. MEDIA ON PROTESTS: Nothing like this has been seen in the Balkans, Vu\\u010di\\u0107\\u2019 government faces its biggest challenge yet! | Serbiantimes.info EN\",\"description\":\"\\\"Serbia has been shaken by mass protests for months as citizens demand justice and accountability for the tragedy at the Novi Sad Railway Station, which claimed 15 lives,\\\" writes Fox News about the current situation in Serbia. Fox News adds that for nearly three months, tens of thousands of people have been marching, demanding the\",\"inLanguage\":\"en-US\",\"isPartOf\":{\"@id\":\"https:\\\/\\\/serbiantimes.info\\\/en\\\/#website\"},\"breadcrumb\":{\"@id\":\"https:\\\/\\\/serbiantimes.info\\\/en\\\/u-s-media-on-protests-nothing-like-this-has-been-seen-in-the-balkans-vucic-government-faces-its-biggest-challenge-yet\\\/#breadcrumblist\"},\"author\":{\"@id\":\"https:\\\/\\\/serbiantimes.info\\\/en\\\/author\\\/serbiantimes-portal\\\/#author\"},\"creator\":{\"@id\":\"https:\\\/\\\/serbiantimes.info\\\/en\\\/author\\\/serbiantimes-portal\\\/#author\"},\"image\":{\"@type\":\"ImageObject\",\"url\":\"https:\\\/\\\/serbiantimes.info\\\/en\\\/wp-content\\\/uploads\\\/2025\\\/02\\\/profimedia-0946021551-1.webp\",\"@id\":\"https:\\\/\\\/serbiantimes.info\\\/en\\\/u-s-media-on-protests-nothing-like-this-has-been-seen-in-the-balkans-vucic-government-faces-its-biggest-challenge-yet\\\/#mainImage\"},\"primaryImageOfPage\":{\"@id\":\"https:\\\/\\\/serbiantimes.info\\\/en\\\/u-s-media-on-protests-nothing-like-this-has-been-seen-in-the-balkans-vucic-government-faces-its-biggest-challenge-yet\\\/#mainImage\"},\"datePublished\":\"2025-02-03T00:09:53+02:00\",\"dateModified\":\"2025-02-03T09:32:49+02:00\"},{\"@type\":\"WebSite\",\"@id\":\"https:\\\/\\\/serbiantimes.info\\\/en\\\/#website\",\"url\":\"https:\\\/\\\/serbiantimes.info\\\/en\\\/\",\"name\":\"Serbiantimes.info EN\",\"inLanguage\":\"en-US\",\"publisher\":{\"@id\":\"https:\\\/\\\/serbiantimes.info\\\/en\\\/#organization\"}}]}\n\t\t<\/script>\n\t\t<!-- All in One SEO -->\n\n","aioseo_head_json":{"title":"U.S. MEDIA ON PROTESTS: Nothing like this has been seen in the Balkans, Vu\u010di\u0107\u2019 government faces its biggest challenge yet! | Serbiantimes.info EN","description":"\"Serbia has been shaken by mass protests for months as citizens demand justice and accountability for the tragedy at the Novi Sad Railway Station, which claimed 15 lives,\" writes Fox News about the current situation in Serbia. Fox News adds that for nearly three months, tens of thousands of people have been marching, demanding the","canonical_url":"https:\/\/serbiantimes.info\/en\/u-s-media-on-protests-nothing-like-this-has-been-seen-in-the-balkans-vucic-government-faces-its-biggest-challenge-yet\/","robots":"max-image-preview:large","keywords":"","webmasterTools":{"miscellaneous":""},"schema":{"@context":"https:\/\/schema.org","@graph":[{"@type":"BlogPosting","@id":"https:\/\/serbiantimes.info\/en\/u-s-media-on-protests-nothing-like-this-has-been-seen-in-the-balkans-vucic-government-faces-its-biggest-challenge-yet\/#blogposting","name":"U.S. MEDIA ON PROTESTS: Nothing like this has been seen in the Balkans, Vu\u010di\u0107\u2019 government faces its biggest challenge yet! | Serbiantimes.info EN","headline":"U.S. MEDIA ON PROTESTS: Nothing like this has been seen in the Balkans, Vu\u010di\u0107\u2019 government faces its biggest challenge yet!","author":{"@id":"https:\/\/serbiantimes.info\/en\/author\/serbiantimes-portal\/#author"},"publisher":{"@id":"https:\/\/serbiantimes.info\/en\/#organization"},"image":{"@type":"ImageObject","url":"https:\/\/serbiantimes.info\/en\/wp-content\/uploads\/2025\/02\/profimedia-0946021551-1.webp"},"datePublished":"2025-02-03T00:09:53+02:00","dateModified":"2025-02-03T09:32:49+02:00","inLanguage":"en-US","mainEntityOfPage":{"@id":"https:\/\/serbiantimes.info\/en\/u-s-media-on-protests-nothing-like-this-has-been-seen-in-the-balkans-vucic-government-faces-its-biggest-challenge-yet\/#webpage"},"isPartOf":{"@id":"https:\/\/serbiantimes.info\/en\/u-s-media-on-protests-nothing-like-this-has-been-seen-in-the-balkans-vucic-government-faces-its-biggest-challenge-yet\/#webpage"},"articleSection":"SERBIA, Aleksandar Vu\u010di\u0107, Donald Tramp, Milo\u0161 Vu\u010devi\u0107, Novi Sad, protesti"},{"@type":"BreadcrumbList","@id":"https:\/\/serbiantimes.info\/en\/u-s-media-on-protests-nothing-like-this-has-been-seen-in-the-balkans-vucic-government-faces-its-biggest-challenge-yet\/#breadcrumblist","itemListElement":[{"@type":"ListItem","@id":"https:\/\/serbiantimes.info\/en#listItem","position":1,"name":"Home","item":"https:\/\/serbiantimes.info\/en","nextItem":{"@type":"ListItem","@id":"https:\/\/serbiantimes.info\/en\/category\/serbia\/#listItem","name":"SERBIA"}},{"@type":"ListItem","@id":"https:\/\/serbiantimes.info\/en\/category\/serbia\/#listItem","position":2,"name":"SERBIA","item":"https:\/\/serbiantimes.info\/en\/category\/serbia\/","nextItem":{"@type":"ListItem","@id":"https:\/\/serbiantimes.info\/en\/u-s-media-on-protests-nothing-like-this-has-been-seen-in-the-balkans-vucic-government-faces-its-biggest-challenge-yet\/#listItem","name":"U.S. MEDIA ON PROTESTS: Nothing like this has been seen in the Balkans, Vu\u010di\u0107\u2019 government faces its biggest challenge yet!"},"previousItem":{"@type":"ListItem","@id":"https:\/\/serbiantimes.info\/en#listItem","name":"Home"}},{"@type":"ListItem","@id":"https:\/\/serbiantimes.info\/en\/u-s-media-on-protests-nothing-like-this-has-been-seen-in-the-balkans-vucic-government-faces-its-biggest-challenge-yet\/#listItem","position":3,"name":"U.S. MEDIA ON PROTESTS: Nothing like this has been seen in the Balkans, Vu\u010di\u0107\u2019 government faces its biggest challenge yet!","previousItem":{"@type":"ListItem","@id":"https:\/\/serbiantimes.info\/en\/category\/serbia\/#listItem","name":"SERBIA"}}]},{"@type":"Organization","@id":"https:\/\/serbiantimes.info\/en\/#organization","name":"Serbiantimes.info EN","url":"https:\/\/serbiantimes.info\/en\/","logo":{"@type":"ImageObject","url":"https:\/\/serbiantimes.info\/en\/wp-content\/uploads\/sites\/2\/2024\/10\/cropped-cropped-Serbian-Times-Header-Logo-1.png","@id":"https:\/\/serbiantimes.info\/en\/u-s-media-on-protests-nothing-like-this-has-been-seen-in-the-balkans-vucic-government-faces-its-biggest-challenge-yet\/#organizationLogo","width":480,"height":100},"image":{"@id":"https:\/\/serbiantimes.info\/en\/u-s-media-on-protests-nothing-like-this-has-been-seen-in-the-balkans-vucic-government-faces-its-biggest-challenge-yet\/#organizationLogo"}},{"@type":"Person","@id":"https:\/\/serbiantimes.info\/en\/author\/serbiantimes-portal\/#author","url":"https:\/\/serbiantimes.info\/en\/author\/serbiantimes-portal\/","name":"Serbian Times","image":{"@type":"ImageObject","@id":"https:\/\/serbiantimes.info\/en\/u-s-media-on-protests-nothing-like-this-has-been-seen-in-the-balkans-vucic-government-faces-its-biggest-challenge-yet\/#authorImage","url":"https:\/\/secure.gravatar.com\/avatar\/ea76e009769270b4193e2bc7e032c096b4ae135483ec03b396fd0f520bc3dcfd?s=96&d=mm&r=g","width":96,"height":96,"caption":"Serbian Times"}},{"@type":"WebPage","@id":"https:\/\/serbiantimes.info\/en\/u-s-media-on-protests-nothing-like-this-has-been-seen-in-the-balkans-vucic-government-faces-its-biggest-challenge-yet\/#webpage","url":"https:\/\/serbiantimes.info\/en\/u-s-media-on-protests-nothing-like-this-has-been-seen-in-the-balkans-vucic-government-faces-its-biggest-challenge-yet\/","name":"U.S. MEDIA ON PROTESTS: Nothing like this has been seen in the Balkans, Vu\u010di\u0107\u2019 government faces its biggest challenge yet! | Serbiantimes.info EN","description":"\"Serbia has been shaken by mass protests for months as citizens demand justice and accountability for the tragedy at the Novi Sad Railway Station, which claimed 15 lives,\" writes Fox News about the current situation in Serbia. Fox News adds that for nearly three months, tens of thousands of people have been marching, demanding the","inLanguage":"en-US","isPartOf":{"@id":"https:\/\/serbiantimes.info\/en\/#website"},"breadcrumb":{"@id":"https:\/\/serbiantimes.info\/en\/u-s-media-on-protests-nothing-like-this-has-been-seen-in-the-balkans-vucic-government-faces-its-biggest-challenge-yet\/#breadcrumblist"},"author":{"@id":"https:\/\/serbiantimes.info\/en\/author\/serbiantimes-portal\/#author"},"creator":{"@id":"https:\/\/serbiantimes.info\/en\/author\/serbiantimes-portal\/#author"},"image":{"@type":"ImageObject","url":"https:\/\/serbiantimes.info\/en\/wp-content\/uploads\/2025\/02\/profimedia-0946021551-1.webp","@id":"https:\/\/serbiantimes.info\/en\/u-s-media-on-protests-nothing-like-this-has-been-seen-in-the-balkans-vucic-government-faces-its-biggest-challenge-yet\/#mainImage"},"primaryImageOfPage":{"@id":"https:\/\/serbiantimes.info\/en\/u-s-media-on-protests-nothing-like-this-has-been-seen-in-the-balkans-vucic-government-faces-its-biggest-challenge-yet\/#mainImage"},"datePublished":"2025-02-03T00:09:53+02:00","dateModified":"2025-02-03T09:32:49+02:00"},{"@type":"WebSite","@id":"https:\/\/serbiantimes.info\/en\/#website","url":"https:\/\/serbiantimes.info\/en\/","name":"Serbiantimes.info EN","inLanguage":"en-US","publisher":{"@id":"https:\/\/serbiantimes.info\/en\/#organization"}}]},"og:locale":"en_US","og:site_name":"Serbiantimes.info EN |","og:type":"article","og:title":"U.S. MEDIA ON PROTESTS: Nothing like this has been seen in the Balkans, Vu\u010di\u0107\u2019 government faces its biggest challenge yet! | Serbiantimes.info EN","og:description":"&quot;Serbia has been shaken by mass protests for months as citizens demand justice and accountability for the tragedy at the Novi Sad Railway Station, which claimed 15 lives,&quot; writes Fox News about the current situation in Serbia. Fox News adds that for nearly three months, tens of thousands of people have been marching, demanding the","og:url":"https:\/\/serbiantimes.info\/en\/u-s-media-on-protests-nothing-like-this-has-been-seen-in-the-balkans-vucic-government-faces-its-biggest-challenge-yet\/","og:image":"https:\/\/serbiantimes.info\/en\/wp-content\/uploads\/2025\/02\/profimedia-0946021551-1.webp","og:image:secure_url":"https:\/\/serbiantimes.info\/en\/wp-content\/uploads\/2025\/02\/profimedia-0946021551-1.webp","og:image:width":1400,"og:image:height":933,"article:published_time":"2025-02-02T22:09:53+00:00","article:modified_time":"2025-02-03T07:32:49+00:00","twitter:card":"summary_large_image","twitter:title":"U.S. MEDIA ON PROTESTS: Nothing like this has been seen in the Balkans, Vu\u010di\u0107\u2019 government faces its biggest challenge yet! | Serbiantimes.info EN","twitter:description":"&quot;Serbia has been shaken by mass protests for months as citizens demand justice and accountability for the tragedy at the Novi Sad Railway Station, which claimed 15 lives,&quot; writes Fox News about the current situation in Serbia. Fox News adds that for nearly three months, tens of thousands of people have been marching, demanding the","twitter:image":"https:\/\/serbiantimes.info\/en\/wp-content\/uploads\/2025\/02\/profimedia-0946021551-1.webp"},"aioseo_meta_data":{"post_id":"162418","title":null,"description":null,"keywords":null,"keyphrases":{"focus":{"keyphrase":"","score":0,"analysis":{"keyphraseInTitle":{"score":0,"maxScore":9,"error":1}}},"additional":[]},"primary_term":null,"canonical_url":null,"og_title":null,"og_description":null,"og_object_type":"default","og_image_type":"default","og_image_url":null,"og_image_width":null,"og_image_height":null,"og_image_custom_url":null,"og_image_custom_fields":null,"og_video":"","og_custom_url":null,"og_article_section":null,"og_article_tags":null,"twitter_use_og":false,"twitter_card":"default","twitter_image_type":"default","twitter_image_url":null,"twitter_image_custom_url":null,"twitter_image_custom_fields":null,"twitter_title":null,"twitter_description":null,"schema":{"blockGraphs":[],"customGraphs":[],"default":{"data":{"Article":[],"Course":[],"Dataset":[],"FAQPage":[],"Movie":[],"Person":[],"Product":[],"ProductReview":[],"Car":[],"Recipe":[],"Service":[],"SoftwareApplication":[],"WebPage":[]},"graphName":"BlogPosting","isEnabled":true},"graphs":[]},"schema_type":"default","schema_type_options":null,"pillar_content":false,"robots_default":true,"robots_noindex":false,"robots_noarchive":false,"robots_nosnippet":false,"robots_nofollow":false,"robots_noimageindex":false,"robots_noodp":false,"robots_notranslate":false,"robots_max_snippet":"-1","robots_max_videopreview":"-1","robots_max_imagepreview":"large","priority":null,"frequency":"default","local_seo":null,"breadcrumb_settings":null,"limit_modified_date":false,"ai":null,"created":"2025-02-02 22:09:54","updated":"2025-06-26 16:59:59","focus_keyword":null,"additional_keywords":null,"truseo_locale":null,"seo_analyzer_scan_date":null},"aioseo_breadcrumb":"<div class=\"aioseo-breadcrumbs\"><span class=\"aioseo-breadcrumb\">\n\t\t\t<a href=\"https:\/\/serbiantimes.info\/en\" title=\"Home\">Home<\/a>\n\t\t<\/span><span class=\"aioseo-breadcrumb-separator\">&raquo;<\/span><span class=\"aioseo-breadcrumb\">\n\t\t\t<a href=\"https:\/\/serbiantimes.info\/en\/category\/serbia\/\" title=\"SERBIA\">SERBIA<\/a>\n\t\t<\/span><span class=\"aioseo-breadcrumb-separator\">&raquo;<\/span><span class=\"aioseo-breadcrumb\">\n\t\t\tU.S. MEDIA ON PROTESTS: Nothing like this has been seen in the Balkans, Vu\u010di\u0107\u2019 government faces its biggest challenge yet!\n\t\t<\/span><\/div>","aioseo_breadcrumb_json":[{"label":"Home","link":"https:\/\/serbiantimes.info\/en"},{"label":"SERBIA","link":"https:\/\/serbiantimes.info\/en\/category\/serbia\/"},{"label":"U.S. MEDIA ON PROTESTS: Nothing like this has been seen in the Balkans, Vu\u010di\u0107\u2019 government faces its biggest challenge yet!","link":"https:\/\/serbiantimes.info\/en\/u-s-media-on-protests-nothing-like-this-has-been-seen-in-the-balkans-vucic-government-faces-its-biggest-challenge-yet\/"}],"distributor_meta":false,"distributor_terms":false,"distributor_media":false,"distributor_original_site_name":"Serbiantimes.info EN","distributor_original_site_url":"https:\/\/serbiantimes.info\/en","push-errors":false,"_links":{"self":[{"href":"https:\/\/serbiantimes.info\/en\/wp-json\/wp\/v2\/posts\/162418","targetHints":{"allow":["GET"]}}],"collection":[{"href":"https:\/\/serbiantimes.info\/en\/wp-json\/wp\/v2\/posts"}],"about":[{"href":"https:\/\/serbiantimes.info\/en\/wp-json\/wp\/v2\/types\/post"}],"author":[{"embeddable":true,"href":"https:\/\/serbiantimes.info\/en\/wp-json\/wp\/v2\/users\/2169"}],"replies":[{"embeddable":true,"href":"https:\/\/serbiantimes.info\/en\/wp-json\/wp\/v2\/comments?post=162418"}],"version-history":[{"count":1,"href":"https:\/\/serbiantimes.info\/en\/wp-json\/wp\/v2\/posts\/162418\/revisions"}],"predecessor-version":[{"id":162422,"href":"https:\/\/serbiantimes.info\/en\/wp-json\/wp\/v2\/posts\/162418\/revisions\/162422"}],"wp:attachment":[{"href":"https:\/\/serbiantimes.info\/en\/wp-json\/wp\/v2\/media?parent=162418"}],"wp:term":[{"taxonomy":"category","embeddable":true,"href":"https:\/\/serbiantimes.info\/en\/wp-json\/wp\/v2\/categories?post=162418"},{"taxonomy":"post_tag","embeddable":true,"href":"https:\/\/serbiantimes.info\/en\/wp-json\/wp\/v2\/tags?post=162418"}],"curies":[{"name":"wp","href":"https:\/\/api.w.org\/{rel}","templated":true}]}}