{"id":161312,"date":"2025-01-29T14:00:00","date_gmt":"2025-01-29T12:00:00","guid":{"rendered":"https:\/\/serbiantimes.info\/en\/?p=161312"},"modified":"2025-01-29T14:45:52","modified_gmt":"2025-01-29T12:45:52","slug":"at-least-30-days-detention-extended-for-10-suspects-in-novi-sad-tragedy","status":"publish","type":"post","link":"https:\/\/serbiantimes.info\/en\/at-least-30-days-detention-extended-for-10-suspects-in-novi-sad-tragedy\/","title":{"rendered":"AT LEAST 30 DAYS: Detention extended for 10 suspects in Novi Sad tragedy!"},"content":{"rendered":"\n<p><strong><em>The Higher Court in Novi Sad has extended by another 30 days the detention of suspects in the collapse of the canopy at the <a href=\"https:\/\/serbiantimes.info\/en\/tag\/novi-sad\/\" target=\"_blank\" rel=\"noopener\" title=\"\">Novi Sad<\/a> Railway Station on November 1st, when 15 people died and two were seriously injured.<\/em><\/strong><\/p>\n\n\n\n<p>The motion for extension was filed against all ten suspects, who were previously ordered into custody by the court last month.<\/p>\n\n\n\n<p>Recently, an indictment was also filed against 13 individuals.<\/p>\n\n\n\n<h4 class=\"wp-block-heading\"><mark style=\"background-color:#FFFFFF;color:#d21414\" class=\"has-inline-color\">FIND OUT MORE:<\/mark><\/h4>\n\n\n\n<iframe loading=\"lazy\" src=\"https:\/\/www.facebook.com\/plugins\/post.php?href=https%3A%2F%2Fwww.facebook.com%2Fserbiantimes%2Fposts%2Fpfbid06D99z3up9K2gteF6P1AYcctrmDoirvQdNT8VgjdZcMu3TSmQDAfKKRvyZPhis54Zl&#038;show_text=true&#038;width=500\" width=\"500\" height=\"596\" style=\"border:none;overflow:hidden\" scrolling=\"no\" frameborder=\"0\" allowfullscreen=\"true\" allow=\"autoplay; clipboard-write; encrypted-media; picture-in-picture; web-share\"><\/iframe>\n\n\n\n<p>In addition to these ten, two other suspects are under house arrest, one of whom is the former acting director general of &#8220;Infrastructure Railways of Serbia&#8221;, Jelena Tanaskovi\u0107.<\/p>\n\n\n\n<p>Former Minister of Construction Goran Vesi\u0107 is defending himself from freedom, as the court released him from custody after several days, accepting his lawyer&#8217;s appeal.<\/p>\n\n\n\n<p>The decision on the house arrest of the two suspects will be made for a period of three months.<\/p>\n\n\n\n<h4 class=\"wp-block-heading\"><mark style=\"background-color:#FFFFFF;color:#d21414\" class=\"has-inline-color\">MORE TOPICS:<\/mark><\/h4>\n\n\n\n<p><strong><a href=\"https:\/\/serbiantimes.info\/en\/serbia-faces-government-reshuffle-prime-minister-milos-vucevic-submits-irrevocable-resignation-video\/\" target=\"_blank\" rel=\"noopener\" title=\"\">SERBIA FACES GOVERNMENT RESHUFFLE: Prime Minister Milo\u0161 Vu\u010devi\u0107 submits irrevocable resignation! (VIDEO)<\/a><\/strong><\/p>\n\n\n\n<p><strong><a href=\"https:\/\/serbiantimes.info\/en\/a-major-victory-for-trump-google-maps-renames-gulf-of-mexico-to-gulf-of-america\/\" target=\"_blank\" rel=\"noopener\" title=\"\">A MAJOR VICTORY FOR TRUMP: Google Maps Renames Gulf of Mexico to Gulf of America!<\/a><\/strong><\/p>\n\n\n\n<p><strong><a href=\"https:\/\/serbiantimes.info\/en\/tucker-carlson-shocks-everyone-america-tried-to-assassinate-putin-during-biden-administration\/\" target=\"_blank\" rel=\"noopener\" title=\"\">TUCKER CARLSON SHOCKS EVERYONE: America tried to assassinate Putin during Biden administration!<\/a><\/strong><\/p>\n\n\n\n<p><strong>Source<\/strong>: RTS, <strong>Photo<\/strong>: Vi\u0161i sud u Novom Sadu<\/p>\n","protected":false},"excerpt":{"rendered":"<p>The Higher Court in Novi Sad has extended by another 30 days the detention of suspects in the collapse of the canopy at the Novi Sad Railway Station on November 1st, when 15 people died and two were seriously injured. The motion for extension was filed against all ten suspects, who were previously ordered into [&hellip;]<\/p>\n","protected":false},"author":2169,"featured_media":161313,"comment_status":"open","ping_status":"open","sticky":false,"template":"","format":"standard","meta":{"newspack_featured_image_position":"","newspack_post_subtitle":"","newspack_article_summary_title":"Overview:","newspack_article_summary":"","newspack_hide_updated_date":false,"newspack_show_updated_date":false,"footnotes":""},"categories":[7],"tags":[4684,4683,2048,806,2411,2608,1620,38,113,259,4681,733],"class_list":["post-161312","post","type-post","status-publish","format-standard","has-post-thumbnail","hentry","category-serbia","tag-court-process","tag-jail","tag-nadstresnica","tag-novi-sad","tag-novi-sad-tragedy","tag-pad-nadstresnice","tag-pritvor","tag-serbia","tag-srbija","tag-sud","tag-visi-sud-u-novom-sadu","tag-zatvor","entry"],"aioseo_notices":[],"distributor_meta":false,"distributor_terms":false,"distributor_media":false,"distributor_original_site_name":"Serbiantimes.info EN","distributor_original_site_url":"https:\/\/serbiantimes.info\/en","push-errors":false,"_links":{"self":[{"href":"https:\/\/serbiantimes.info\/en\/wp-json\/wp\/v2\/posts\/161312","targetHints":{"allow":["GET"]}}],"collection":[{"href":"https:\/\/serbiantimes.info\/en\/wp-json\/wp\/v2\/posts"}],"about":[{"href":"https:\/\/serbiantimes.info\/en\/wp-json\/wp\/v2\/types\/post"}],"author":[{"embeddable":true,"href":"https:\/\/serbiantimes.info\/en\/wp-json\/wp\/v2\/users\/2169"}],"replies":[{"embeddable":true,"href":"https:\/\/serbiantimes.info\/en\/wp-json\/wp\/v2\/comments?post=161312"}],"version-history":[{"count":1,"href":"https:\/\/serbiantimes.info\/en\/wp-json\/wp\/v2\/posts\/161312\/revisions"}],"predecessor-version":[{"id":161319,"href":"https:\/\/serbiantimes.info\/en\/wp-json\/wp\/v2\/posts\/161312\/revisions\/161319"}],"wp:featuredmedia":[{"embeddable":true,"href":"https:\/\/serbiantimes.info\/en\/wp-json\/wp\/v2\/media\/161313"}],"wp:attachment":[{"href":"https:\/\/serbiantimes.info\/en\/wp-json\/wp\/v2\/media?parent=161312"}],"wp:term":[{"taxonomy":"category","embeddable":true,"href":"https:\/\/serbiantimes.info\/en\/wp-json\/wp\/v2\/categories?post=161312"},{"taxonomy":"post_tag","embeddable":true,"href":"https:\/\/serbiantimes.info\/en\/wp-json\/wp\/v2\/tags?post=161312"}],"curies":[{"name":"wp","href":"https:\/\/api.w.org\/{rel}","templated":true}]}}