{"id":161077,"date":"2025-01-28T15:20:19","date_gmt":"2025-01-28T13:20:19","guid":{"rendered":"https:\/\/serbiantimes.info\/en\/?p=161077"},"modified":"2025-01-28T15:20:20","modified_gmt":"2025-01-28T13:20:20","slug":"suspects-brought-to-justice-novi-sad-police-arrested-the-attackers-on-students","status":"publish","type":"post","link":"https:\/\/serbiantimes.info\/en\/suspects-brought-to-justice-novi-sad-police-arrested-the-attackers-on-students\/","title":{"rendered":"SUSPECTS BROUGHT TO JUSTICE: Novi Sad police arrested the attackers on students!"},"content":{"rendered":"\n<p>Students of the Faculty of Philosophy in Novi Sad announced this morning that four people came out of the SNS premises and attacked students who were pasting stickers in front calling for a protest on Saturday in that city.<\/p>\n\n\n\n<p>As announced by the Emergency Center of UKC Vojvodina, one student was admitted with serious bodily injuries.<\/p>\n\n\n\n<h4 class=\"wp-block-heading\"><mark style=\"background-color:#FFFFFF;color:#d21414\" class=\"has-inline-color\">FIND OUT MORE IN ENGLISH:<\/mark><\/h4>\n\n\n\n<iframe loading=\"lazy\" src=\"https:\/\/www.facebook.com\/plugins\/post.php?href=https%3A%2F%2Fwww.facebook.com%2Fserbiantimes%2Fposts%2Fpfbid035tnqs639dei1FVRcfw5FVK9kzGH1P1dadS8dqANeTj9hCRjzgbtZLJNEFjREjUztl&#038;show_text=true&#038;width=500\" width=\"500\" height=\"577\" style=\"border:none;overflow:hidden\" scrolling=\"no\" frameborder=\"0\" allowfullscreen=\"true\" allow=\"autoplay; clipboard-write; encrypted-media; picture-in-picture; web-share\"><\/iframe>\n\n\n\n<p>Due to the events in Novi Sad, the Prime Minister of Serbia, Milo\u0161 Vu\u010devi\u0107, resigned, and it was announced that the Mayor of Novi Sad, Milan \u0110uri\u0107, will also resign today.<\/p>\n\n\n\n<h4 class=\"wp-block-heading\"><mark style=\"background-color:#FFFFFF;color:#d21414\" class=\"has-inline-color\">MORE TOPICS:<\/mark><\/h4>\n\n\n\n<p><strong><a href=\"https:\/\/serbiantimes.info\/en\/no-one-like-the-serbs-how-our-people-made-a-famous-hollywood-actors-night-at-trumps-inauguration-video\/\" target=\"_blank\" rel=\"noreferrer noopener\">\u201cNO ONE LIKE THE SERBS\u201d: How our people made a famous Hollywood actor\u2019s night at Trump\u2019s inauguration! (VIDEO)<\/a><\/strong><\/p>\n\n\n\n<p><strong><a href=\"https:\/\/serbiantimes.info\/en\/these-serbian-americans-were-major-donors-to-trumps-campaign-heres-what-they-expect-from-the-u-s-president-and-what-theyve-already-received-video\/\" target=\"_blank\" rel=\"noreferrer noopener\">THESE SERBIAN-AMERICANS WERE MAJOR DONORS TO TRUMP\u2019S CAMPAIGN: Here\u2019s what they expect from the U.S. President and what they\u2019ve already received! (VIDEO)<\/a><\/strong><\/p>\n\n\n\n<p><strong><a href=\"https:\/\/serbiantimes.info\/en\/america-will-recognize-only-male-and-female-genders-heres-the-list-of-orders-signed-by-trump\/\" target=\"_blank\" rel=\"noreferrer noopener\">AMERICA WILL RECOGNIZE ONLY MALE AND FEMALE GENDERS: Here\u2019s the list of orders signed by Trump!<\/a><\/strong><\/p>\n\n\n\n<p><strong>Source<\/strong>: Blic, <strong>Foto<\/strong>: Espreso<\/p>\n","protected":false},"excerpt":{"rendered":"<p>Students of the Faculty of Philosophy in Novi Sad announced this morning that four people came out of the SNS premises and attacked students who were pasting stickers in front calling for a protest on Saturday in that city. As announced by the Emergency Center of UKC Vojvodina, one student was admitted with serious bodily [&hellip;]<\/p>\n","protected":false},"author":2169,"featured_media":161078,"comment_status":"open","ping_status":"open","sticky":false,"template":"","format":"standard","meta":{"newspack_featured_image_position":"","newspack_post_subtitle":"","newspack_article_summary_title":"Overview:","newspack_article_summary":"","newspack_hide_updated_date":false,"newspack_show_updated_date":false,"footnotes":""},"categories":[7],"tags":[2755,1617,806,478,642,2609,113,2490,3791],"class_list":["post-161077","post","type-post","status-publish","format-standard","has-post-thumbnail","hentry","category-serbia","tag-blokade","tag-hapsenje","tag-novi-sad","tag-policija","tag-protest","tag-sns","tag-srbija","tag-studenti","tag-studentski-protesti","entry"],"aioseo_notices":[],"distributor_meta":false,"distributor_terms":false,"distributor_media":false,"distributor_original_site_name":"Serbiantimes.info EN","distributor_original_site_url":"https:\/\/serbiantimes.info\/en","push-errors":false,"_links":{"self":[{"href":"https:\/\/serbiantimes.info\/en\/wp-json\/wp\/v2\/posts\/161077","targetHints":{"allow":["GET"]}}],"collection":[{"href":"https:\/\/serbiantimes.info\/en\/wp-json\/wp\/v2\/posts"}],"about":[{"href":"https:\/\/serbiantimes.info\/en\/wp-json\/wp\/v2\/types\/post"}],"author":[{"embeddable":true,"href":"https:\/\/serbiantimes.info\/en\/wp-json\/wp\/v2\/users\/2169"}],"replies":[{"embeddable":true,"href":"https:\/\/serbiantimes.info\/en\/wp-json\/wp\/v2\/comments?post=161077"}],"version-history":[{"count":1,"href":"https:\/\/serbiantimes.info\/en\/wp-json\/wp\/v2\/posts\/161077\/revisions"}],"predecessor-version":[{"id":161111,"href":"https:\/\/serbiantimes.info\/en\/wp-json\/wp\/v2\/posts\/161077\/revisions\/161111"}],"wp:featuredmedia":[{"embeddable":true,"href":"https:\/\/serbiantimes.info\/en\/wp-json\/wp\/v2\/media\/161078"}],"wp:attachment":[{"href":"https:\/\/serbiantimes.info\/en\/wp-json\/wp\/v2\/media?parent=161077"}],"wp:term":[{"taxonomy":"category","embeddable":true,"href":"https:\/\/serbiantimes.info\/en\/wp-json\/wp\/v2\/categories?post=161077"},{"taxonomy":"post_tag","embeddable":true,"href":"https:\/\/serbiantimes.info\/en\/wp-json\/wp\/v2\/tags?post=161077"}],"curies":[{"name":"wp","href":"https:\/\/api.w.org\/{rel}","templated":true}]}}