{"id":160805,"date":"2025-01-26T18:44:29","date_gmt":"2025-01-26T16:44:29","guid":{"rendered":"https:\/\/serbiantimes.info\/en\/?p=160805"},"modified":"2025-01-26T18:46:20","modified_gmt":"2025-01-26T16:46:20","slug":"great-victory-for-students-the-government-of-serbia-lifts-the-classification-of-documents-related-to-the-canopy","status":"publish","type":"post","link":"https:\/\/serbiantimes.info\/en\/great-victory-for-students-the-government-of-serbia-lifts-the-classification-of-documents-related-to-the-canopy\/","title":{"rendered":"GREAT VICTORY FOR STUDENTS: The Government of Serbia Lifts the Classification of Documents Related to the Canopy!"},"content":{"rendered":"\n<p>The Government of Serbia will tomorrow, during its session, lift the classification on documents related to the canopy that fell at the Novi Sad Railway Station on November 1st, which resulted in the deaths of 15 people, &#8220;Blic&#8221; has learned.<\/p>\n\n\n\n<p>According to information from the mentioned portal, the Government will lift the classification on the documentation regarding the canopy at the Novi Sad Railway Station tomorrow, within its authority.<\/p>\n\n\n\n<p>Prime Minister Milo\u0161 Vu\u010devi\u0107 said this morning that the Government of Serbia &#8220;has nothing to hide&#8221; regarding the canopy collapse and that all &#8220;documents will be published in the coming period.&#8221;<\/p>\n\n\n\n<p>He emphasized that the Prosecutor\u2019s Office had access to the entire documentation, otherwise, an indictment would not have been raised in record time.<\/p>\n\n\n\n<p>As a reminder, President Aleksandar Vu\u010di\u0107 asked yesterday for all the requirements related to the canopy documentation put forward by the Faculty of Civil Engineering to be fulfilled.<\/p>\n\n\n\n<p>&#8220;We spoke with the President of the Republic after the Civil Engineering Faculty\u2019s statement that additional documents or documentation should be published, and we will soon release everything that the Government, the Ministry of Construction, and Infrastructure, as well as the railways, have at their disposal on the Government\u2019s website. I would like to remind you that we already have about 600 links to documentation with several thousand pages. We have nothing to hide,&#8221; said Prime Minister Milo\u0161 Vu\u010devi\u0107 on Pink Television.<\/p>\n\n\n\n<p>&#8220;I am not sure that those who expect to find something spectacular there will find it. If the Prosecutor\u2019s Office did not have the necessary documentation, it would not have been able to raise an indictment in record time, in less than two months. We will have to ask our Chinese partners to allow us to publish the documents they have in their possession. I believe we will have their support as well. There is nothing to hide. As the President said yesterday, it will be done in a very short time. We have a Government session tomorrow. I repeat, if the prosecutor did not have the documentation, they would not have been able to raise the indictment; nothing has been hidden or destroyed. Among other things, the indictment includes a former minister and the competent authorities. Everything we can, we will publish on the Government&#8217;s website,&#8221; Vu\u010devi\u0107 said.<\/p>\n\n\n\n<h4 class=\"wp-block-heading\"><mark style=\"background-color:#FFFFFF;color:#d21414\" class=\"has-inline-color\">MORE TOPICS:<\/mark><\/h4>\n\n\n\n<p><strong><a href=\"https:\/\/serbiantimes.info\/univerzitet-u-beogradu-osudio-nasilje-nad-studentima-bicemo-primorani-da-preduzmemo-ozbiljnije-mere\/\" target=\"_blank\" rel=\"noreferrer noopener\">UNIVERZITET U BEOGRADU OSUDIO NASILJE NAD STUDENTIMA: Bi\u0107emo primorani da preduzmemo ozbiljnije mere!<\/a><\/strong><\/p>\n\n\n\n<p><strong><a href=\"https:\/\/serbiantimes.info\/brnabic-preti-ako-se-blokade-nastave-studenti-ce-izgubiti-pravo-na-budzet-domove-i-kredite\/\" target=\"_blank\" rel=\"noreferrer noopener\">BRNABI\u0106 PRETI: Ako se blokade nastave studenti \u0107e izgubiti pravo na bud\u017eet, domove i kredite!<\/a><\/strong><\/p>\n\n\n\n<p><strong><a href=\"https:\/\/serbiantimes.info\/sve-veca-podrska-dijaspore-srbi-iz-atine-se-okupili-na-centralnom-trgu-u-znak-solidarnosti-sa-studentima\/\" target=\"_blank\" rel=\"noreferrer noopener\">SVE VE\u0106A PODR\u0160KA DIJASPORE: Srbi iz Atine se okupili na centralnom trgu u znak solidarnosti sa studentima!<\/a><\/strong><\/p>\n\n\n\n<p><strong>Izvor:<\/strong> Mondo, <strong>Foto:<\/strong> Tanjug<\/p>\n","protected":false},"excerpt":{"rendered":"<p>The Government of Serbia will tomorrow, during its session, lift the classification on documents related to the canopy that fell at the Novi Sad Railway Station on November 1st, which resulted in the deaths of 15 people, &#8220;Blic&#8221; has learned. According to information from the mentioned portal, the Government will lift the classification on the [&hellip;]<\/p>\n","protected":false},"author":2169,"featured_media":160806,"comment_status":"open","ping_status":"open","sticky":false,"template":"","format":"standard","meta":{"newspack_featured_image_position":"","newspack_post_subtitle":"","newspack_article_summary_title":"Overview:","newspack_article_summary":"","newspack_hide_updated_date":false,"newspack_show_updated_date":false,"footnotes":""},"categories":[7],"tags":[3099,644],"class_list":["post-160805","post","type-post","status-publish","format-standard","has-post-thumbnail","hentry","category-serbia","tag-milos-vucevic-3","tag-vlada-srbije","entry"],"aioseo_notices":[],"distributor_meta":false,"distributor_terms":false,"distributor_media":false,"distributor_original_site_name":"Serbiantimes.info EN","distributor_original_site_url":"https:\/\/serbiantimes.info\/en","push-errors":false,"_links":{"self":[{"href":"https:\/\/serbiantimes.info\/en\/wp-json\/wp\/v2\/posts\/160805","targetHints":{"allow":["GET"]}}],"collection":[{"href":"https:\/\/serbiantimes.info\/en\/wp-json\/wp\/v2\/posts"}],"about":[{"href":"https:\/\/serbiantimes.info\/en\/wp-json\/wp\/v2\/types\/post"}],"author":[{"embeddable":true,"href":"https:\/\/serbiantimes.info\/en\/wp-json\/wp\/v2\/users\/2169"}],"replies":[{"embeddable":true,"href":"https:\/\/serbiantimes.info\/en\/wp-json\/wp\/v2\/comments?post=160805"}],"version-history":[{"count":1,"href":"https:\/\/serbiantimes.info\/en\/wp-json\/wp\/v2\/posts\/160805\/revisions"}],"predecessor-version":[{"id":160816,"href":"https:\/\/serbiantimes.info\/en\/wp-json\/wp\/v2\/posts\/160805\/revisions\/160816"}],"wp:featuredmedia":[{"embeddable":true,"href":"https:\/\/serbiantimes.info\/en\/wp-json\/wp\/v2\/media\/160806"}],"wp:attachment":[{"href":"https:\/\/serbiantimes.info\/en\/wp-json\/wp\/v2\/media?parent=160805"}],"wp:term":[{"taxonomy":"category","embeddable":true,"href":"https:\/\/serbiantimes.info\/en\/wp-json\/wp\/v2\/categories?post=160805"},{"taxonomy":"post_tag","embeddable":true,"href":"https:\/\/serbiantimes.info\/en\/wp-json\/wp\/v2\/tags?post=160805"}],"curies":[{"name":"wp","href":"https:\/\/api.w.org\/{rel}","templated":true}]}}