{"id":158674,"date":"2025-01-03T17:06:40","date_gmt":"2025-01-03T15:06:40","guid":{"rendered":"https:\/\/serbiantimes.info\/en\/?p=158674"},"modified":"2025-01-03T17:06:40","modified_gmt":"2025-01-03T15:06:40","slug":"justice-for-serbs-indictment-filed-against-10-members-of-the-army-of-bih-for-war-crimes","status":"publish","type":"post","link":"https:\/\/serbiantimes.info\/en\/justice-for-serbs-indictment-filed-against-10-members-of-the-army-of-bih-for-war-crimes\/","title":{"rendered":"JUSTICE FOR SERBS: Indictment filed against 10 members of the Army of BiH for war crimes!"},"content":{"rendered":"\n<p>The Prosecutor&#8217;s Office of Bosnia and Herzegovina (BiH) has filed an indictment against war general of the Army of BiH Fikret Prevljak and nine other individuals, who are charged with committing war crimes against Serbs in the Sarajevo neighborhoods of Hrasnica, Butmir, and Sokolovi\u0107 kolonija.<\/p>\n\n\n\n<p>In addition to Prevljak, the indictment was filed against Emir Red\u017eovi\u0107, Vahid Ala\u0111uz, Rasim Okeri\u0107, Mustafa Gagaj, Mujo Vatre\u0161, Vahid Muharemovi\u0107, Mirsad Tuzlak, and Senahid Godinjak, the Prosecutor&#8217;s Office of BiH announced.<\/p>\n\n\n\n<p>The accused are charged with committing war crimes against about one hundred Serb civilians, including women, the elderly, and minors, who were unlawfully captured in camps and other facilities in the Hrasnica area, while acting as commanders and members of the Army of BiH.<\/p>\n\n\n\n<h4 class=\"wp-block-heading\"><mark style=\"background-color:#FFFFFF;color:#d21414\" class=\"has-inline-color\">PRO\u010cITAJTE VI\u0160E:<\/mark><\/h4>\n\n\n\t<figure class='wp-block-newspack-blocks-iframe'>\n\t\t<div class='wp-block-embed__wrapper' style=\"height:600px; width:100%;\">\n\t\t\t<iframe\n\t\t\t\tid = 'newspack-iframe-nUMzRoy0X3eH'\n\t\t\t\tlayout = 'responsive'\n\t\t\t\theight = '100'\n\t\t\t\twidth = '100'\n\t\t\t\tsrc = 'https:\/\/www.facebook.com\/plugins\/post.php?href=https%3A%2F%2Fwww.facebook.com%2Fserbiantimes%2Fposts%2Fpfbid0k9bqKcKMKJbxtNgyxemJsXCACr1RbBYz748ox4QZkYbxZ8cSfZYZ8X4CysFDYGSZl'\n\t\t\t\tstyle = 'height: 600px; width: 100%;'\n\t\t\t\tframeborder = '0'\n\t\t\t\tallowfullscreen\n\t\t\t><\/iframe>\n\t\t<\/div>\n\t<\/figure>\n\n\t<script>\n\t\tconst iframe = document.getElementById(\"newspack-iframe-nUMzRoy0X3eH\");\n\t\tconst timerId = setInterval( function() {\n\t\t\t\tiframe.src = iframe.src;\n\t\t\t}, 2000 );\n\n\t\tiframe.onload = function() {\n\t\t\tclearInterval(timerId);\n\t\t}\n\n\t<\/script>\n\n\t\n\n\n<p>They are also charged with crimes against captured Serb prisoners who were taken for forced labor in the war zone, where they were injured or killed by guards.<\/p>\n\n\n\n<p>The accused are charged with the criminal offense of war crimes against civilians and prisoners of war under the Criminal Code of BiH.<\/p>\n\n\n\n<h4 class=\"wp-block-heading\"><mark style=\"background-color:#FFFFFF;color:#d21414\" class=\"has-inline-color\">READ MORE: <\/mark><\/h4>\n\n\n\n<p><strong><a href=\"https:\/\/serbiantimes.info\/en\/epic-scandal-in-romania-ruling-party-paid-for-tiktok-campaign-that-led-to-the-annulment-of-georgescus-victory\/\" target=\"_blank\" rel=\"noreferrer noopener\">EPIC SCANDAL IN ROMANIA: Ruling party paid for TikTok campaign that led to the annulment of Georgescu\u2019s victory!<\/a><\/strong><\/p>\n\n\n\n<p><strong><a href=\"https:\/\/serbiantimes.info\/en\/chicago-is-cultivating-future-olympic-champions-young-karatekas-promise-to-bring-gold-to-serbia-one-day-video\/\" target=\"_blank\" rel=\"noreferrer noopener\">CHICAGO IS CULTIVATING FUTURE OLYMPIC CHAMPIONS: Young Karatekas promise to bring gold to Serbia one day! (VIDEO)<\/a><\/strong><\/p>\n\n\n\n<p><strong><a href=\"https:\/\/serbiantimes.info\/en\/giving-away-his-wealth-for-free-a-farmer-from-golija-donates-10-acres-of-his-land-with-only-one-condition\/\" target=\"_blank\" rel=\"noreferrer noopener\">GIVING AWAY HIS WEALTH FOR FREE: A farmer from Golija donates 10 acres of his land, with only one condition!<\/a><\/strong><\/p>\n\n\n\n<p><strong>Source<\/strong>: <a href=\"https:\/\/nova.rs\/vesti\/svet\/podignuta-optuznica-protiv-10-osoba-za-ratne-zlocine-nad-srbima\/\" target=\"_blank\" rel=\"noopener\" title=\"\">Nova.rs<\/a>, <strong>Photo<\/strong>: Printscreen Youtube<\/p>\n","protected":false},"excerpt":{"rendered":"<p>The Prosecutor&#8217;s Office of Bosnia and Herzegovina (BiH) has filed an indictment against war general of the Army of BiH Fikret Prevljak and nine other individuals, who are charged with committing war crimes against Serbs in the Sarajevo neighborhoods of Hrasnica, Butmir, and Sokolovi\u0107 kolonija. In addition to Prevljak, the indictment was filed against Emir [&hellip;]<\/p>\n","protected":false},"author":2169,"featured_media":158675,"comment_status":"open","ping_status":"open","sticky":false,"template":"","format":"standard","meta":{"newspack_featured_image_position":"","newspack_post_subtitle":"","newspack_article_summary_title":"Overview:","newspack_article_summary":"","newspack_hide_updated_date":false,"newspack_show_updated_date":false,"footnotes":""},"categories":[8],"tags":[4072,116,309,341,4073,2538,1544,4074],"class_list":["post-158674","post","type-post","status-publish","format-standard","has-post-thumbnail","hentry","category-balkan","tag-armija-bih","tag-balkan","tag-bih","tag-bosna-i-hercegovina","tag-fikret-prevljak","tag-general","tag-ratni-zlocin","tag-srbi-u-bih","entry"],"aioseo_notices":[],"distributor_meta":false,"distributor_terms":false,"distributor_media":false,"distributor_original_site_name":"Serbiantimes.info EN","distributor_original_site_url":"https:\/\/serbiantimes.info\/en","push-errors":false,"_links":{"self":[{"href":"https:\/\/serbiantimes.info\/en\/wp-json\/wp\/v2\/posts\/158674","targetHints":{"allow":["GET"]}}],"collection":[{"href":"https:\/\/serbiantimes.info\/en\/wp-json\/wp\/v2\/posts"}],"about":[{"href":"https:\/\/serbiantimes.info\/en\/wp-json\/wp\/v2\/types\/post"}],"author":[{"embeddable":true,"href":"https:\/\/serbiantimes.info\/en\/wp-json\/wp\/v2\/users\/2169"}],"replies":[{"embeddable":true,"href":"https:\/\/serbiantimes.info\/en\/wp-json\/wp\/v2\/comments?post=158674"}],"version-history":[{"count":1,"href":"https:\/\/serbiantimes.info\/en\/wp-json\/wp\/v2\/posts\/158674\/revisions"}],"predecessor-version":[{"id":158694,"href":"https:\/\/serbiantimes.info\/en\/wp-json\/wp\/v2\/posts\/158674\/revisions\/158694"}],"wp:featuredmedia":[{"embeddable":true,"href":"https:\/\/serbiantimes.info\/en\/wp-json\/wp\/v2\/media\/158675"}],"wp:attachment":[{"href":"https:\/\/serbiantimes.info\/en\/wp-json\/wp\/v2\/media?parent=158674"}],"wp:term":[{"taxonomy":"category","embeddable":true,"href":"https:\/\/serbiantimes.info\/en\/wp-json\/wp\/v2\/categories?post=158674"},{"taxonomy":"post_tag","embeddable":true,"href":"https:\/\/serbiantimes.info\/en\/wp-json\/wp\/v2\/tags?post=158674"}],"curies":[{"name":"wp","href":"https:\/\/api.w.org\/{rel}","templated":true}]}}