{"id":158636,"date":"2025-01-01T08:47:12","date_gmt":"2025-01-01T06:47:12","guid":{"rendered":"https:\/\/serbiantimes.info\/en\/?p=158636"},"modified":"2025-01-01T08:47:13","modified_gmt":"2025-01-01T06:47:13","slug":"silence-louder-than-celebration-most-cities-in-serbia-welcomed-the-new-year-in-silence-video","status":"publish","type":"post","link":"https:\/\/serbiantimes.info\/en\/silence-louder-than-celebration-most-cities-in-serbia-welcomed-the-new-year-in-silence-video\/","title":{"rendered":"SILENCE LOUDER THAN CELEBRATION: Most cities in Serbia welcomed the New Year in silence! (VIDEO)"},"content":{"rendered":"\n<p class=\"wp-block-paragraph\">Unlike previous years, most cities in Serbia did not have organized New Year&#8217;s Eve celebrations on streets and squares. Exceptions were Belgrade, Ni\u0161, Kragujevac, \u010ca\u010dak, and Zlatibor. <\/p>\n\n\n\n<p class=\"wp-block-paragraph\">A concert featuring Haris D\u017einovi\u0107, \u017deljko Vasi\u0107, and Marina Viskovi\u0107 was organized at Belgrade&#8217;s Republic Square. <\/p>\n\n\n\n<p class=\"wp-block-paragraph\">For Belgraders and guests of the capital, another open-air New Year&#8217;s Eve celebration was organized on the Sava promenade, where Marija \u0160erifovi\u0107, Jelena Toma\u0161evi\u0107, and Tijana Bogi\u0107evi\u0107 performed. <\/p>\n\n\n\n<blockquote class=\"twitter-tweet\" data-media-max-width=\"560\"><p lang=\"und\" dir=\"ltr\">Beograd,01.01.2025.<br>Studentski trg.<br>Ti\u0161ina. <a href=\"https:\/\/t.co\/Pu3bkuMSzk\">pic.twitter.com\/Pu3bkuMSzk<\/a><\/p>&mdash; Miodrag Bebi\u0107 (@miodrag_bebic) <a href=\"https:\/\/twitter.com\/miodrag_bebic\/status\/1874235252505460776?ref_src=twsrc%5Etfw\">December 31, 2024<\/a><\/blockquote> <script async src=\"https:\/\/platform.twitter.com\/widgets.js\" charset=\"utf-8\"><\/script>\n\n\n\n<p class=\"wp-block-paragraph\">Fireworks were also set off on the banks of the Sava, at midnight. A concert by Nikola Rokvi\u0107 and Neverne Bebe was held at Ni\u0161&#8217;s King Milan Square. <\/p>\n\n\n\n<p class=\"wp-block-paragraph\">A concert by Jelena Karleu\u0161a was organized at the Square near the Cross in Kragujevac, while \u010ca\u010dak residents who were at the City Square welcomed 2025 with Tijana Dap\u010devi\u0107 and the Amadeus band.<\/p>\n\n\n\n<p class=\"wp-block-paragraph\">In addition, a large number of citizens and students from Novi Sad, Belgrade, and Ni\u0161 welcomed the New Year with 15 minutes of silence in honor of those who died in Novi Sad.<\/p>\n\n\n\n<blockquote class=\"twitter-tweet\" data-media-max-width=\"560\"><p lang=\"und\" dir=\"ltr\">Gra\u0111ani okupljeni na Trgu slobode ispratili su 2024. i u 2025. godinu u\u0161li u apsolutnoj ti\u0161ini, odaju\u0107i po\u0161tu stradalima kod \u017delezni\u010dke stanice <a href=\"https:\/\/t.co\/jEsQhfp08I\">pic.twitter.com\/jEsQhfp08I<\/a><\/p>&mdash; Novi Sad (@novisadcom) <a href=\"https:\/\/twitter.com\/novisadcom\/status\/1874230984209817605?ref_src=twsrc%5Etfw\">December 31, 2024<\/a><\/blockquote> <script async src=\"https:\/\/platform.twitter.com\/widgets.js\" charset=\"utf-8\"><\/script>\n\n\n\n<h4 class=\"wp-block-heading\"><mark style=\"background-color:#FFFFFF;color:#d21414\" class=\"has-inline-color\">READ MORE: <\/mark><\/h4>\n\n\n\n<p class=\"wp-block-paragraph\"><strong><a href=\"https:\/\/serbiantimes.info\/en\/epic-scandal-in-romania-ruling-party-paid-for-tiktok-campaign-that-led-to-the-annulment-of-georgescus-victory\/\" target=\"_blank\" rel=\"noreferrer noopener\">EPIC SCANDAL IN ROMANIA: Ruling party paid for TikTok campaign that led to the annulment of Georgescu\u2019s victory!<\/a><\/strong><\/p>\n\n\n\n<p class=\"wp-block-paragraph\"><strong><a href=\"https:\/\/serbiantimes.info\/en\/chicago-is-cultivating-future-olympic-champions-young-karatekas-promise-to-bring-gold-to-serbia-one-day-video\/\" target=\"_blank\" rel=\"noreferrer noopener\">CHICAGO IS CULTIVATING FUTURE OLYMPIC CHAMPIONS: Young Karatekas promise to bring gold to Serbia one day! (VIDEO)<\/a><\/strong><\/p>\n\n\n\n<p class=\"wp-block-paragraph\"><strong><a href=\"https:\/\/serbiantimes.info\/en\/giving-away-his-wealth-for-free-a-farmer-from-golija-donates-10-acres-of-his-land-with-only-one-condition\/\" target=\"_blank\" rel=\"noreferrer noopener\">GIVING AWAY HIS WEALTH FOR FREE: A farmer from Golija donates 10 acres of his land, with only one condition!<\/a><\/strong><\/p>\n\n\n\n<p class=\"wp-block-paragraph\"><strong>Source:\u00a0<\/strong>RTS \/ Serbian Times,\u00a0<strong>Photo:<\/strong>\u00a0Vladislav Miti\u0107 \/ Nova.rs<\/p>\n","protected":false},"excerpt":{"rendered":"<p>Unlike previous years, most cities in Serbia did not have organized New Year&#8217;s Eve celebrations on streets and squares. Exceptions were Belgrade, Ni\u0161, Kragujevac, \u010ca\u010dak, and Zlatibor. A concert featuring Haris D\u017einovi\u0107, \u017deljko Vasi\u0107, and Marina Viskovi\u0107 was organized at Belgrade&#8217;s Republic Square. For Belgraders and guests of the capital, another open-air New Year&#8217;s Eve [&hellip;]<\/p>\n","protected":false},"author":2169,"featured_media":158637,"comment_status":"open","ping_status":"open","sticky":false,"template":"","format":"standard","meta":{"newspack_featured_image_position":"","newspack_post_subtitle":"","newspack_article_summary_title":"Overview:","newspack_article_summary":"","newspack_hide_updated_date":false,"newspack_show_updated_date":false,"footnotes":""},"categories":[7],"tags":[253,1060,3271,806,2831,113,4057,262],"class_list":["post-158636","post","type-post","status-publish","format-standard","has-post-thumbnail","hentry","category-serbia","tag-beograd","tag-nis","tag-nova-godina","tag-novi-sad","tag-slavlje","tag-srbija","tag-tisina","tag-tragedija","entry"],"aioseo_notices":[],"aioseo_head":"\n\t\t<!-- All in One SEO 5.0.1.1 - aioseo.com -->\n\t<meta name=\"description\" content=\"Unlike previous years, most cities in Serbia did not have organized New Year&#039;s Eve celebrations on streets and squares. Exceptions were Belgrade, Ni\u0161, Kragujevac, \u010ca\u010dak, and Zlatibor. A concert featuring Haris D\u017einovi\u0107, \u017deljko Vasi\u0107, and Marina Viskovi\u0107 was organized at Belgrade&#039;s Republic Square. For Belgraders and guests of the capital, another open-air New Year&#039;s Eve\" \/>\n\t<meta name=\"robots\" content=\"max-image-preview:large\" \/>\n\t<meta name=\"author\" content=\"Serbian Times\"\/>\n\t<link rel=\"canonical\" href=\"https:\/\/serbiantimes.info\/en\/silence-louder-than-celebration-most-cities-in-serbia-welcomed-the-new-year-in-silence-video\/\" \/>\n\t<meta name=\"generator\" content=\"All in One SEO (AIOSEO) 5.0.1.1\" \/>\n\t\t<meta property=\"og:locale\" content=\"en_US\" \/>\n\t\t<meta property=\"og:site_name\" content=\"Serbiantimes.info EN |\" \/>\n\t\t<meta property=\"og:type\" content=\"article\" \/>\n\t\t<meta property=\"og:title\" content=\"SILENCE LOUDER THAN CELEBRATION: Most cities in Serbia welcomed the New Year in silence! (VIDEO) | Serbiantimes.info EN\" \/>\n\t\t<meta property=\"og:description\" content=\"Unlike previous years, most cities in Serbia did not have organized New Year&#039;s Eve celebrations on streets and squares. Exceptions were Belgrade, Ni\u0161, Kragujevac, \u010ca\u010dak, and Zlatibor. A concert featuring Haris D\u017einovi\u0107, \u017deljko Vasi\u0107, and Marina Viskovi\u0107 was organized at Belgrade&#039;s Republic Square. For Belgraders and guests of the capital, another open-air New Year&#039;s Eve\" \/>\n\t\t<meta property=\"og:url\" content=\"https:\/\/serbiantimes.info\/en\/silence-louder-than-celebration-most-cities-in-serbia-welcomed-the-new-year-in-silence-video\/\" \/>\n\t\t<meta property=\"og:image\" content=\"https:\/\/serbiantimes.info\/en\/wp-content\/uploads\/sites\/2\/2025\/01\/image-1200x750-21.png\" \/>\n\t\t<meta property=\"og:image:secure_url\" content=\"https:\/\/serbiantimes.info\/en\/wp-content\/uploads\/sites\/2\/2025\/01\/image-1200x750-21.png\" \/>\n\t\t<meta property=\"og:image:width\" content=\"1200\" \/>\n\t\t<meta property=\"og:image:height\" content=\"750\" \/>\n\t\t<meta property=\"article:published_time\" content=\"2025-01-01T06:47:12+00:00\" \/>\n\t\t<meta property=\"article:modified_time\" content=\"2025-01-01T06:47:13+00:00\" \/>\n\t\t<meta name=\"twitter:card\" content=\"summary_large_image\" \/>\n\t\t<meta name=\"twitter:title\" content=\"SILENCE LOUDER THAN CELEBRATION: Most cities in Serbia welcomed the New Year in silence! (VIDEO) | Serbiantimes.info EN\" \/>\n\t\t<meta name=\"twitter:description\" content=\"Unlike previous years, most cities in Serbia did not have organized New Year&#039;s Eve celebrations on streets and squares. Exceptions were Belgrade, Ni\u0161, Kragujevac, \u010ca\u010dak, and Zlatibor. A concert featuring Haris D\u017einovi\u0107, \u017deljko Vasi\u0107, and Marina Viskovi\u0107 was organized at Belgrade&#039;s Republic Square. For Belgraders and guests of the capital, another open-air New Year&#039;s Eve\" \/>\n\t\t<meta name=\"twitter:image\" content=\"https:\/\/serbiantimes.info\/en\/wp-content\/uploads\/sites\/2\/2025\/01\/image-1200x750-21.png\" \/>\n\t\t<script type=\"application\/ld+json\" class=\"aioseo-schema\">\n\t\t\t{\"@context\":\"https:\\\/\\\/schema.org\",\"@graph\":[{\"@type\":\"BlogPosting\",\"@id\":\"https:\\\/\\\/serbiantimes.info\\\/en\\\/silence-louder-than-celebration-most-cities-in-serbia-welcomed-the-new-year-in-silence-video\\\/#blogposting\",\"name\":\"SILENCE LOUDER THAN CELEBRATION: Most cities in Serbia welcomed the New Year in silence! (VIDEO) | Serbiantimes.info EN\",\"headline\":\"SILENCE LOUDER THAN CELEBRATION: Most cities in Serbia welcomed the New Year in silence! (VIDEO)\",\"author\":{\"@id\":\"https:\\\/\\\/serbiantimes.info\\\/en\\\/author\\\/serbiantimes-portal\\\/#author\"},\"publisher\":{\"@id\":\"https:\\\/\\\/serbiantimes.info\\\/en\\\/#organization\"},\"image\":{\"@type\":\"ImageObject\",\"url\":\"https:\\\/\\\/serbiantimes.info\\\/en\\\/wp-content\\\/uploads\\\/sites\\\/2\\\/2025\\\/01\\\/image-1200x750-21.png\",\"width\":1200,\"height\":750},\"datePublished\":\"2025-01-01T08:47:12+02:00\",\"dateModified\":\"2025-01-01T08:47:13+02:00\",\"inLanguage\":\"en-US\",\"mainEntityOfPage\":{\"@id\":\"https:\\\/\\\/serbiantimes.info\\\/en\\\/silence-louder-than-celebration-most-cities-in-serbia-welcomed-the-new-year-in-silence-video\\\/#webpage\"},\"isPartOf\":{\"@id\":\"https:\\\/\\\/serbiantimes.info\\\/en\\\/silence-louder-than-celebration-most-cities-in-serbia-welcomed-the-new-year-in-silence-video\\\/#webpage\"},\"articleSection\":\"SERBIA, Beograd, Ni\\u0161, Nova Godina, Novi Sad, slavlje, Srbija, ti\\u0161ina, tragedija\"},{\"@type\":\"BreadcrumbList\",\"@id\":\"https:\\\/\\\/serbiantimes.info\\\/en\\\/silence-louder-than-celebration-most-cities-in-serbia-welcomed-the-new-year-in-silence-video\\\/#breadcrumblist\",\"itemListElement\":[{\"@type\":\"ListItem\",\"@id\":\"https:\\\/\\\/serbiantimes.info\\\/en#listItem\",\"position\":1,\"name\":\"Home\",\"item\":\"https:\\\/\\\/serbiantimes.info\\\/en\",\"nextItem\":{\"@type\":\"ListItem\",\"@id\":\"https:\\\/\\\/serbiantimes.info\\\/en\\\/category\\\/serbia\\\/#listItem\",\"name\":\"SERBIA\"}},{\"@type\":\"ListItem\",\"@id\":\"https:\\\/\\\/serbiantimes.info\\\/en\\\/category\\\/serbia\\\/#listItem\",\"position\":2,\"name\":\"SERBIA\",\"item\":\"https:\\\/\\\/serbiantimes.info\\\/en\\\/category\\\/serbia\\\/\",\"nextItem\":{\"@type\":\"ListItem\",\"@id\":\"https:\\\/\\\/serbiantimes.info\\\/en\\\/silence-louder-than-celebration-most-cities-in-serbia-welcomed-the-new-year-in-silence-video\\\/#listItem\",\"name\":\"SILENCE LOUDER THAN CELEBRATION: Most cities in Serbia welcomed the New Year in silence! (VIDEO)\"},\"previousItem\":{\"@type\":\"ListItem\",\"@id\":\"https:\\\/\\\/serbiantimes.info\\\/en#listItem\",\"name\":\"Home\"}},{\"@type\":\"ListItem\",\"@id\":\"https:\\\/\\\/serbiantimes.info\\\/en\\\/silence-louder-than-celebration-most-cities-in-serbia-welcomed-the-new-year-in-silence-video\\\/#listItem\",\"position\":3,\"name\":\"SILENCE LOUDER THAN CELEBRATION: Most cities in Serbia welcomed the New Year in silence! (VIDEO)\",\"previousItem\":{\"@type\":\"ListItem\",\"@id\":\"https:\\\/\\\/serbiantimes.info\\\/en\\\/category\\\/serbia\\\/#listItem\",\"name\":\"SERBIA\"}}]},{\"@type\":\"Organization\",\"@id\":\"https:\\\/\\\/serbiantimes.info\\\/en\\\/#organization\",\"name\":\"Serbiantimes.info EN\",\"url\":\"https:\\\/\\\/serbiantimes.info\\\/en\\\/\",\"logo\":{\"@type\":\"ImageObject\",\"url\":\"https:\\\/\\\/serbiantimes.info\\\/en\\\/wp-content\\\/uploads\\\/sites\\\/2\\\/2024\\\/10\\\/cropped-cropped-Serbian-Times-Header-Logo-1.png\",\"@id\":\"https:\\\/\\\/serbiantimes.info\\\/en\\\/silence-louder-than-celebration-most-cities-in-serbia-welcomed-the-new-year-in-silence-video\\\/#organizationLogo\",\"width\":480,\"height\":100},\"image\":{\"@id\":\"https:\\\/\\\/serbiantimes.info\\\/en\\\/silence-louder-than-celebration-most-cities-in-serbia-welcomed-the-new-year-in-silence-video\\\/#organizationLogo\"}},{\"@type\":\"Person\",\"@id\":\"https:\\\/\\\/serbiantimes.info\\\/en\\\/author\\\/serbiantimes-portal\\\/#author\",\"url\":\"https:\\\/\\\/serbiantimes.info\\\/en\\\/author\\\/serbiantimes-portal\\\/\",\"name\":\"Serbian Times\",\"image\":{\"@type\":\"ImageObject\",\"@id\":\"https:\\\/\\\/serbiantimes.info\\\/en\\\/silence-louder-than-celebration-most-cities-in-serbia-welcomed-the-new-year-in-silence-video\\\/#authorImage\",\"url\":\"https:\\\/\\\/secure.gravatar.com\\\/avatar\\\/ea76e009769270b4193e2bc7e032c096b4ae135483ec03b396fd0f520bc3dcfd?s=96&d=mm&r=g\",\"width\":96,\"height\":96,\"caption\":\"Serbian Times\"}},{\"@type\":\"WebPage\",\"@id\":\"https:\\\/\\\/serbiantimes.info\\\/en\\\/silence-louder-than-celebration-most-cities-in-serbia-welcomed-the-new-year-in-silence-video\\\/#webpage\",\"url\":\"https:\\\/\\\/serbiantimes.info\\\/en\\\/silence-louder-than-celebration-most-cities-in-serbia-welcomed-the-new-year-in-silence-video\\\/\",\"name\":\"SILENCE LOUDER THAN CELEBRATION: Most cities in Serbia welcomed the New Year in silence! (VIDEO) | Serbiantimes.info EN\",\"description\":\"Unlike previous years, most cities in Serbia did not have organized New Year's Eve celebrations on streets and squares. Exceptions were Belgrade, Ni\\u0161, Kragujevac, \\u010ca\\u010dak, and Zlatibor. A concert featuring Haris D\\u017einovi\\u0107, \\u017deljko Vasi\\u0107, and Marina Viskovi\\u0107 was organized at Belgrade's Republic Square. For Belgraders and guests of the capital, another open-air New Year's Eve\",\"inLanguage\":\"en-US\",\"isPartOf\":{\"@id\":\"https:\\\/\\\/serbiantimes.info\\\/en\\\/#website\"},\"breadcrumb\":{\"@id\":\"https:\\\/\\\/serbiantimes.info\\\/en\\\/silence-louder-than-celebration-most-cities-in-serbia-welcomed-the-new-year-in-silence-video\\\/#breadcrumblist\"},\"author\":{\"@id\":\"https:\\\/\\\/serbiantimes.info\\\/en\\\/author\\\/serbiantimes-portal\\\/#author\"},\"creator\":{\"@id\":\"https:\\\/\\\/serbiantimes.info\\\/en\\\/author\\\/serbiantimes-portal\\\/#author\"},\"image\":{\"@type\":\"ImageObject\",\"url\":\"https:\\\/\\\/serbiantimes.info\\\/en\\\/wp-content\\\/uploads\\\/sites\\\/2\\\/2025\\\/01\\\/image-1200x750-21.png\",\"@id\":\"https:\\\/\\\/serbiantimes.info\\\/en\\\/silence-louder-than-celebration-most-cities-in-serbia-welcomed-the-new-year-in-silence-video\\\/#mainImage\",\"width\":1200,\"height\":750},\"primaryImageOfPage\":{\"@id\":\"https:\\\/\\\/serbiantimes.info\\\/en\\\/silence-louder-than-celebration-most-cities-in-serbia-welcomed-the-new-year-in-silence-video\\\/#mainImage\"},\"datePublished\":\"2025-01-01T08:47:12+02:00\",\"dateModified\":\"2025-01-01T08:47:13+02:00\"},{\"@type\":\"WebSite\",\"@id\":\"https:\\\/\\\/serbiantimes.info\\\/en\\\/#website\",\"url\":\"https:\\\/\\\/serbiantimes.info\\\/en\\\/\",\"name\":\"Serbiantimes.info EN\",\"inLanguage\":\"en-US\",\"publisher\":{\"@id\":\"https:\\\/\\\/serbiantimes.info\\\/en\\\/#organization\"}}]}\n\t\t<\/script>\n\t\t<!-- All in One SEO -->\n\n","aioseo_head_json":{"title":"SILENCE LOUDER THAN CELEBRATION: Most cities in Serbia welcomed the New Year in silence! (VIDEO) | Serbiantimes.info EN","description":"Unlike previous years, most cities in Serbia did not have organized New Year's Eve celebrations on streets and squares. Exceptions were Belgrade, Ni\u0161, Kragujevac, \u010ca\u010dak, and Zlatibor. A concert featuring Haris D\u017einovi\u0107, \u017deljko Vasi\u0107, and Marina Viskovi\u0107 was organized at Belgrade's Republic Square. For Belgraders and guests of the capital, another open-air New Year's Eve","canonical_url":"https:\/\/serbiantimes.info\/en\/silence-louder-than-celebration-most-cities-in-serbia-welcomed-the-new-year-in-silence-video\/","robots":"max-image-preview:large","keywords":"","webmasterTools":{"miscellaneous":""},"schema":{"@context":"https:\/\/schema.org","@graph":[{"@type":"BlogPosting","@id":"https:\/\/serbiantimes.info\/en\/silence-louder-than-celebration-most-cities-in-serbia-welcomed-the-new-year-in-silence-video\/#blogposting","name":"SILENCE LOUDER THAN CELEBRATION: Most cities in Serbia welcomed the New Year in silence! (VIDEO) | Serbiantimes.info EN","headline":"SILENCE LOUDER THAN CELEBRATION: Most cities in Serbia welcomed the New Year in silence! (VIDEO)","author":{"@id":"https:\/\/serbiantimes.info\/en\/author\/serbiantimes-portal\/#author"},"publisher":{"@id":"https:\/\/serbiantimes.info\/en\/#organization"},"image":{"@type":"ImageObject","url":"https:\/\/serbiantimes.info\/en\/wp-content\/uploads\/sites\/2\/2025\/01\/image-1200x750-21.png","width":1200,"height":750},"datePublished":"2025-01-01T08:47:12+02:00","dateModified":"2025-01-01T08:47:13+02:00","inLanguage":"en-US","mainEntityOfPage":{"@id":"https:\/\/serbiantimes.info\/en\/silence-louder-than-celebration-most-cities-in-serbia-welcomed-the-new-year-in-silence-video\/#webpage"},"isPartOf":{"@id":"https:\/\/serbiantimes.info\/en\/silence-louder-than-celebration-most-cities-in-serbia-welcomed-the-new-year-in-silence-video\/#webpage"},"articleSection":"SERBIA, Beograd, Ni\u0161, Nova Godina, Novi Sad, slavlje, Srbija, ti\u0161ina, tragedija"},{"@type":"BreadcrumbList","@id":"https:\/\/serbiantimes.info\/en\/silence-louder-than-celebration-most-cities-in-serbia-welcomed-the-new-year-in-silence-video\/#breadcrumblist","itemListElement":[{"@type":"ListItem","@id":"https:\/\/serbiantimes.info\/en#listItem","position":1,"name":"Home","item":"https:\/\/serbiantimes.info\/en","nextItem":{"@type":"ListItem","@id":"https:\/\/serbiantimes.info\/en\/category\/serbia\/#listItem","name":"SERBIA"}},{"@type":"ListItem","@id":"https:\/\/serbiantimes.info\/en\/category\/serbia\/#listItem","position":2,"name":"SERBIA","item":"https:\/\/serbiantimes.info\/en\/category\/serbia\/","nextItem":{"@type":"ListItem","@id":"https:\/\/serbiantimes.info\/en\/silence-louder-than-celebration-most-cities-in-serbia-welcomed-the-new-year-in-silence-video\/#listItem","name":"SILENCE LOUDER THAN CELEBRATION: Most cities in Serbia welcomed the New Year in silence! (VIDEO)"},"previousItem":{"@type":"ListItem","@id":"https:\/\/serbiantimes.info\/en#listItem","name":"Home"}},{"@type":"ListItem","@id":"https:\/\/serbiantimes.info\/en\/silence-louder-than-celebration-most-cities-in-serbia-welcomed-the-new-year-in-silence-video\/#listItem","position":3,"name":"SILENCE LOUDER THAN CELEBRATION: Most cities in Serbia welcomed the New Year in silence! (VIDEO)","previousItem":{"@type":"ListItem","@id":"https:\/\/serbiantimes.info\/en\/category\/serbia\/#listItem","name":"SERBIA"}}]},{"@type":"Organization","@id":"https:\/\/serbiantimes.info\/en\/#organization","name":"Serbiantimes.info EN","url":"https:\/\/serbiantimes.info\/en\/","logo":{"@type":"ImageObject","url":"https:\/\/serbiantimes.info\/en\/wp-content\/uploads\/sites\/2\/2024\/10\/cropped-cropped-Serbian-Times-Header-Logo-1.png","@id":"https:\/\/serbiantimes.info\/en\/silence-louder-than-celebration-most-cities-in-serbia-welcomed-the-new-year-in-silence-video\/#organizationLogo","width":480,"height":100},"image":{"@id":"https:\/\/serbiantimes.info\/en\/silence-louder-than-celebration-most-cities-in-serbia-welcomed-the-new-year-in-silence-video\/#organizationLogo"}},{"@type":"Person","@id":"https:\/\/serbiantimes.info\/en\/author\/serbiantimes-portal\/#author","url":"https:\/\/serbiantimes.info\/en\/author\/serbiantimes-portal\/","name":"Serbian Times","image":{"@type":"ImageObject","@id":"https:\/\/serbiantimes.info\/en\/silence-louder-than-celebration-most-cities-in-serbia-welcomed-the-new-year-in-silence-video\/#authorImage","url":"https:\/\/secure.gravatar.com\/avatar\/ea76e009769270b4193e2bc7e032c096b4ae135483ec03b396fd0f520bc3dcfd?s=96&d=mm&r=g","width":96,"height":96,"caption":"Serbian Times"}},{"@type":"WebPage","@id":"https:\/\/serbiantimes.info\/en\/silence-louder-than-celebration-most-cities-in-serbia-welcomed-the-new-year-in-silence-video\/#webpage","url":"https:\/\/serbiantimes.info\/en\/silence-louder-than-celebration-most-cities-in-serbia-welcomed-the-new-year-in-silence-video\/","name":"SILENCE LOUDER THAN CELEBRATION: Most cities in Serbia welcomed the New Year in silence! (VIDEO) | Serbiantimes.info EN","description":"Unlike previous years, most cities in Serbia did not have organized New Year's Eve celebrations on streets and squares. Exceptions were Belgrade, Ni\u0161, Kragujevac, \u010ca\u010dak, and Zlatibor. A concert featuring Haris D\u017einovi\u0107, \u017deljko Vasi\u0107, and Marina Viskovi\u0107 was organized at Belgrade's Republic Square. For Belgraders and guests of the capital, another open-air New Year's Eve","inLanguage":"en-US","isPartOf":{"@id":"https:\/\/serbiantimes.info\/en\/#website"},"breadcrumb":{"@id":"https:\/\/serbiantimes.info\/en\/silence-louder-than-celebration-most-cities-in-serbia-welcomed-the-new-year-in-silence-video\/#breadcrumblist"},"author":{"@id":"https:\/\/serbiantimes.info\/en\/author\/serbiantimes-portal\/#author"},"creator":{"@id":"https:\/\/serbiantimes.info\/en\/author\/serbiantimes-portal\/#author"},"image":{"@type":"ImageObject","url":"https:\/\/serbiantimes.info\/en\/wp-content\/uploads\/sites\/2\/2025\/01\/image-1200x750-21.png","@id":"https:\/\/serbiantimes.info\/en\/silence-louder-than-celebration-most-cities-in-serbia-welcomed-the-new-year-in-silence-video\/#mainImage","width":1200,"height":750},"primaryImageOfPage":{"@id":"https:\/\/serbiantimes.info\/en\/silence-louder-than-celebration-most-cities-in-serbia-welcomed-the-new-year-in-silence-video\/#mainImage"},"datePublished":"2025-01-01T08:47:12+02:00","dateModified":"2025-01-01T08:47:13+02:00"},{"@type":"WebSite","@id":"https:\/\/serbiantimes.info\/en\/#website","url":"https:\/\/serbiantimes.info\/en\/","name":"Serbiantimes.info EN","inLanguage":"en-US","publisher":{"@id":"https:\/\/serbiantimes.info\/en\/#organization"}}]},"og:locale":"en_US","og:site_name":"Serbiantimes.info EN |","og:type":"article","og:title":"SILENCE LOUDER THAN CELEBRATION: Most cities in Serbia welcomed the New Year in silence! (VIDEO) | Serbiantimes.info EN","og:description":"Unlike previous years, most cities in Serbia did not have organized New Year's Eve celebrations on streets and squares. Exceptions were Belgrade, Ni\u0161, Kragujevac, \u010ca\u010dak, and Zlatibor. A concert featuring Haris D\u017einovi\u0107, \u017deljko Vasi\u0107, and Marina Viskovi\u0107 was organized at Belgrade's Republic Square. For Belgraders and guests of the capital, another open-air New Year's Eve","og:url":"https:\/\/serbiantimes.info\/en\/silence-louder-than-celebration-most-cities-in-serbia-welcomed-the-new-year-in-silence-video\/","og:image":"https:\/\/serbiantimes.info\/en\/wp-content\/uploads\/sites\/2\/2025\/01\/image-1200x750-21.png","og:image:secure_url":"https:\/\/serbiantimes.info\/en\/wp-content\/uploads\/sites\/2\/2025\/01\/image-1200x750-21.png","og:image:width":1200,"og:image:height":750,"article:published_time":"2025-01-01T06:47:12+00:00","article:modified_time":"2025-01-01T06:47:13+00:00","twitter:card":"summary_large_image","twitter:title":"SILENCE LOUDER THAN CELEBRATION: Most cities in Serbia welcomed the New Year in silence! (VIDEO) | Serbiantimes.info EN","twitter:description":"Unlike previous years, most cities in Serbia did not have organized New Year's Eve celebrations on streets and squares. Exceptions were Belgrade, Ni\u0161, Kragujevac, \u010ca\u010dak, and Zlatibor. A concert featuring Haris D\u017einovi\u0107, \u017deljko Vasi\u0107, and Marina Viskovi\u0107 was organized at Belgrade's Republic Square. For Belgraders and guests of the capital, another open-air New Year's Eve","twitter:image":"https:\/\/serbiantimes.info\/en\/wp-content\/uploads\/sites\/2\/2025\/01\/image-1200x750-21.png"},"aioseo_meta_data":{"post_id":"158636","title":null,"description":null,"keywords":null,"keyphrases":{"focus":{"keyphrase":"","score":0,"analysis":{"keyphraseInTitle":{"score":0,"maxScore":9,"error":1}}},"additional":[]},"primary_term":null,"canonical_url":null,"og_title":null,"og_description":null,"og_object_type":"default","og_image_type":"default","og_image_url":null,"og_image_width":null,"og_image_height":null,"og_image_custom_url":null,"og_image_custom_fields":null,"og_video":"","og_custom_url":null,"og_article_section":null,"og_article_tags":null,"twitter_use_og":false,"twitter_card":"default","twitter_image_type":"default","twitter_image_url":null,"twitter_image_custom_url":null,"twitter_image_custom_fields":null,"twitter_title":null,"twitter_description":null,"schema":{"blockGraphs":[],"customGraphs":[],"default":{"data":{"Article":[],"Course":[],"Dataset":[],"FAQPage":[],"Movie":[],"Person":[],"Product":[],"ProductReview":[],"Car":[],"Recipe":[],"Service":[],"SoftwareApplication":[],"WebPage":[]},"graphName":"BlogPosting","isEnabled":true},"graphs":[]},"schema_type":"default","schema_type_options":null,"pillar_content":false,"robots_default":true,"robots_noindex":false,"robots_noarchive":false,"robots_nosnippet":false,"robots_nofollow":false,"robots_noimageindex":false,"robots_noodp":false,"robots_notranslate":false,"robots_max_snippet":"-1","robots_max_videopreview":"-1","robots_max_imagepreview":"large","priority":null,"frequency":"default","local_seo":null,"breadcrumb_settings":null,"limit_modified_date":false,"ai":null,"created":"2025-01-01 06:47:13","updated":"2025-06-26 16:23:22","focus_keyword":null,"additional_keywords":null,"truseo_locale":null,"seo_analyzer_scan_date":null},"aioseo_breadcrumb":"<div class=\"aioseo-breadcrumbs\"><span class=\"aioseo-breadcrumb\">\n\t\t\t<a href=\"https:\/\/serbiantimes.info\/en\" title=\"Home\">Home<\/a>\n\t\t<\/span><span class=\"aioseo-breadcrumb-separator\">&raquo;<\/span><span class=\"aioseo-breadcrumb\">\n\t\t\t<a href=\"https:\/\/serbiantimes.info\/en\/category\/serbia\/\" title=\"SERBIA\">SERBIA<\/a>\n\t\t<\/span><span class=\"aioseo-breadcrumb-separator\">&raquo;<\/span><span class=\"aioseo-breadcrumb\">\n\t\t\tSILENCE LOUDER THAN CELEBRATION: Most cities in Serbia welcomed the New Year in silence! (VIDEO)\n\t\t<\/span><\/div>","aioseo_breadcrumb_json":[{"label":"Home","link":"https:\/\/serbiantimes.info\/en"},{"label":"SERBIA","link":"https:\/\/serbiantimes.info\/en\/category\/serbia\/"},{"label":"SILENCE LOUDER THAN CELEBRATION: Most cities in Serbia welcomed the New Year in silence! (VIDEO)","link":"https:\/\/serbiantimes.info\/en\/silence-louder-than-celebration-most-cities-in-serbia-welcomed-the-new-year-in-silence-video\/"}],"distributor_meta":false,"distributor_terms":false,"distributor_media":false,"distributor_original_site_name":"Serbiantimes.info EN","distributor_original_site_url":"https:\/\/serbiantimes.info\/en","push-errors":false,"_links":{"self":[{"href":"https:\/\/serbiantimes.info\/en\/wp-json\/wp\/v2\/posts\/158636","targetHints":{"allow":["GET"]}}],"collection":[{"href":"https:\/\/serbiantimes.info\/en\/wp-json\/wp\/v2\/posts"}],"about":[{"href":"https:\/\/serbiantimes.info\/en\/wp-json\/wp\/v2\/types\/post"}],"author":[{"embeddable":true,"href":"https:\/\/serbiantimes.info\/en\/wp-json\/wp\/v2\/users\/2169"}],"replies":[{"embeddable":true,"href":"https:\/\/serbiantimes.info\/en\/wp-json\/wp\/v2\/comments?post=158636"}],"version-history":[{"count":1,"href":"https:\/\/serbiantimes.info\/en\/wp-json\/wp\/v2\/posts\/158636\/revisions"}],"predecessor-version":[{"id":158640,"href":"https:\/\/serbiantimes.info\/en\/wp-json\/wp\/v2\/posts\/158636\/revisions\/158640"}],"wp:featuredmedia":[{"embeddable":true,"href":"https:\/\/serbiantimes.info\/en\/wp-json\/wp\/v2\/media\/158637"}],"wp:attachment":[{"href":"https:\/\/serbiantimes.info\/en\/wp-json\/wp\/v2\/media?parent=158636"}],"wp:term":[{"taxonomy":"category","embeddable":true,"href":"https:\/\/serbiantimes.info\/en\/wp-json\/wp\/v2\/categories?post=158636"},{"taxonomy":"post_tag","embeddable":true,"href":"https:\/\/serbiantimes.info\/en\/wp-json\/wp\/v2\/tags?post=158636"}],"curies":[{"name":"wp","href":"https:\/\/api.w.org\/{rel}","templated":true}]}}