{"id":158426,"date":"2024-12-27T17:15:37","date_gmt":"2024-12-27T15:15:37","guid":{"rendered":"https:\/\/serbiantimes.info\/en\/?p=158426"},"modified":"2024-12-27T17:18:33","modified_gmt":"2024-12-27T15:18:33","slug":"terror-against-serbs-continues-kurtis-police-raid-urban-planning-building-one-person-detained-documentation-seized","status":"publish","type":"post","link":"https:\/\/serbiantimes.info\/en\/terror-against-serbs-continues-kurtis-police-raid-urban-planning-building-one-person-detained-documentation-seized\/","title":{"rendered":"TERROR AGAINST SERBS CONTINUES: Kurti\u2019s Police raid urban planning building, one person detained, documentation seized"},"content":{"rendered":"\n<p>Police officers have raided the building of the Public Enterprise &#8220;Urban Planning&#8221; in the northern part of Kosovska Mitrovica, detaining director Marija Simovi\u0107 and continuing the closure of institutions previously associated with the Provisional Municipal Authority of the Government of Serbia.<\/p>\n\n\n\n<p>The regional police directorate for the North stated that the operation was conducted following information that a branch of the Urban Planning office might be operating in an apartment near the Technical School.<\/p>\n\n\n\n<p>\u201cWe investigated this information and found it to be accurate. After consulting with the prosecutor, the documents found at the location were confiscated. Several individuals were interviewed, and a case of document forgery has been opened. This case has been linked to the previous case involving the parallel structure in North Mitrovica,\u201d said Veton Elj\u0161ani, deputy commander of the regional police, to RTS.<\/p>\n\n\n\n<p>Yesterday, police officers also raided the Public Housing Company and the Directorate for Urban Land and Roads in the northern part of Kosovska Mitrovica, blocking the entrance to the building.<\/p>\n\n\n\n<h4 class=\"wp-block-heading\"><mark style=\"background-color:#FFFFFF;color:#d21414\" class=\"has-inline-color\">FOLLOW US ON FACEBOOK:<\/mark><\/h4>\n\n\n\n<iframe loading=\"lazy\" src=\"https:\/\/www.facebook.com\/plugins\/post.php?href=https%3A%2F%2Fwww.facebook.com%2Fserbiantimes%2Fposts%2Fpfbid0emh9gSQ1VmDggh5D5tPBNuS2xeSFti9VW3VjqrmZnbEP54gH284YZebMDUU98Xjxl&#038;show_text=true&#038;width=500\" width=\"500\" height=\"582\" style=\"border:none;overflow:hidden\" scrolling=\"no\" frameborder=\"0\" allowfullscreen=\"true\" allow=\"autoplay; clipboard-write; encrypted-media; picture-in-picture; web-share\"><\/iframe>\n\n\n\n<h2 class=\"wp-block-heading\">Vu\u010devi\u0107: Raid on &#8220;urban planning&#8221; is a continuation of terror against Serbs<\/h2>\n\n\n\n<p>Prime Minister Milo\u0161 Vu\u010devi\u0107 stated that the Kosovo police raid on the Public Enterprise &#8220;Urban Planning&#8221; in the northern part of Kosovska Mitrovica is yet another act of terror against Serbs.<\/p>\n\n\n\n<p>\u201cOnce again, we are witnessing shameful scenes of Kurti\u2019s incompetence. He continues the terror against Serbs and exploits the holiday season to push forward his terrorist agenda and illegal seizure of Serbian property in northern Kosovo and Metohija,\u201d Vu\u010devi\u0107 wrote on Instagram.<\/p>\n\n\n\n<p>Vu\u010devi\u0107 added that Kurti\u2019s special forces stormed the enterprise\u2019s premises, which employ around ten workers.<\/p>\n\n\n\n<p>The Serbian Prime Minister emphasized that any reasonable person can see that Kurti is frustrated by his failure to ban the Serbian List.<\/p>\n\n\n\n<p>He further noted that Kurti\u2019s attempts to eliminate Serbs from political life have all failed, prompting him to resort to various methods to pressure the Serbian population in northern Kosovo and Metohija.<\/p>\n\n\n\n<p>\u201cThe whole world is beginning to understand who is causing the problems and who is attempting to destabilize the region with unilateral actions in Kosovo and Metohija. Serbia will act responsibly and do everything in its power to maintain peace,\u201d Vu\u010devi\u0107 concluded.<\/p>\n\n\n\n<h4 class=\"wp-block-heading\"><mark style=\"background-color:#FFFFFF;color:#d21414\" class=\"has-inline-color\">READ MORE: <\/mark><\/h4>\n\n\n\n<p><strong><a href=\"https:\/\/serbiantimes.info\/en\/epic-scandal-in-romania-ruling-party-paid-for-tiktok-campaign-that-led-to-the-annulment-of-georgescus-victory\/\" target=\"_blank\" rel=\"noreferrer noopener\">EPIC SCANDAL IN ROMANIA: Ruling party paid for TikTok campaign that led to the annulment of Georgescu\u2019s victory!<\/a><\/strong><\/p>\n\n\n\n<p><strong><a href=\"https:\/\/serbiantimes.info\/en\/chicago-is-cultivating-future-olympic-champions-young-karatekas-promise-to-bring-gold-to-serbia-one-day-video\/\" target=\"_blank\" rel=\"noreferrer noopener\">CHICAGO IS CULTIVATING FUTURE OLYMPIC CHAMPIONS: Young Karatekas promise to bring gold to Serbia one day! (VIDEO)<\/a><\/strong><\/p>\n\n\n\n<p><strong><a href=\"https:\/\/serbiantimes.info\/en\/giving-away-his-wealth-for-free-a-farmer-from-golija-donates-10-acres-of-his-land-with-only-one-condition\/\" target=\"_blank\" rel=\"noreferrer noopener\">GIVING AWAY HIS WEALTH FOR FREE: A farmer from Golija donates 10 acres of his land, with only one condition!<\/a><\/strong><\/p>\n\n\n\n<p><strong>Source:<\/strong> RTS,<strong> Photo<\/strong>: RTS<\/p>\n","protected":false},"excerpt":{"rendered":"<p>Police officers have raided the building of the Public Enterprise &#8220;Urban Planning&#8221; in the northern part of Kosovska Mitrovica, detaining director Marija Simovi\u0107 and continuing the closure of institutions previously associated with the Provisional Municipal Authority of the Government of Serbia. The regional police directorate for the North stated that the operation was conducted following [&hellip;]<\/p>\n","protected":false},"author":2169,"featured_media":158427,"comment_status":"open","ping_status":"open","sticky":false,"template":"","format":"standard","meta":{"newspack_featured_image_position":"","newspack_post_subtitle":"","newspack_article_summary_title":"Overview:","newspack_article_summary":"","newspack_hide_updated_date":false,"newspack_show_updated_date":false,"footnotes":""},"categories":[7],"tags":[1092,1757,1920,478,3075,1991],"class_list":["post-158426","post","type-post","status-publish","format-standard","has-post-thumbnail","hentry","category-serbia","tag-aljbin-kurti","tag-kosmet","tag-milos-vucevic","tag-policija","tag-severna-mitrovica","tag-teror-nad-srbima","entry"],"aioseo_notices":[],"distributor_meta":false,"distributor_terms":false,"distributor_media":false,"distributor_original_site_name":"Serbiantimes.info EN","distributor_original_site_url":"https:\/\/serbiantimes.info\/en","push-errors":false,"_links":{"self":[{"href":"https:\/\/serbiantimes.info\/en\/wp-json\/wp\/v2\/posts\/158426","targetHints":{"allow":["GET"]}}],"collection":[{"href":"https:\/\/serbiantimes.info\/en\/wp-json\/wp\/v2\/posts"}],"about":[{"href":"https:\/\/serbiantimes.info\/en\/wp-json\/wp\/v2\/types\/post"}],"author":[{"embeddable":true,"href":"https:\/\/serbiantimes.info\/en\/wp-json\/wp\/v2\/users\/2169"}],"replies":[{"embeddable":true,"href":"https:\/\/serbiantimes.info\/en\/wp-json\/wp\/v2\/comments?post=158426"}],"version-history":[{"count":2,"href":"https:\/\/serbiantimes.info\/en\/wp-json\/wp\/v2\/posts\/158426\/revisions"}],"predecessor-version":[{"id":158448,"href":"https:\/\/serbiantimes.info\/en\/wp-json\/wp\/v2\/posts\/158426\/revisions\/158448"}],"wp:featuredmedia":[{"embeddable":true,"href":"https:\/\/serbiantimes.info\/en\/wp-json\/wp\/v2\/media\/158427"}],"wp:attachment":[{"href":"https:\/\/serbiantimes.info\/en\/wp-json\/wp\/v2\/media?parent=158426"}],"wp:term":[{"taxonomy":"category","embeddable":true,"href":"https:\/\/serbiantimes.info\/en\/wp-json\/wp\/v2\/categories?post=158426"},{"taxonomy":"post_tag","embeddable":true,"href":"https:\/\/serbiantimes.info\/en\/wp-json\/wp\/v2\/tags?post=158426"}],"curies":[{"name":"wp","href":"https:\/\/api.w.org\/{rel}","templated":true}]}}