{"id":158389,"date":"2024-12-26T15:48:39","date_gmt":"2024-12-26T13:48:39","guid":{"rendered":"https:\/\/serbiantimes.info\/en\/?p=158389"},"modified":"2024-12-26T15:48:40","modified_gmt":"2024-12-26T13:48:40","slug":"uhapsen-ministar-bih-velika-akcija-tuzilastva-privedena-jos-6-lica-sa-njim-evo-za-sta-su-optuzeni","status":"publish","type":"post","link":"https:\/\/serbiantimes.info\/en\/uhapsen-ministar-bih-velika-akcija-tuzilastva-privedena-jos-6-lica-sa-njim-evo-za-sta-su-optuzeni\/","title":{"rendered":"BOSNIAN MINISTER ARRESTED: Major prosecution action, six others arrested with him, this is what they are accused of!"},"content":{"rendered":"\n<p>The Prosecutor&#8217;s Office of Bosnia and Herzegovina announced today&#8217;s action in which, among others, the Minister of Security of BiH, Nenad Ne\u0161i\u0107, was arrested.<\/p>\n\n\n\n<p>&#8220;In an investigation conducted by the Prosecutor&#8217;s Office of BiH together with the Organized Crime Department of the Ministry of the Interior of Republika Srpska, on December 26, 2024, in a case of corruption, acting on the order of the prosecutor, Nenad Ne\u0161i\u0107, Minister of Security in the Council of Ministers of BiH, Milan Daki\u0107, director of JP Putevi RS, Mladen Lu\u010di\u0107, and four other persons were deprived of their liberty,&#8221; the statement says, as reported by Euronews.ba.<\/p>\n\n\n\n<h4 class=\"wp-block-heading\"><mark style=\"background-color:#FFFFFF;color:#d21414\" class=\"has-inline-color\">FOLLOW US ON FACEBOOK:<\/mark><\/h4>\n\n\n\t<figure class='wp-block-newspack-blocks-iframe'>\n\t\t<div class='wp-block-embed__wrapper' style=\"height:600px; width:100%;\">\n\t\t\t<iframe\n\t\t\t\tid = 'newspack-iframe-PB5PiDNDcqRO'\n\t\t\t\tlayout = 'responsive'\n\t\t\t\theight = '100'\n\t\t\t\twidth = '100'\n\t\t\t\tsrc = 'https:\/\/www.facebook.com\/plugins\/post.php?href=https%3A%2F%2Fwww.facebook.com%2Fserbiantimes%2Fposts%2Fpfbid034k3bG9PXJCzaZLaetMVoeTCno4KneP3DzhWcN4KTCRf9WNLpo8K9wEcVDvzKNEXPl'\n\t\t\t\tstyle = 'height: 600px; width: 100%;'\n\t\t\t\tframeborder = '0'\n\t\t\t\tallowfullscreen\n\t\t\t><\/iframe>\n\t\t<\/div>\n\t<\/figure>\n\n\t<script>\n\t\tconst iframe = document.getElementById(\"newspack-iframe-PB5PiDNDcqRO\");\n\t\tconst timerId = setInterval( function() {\n\t\t\t\tiframe.src = iframe.src;\n\t\t\t}, 2000 );\n\n\t\tiframe.onload = function() {\n\t\t\tclearInterval(timerId);\n\t\t}\n\n\t<\/script>\n\n\t\n\n\n<p>They are suspected of, as managers of JP Putevi RS and persons who did business with the said company, committing criminal offenses &#8211; association for committing criminal offenses (Article 249 of the Criminal Code of BiH), money laundering (Article 209 of the Criminal Code of BiH), abuse of official position or authority (Article 315 of the Criminal Code of RS) and bribery (Article 319 of the Criminal Code of RS).<\/p>\n\n\n\n<p>&#8220;The Prosecutor&#8217;s Office of BiH will inform the public about the further course of the investigation,&#8221; the statement adds.<\/p>\n\n\n\n<p>The Minister of Security of BiH, Nenad Ne\u0161i\u0107, previously held the position of director of Putevi RS.<\/p>\n\n\n\n<h4 class=\"wp-block-heading\"><mark style=\"background-color:#FFFFFF;color:#d21414\" class=\"has-inline-color\">READ MORE: <\/mark><\/h4>\n\n\n\n<p><strong><a href=\"https:\/\/serbiantimes.info\/en\/epic-scandal-in-romania-ruling-party-paid-for-tiktok-campaign-that-led-to-the-annulment-of-georgescus-victory\/\" target=\"_blank\" rel=\"noreferrer noopener\">EPIC SCANDAL IN ROMANIA: Ruling party paid for TikTok campaign that led to the annulment of Georgescu\u2019s victory!<\/a><\/strong><\/p>\n\n\n\n<p><strong><a href=\"https:\/\/serbiantimes.info\/en\/chicago-is-cultivating-future-olympic-champions-young-karatekas-promise-to-bring-gold-to-serbia-one-day-video\/\" target=\"_blank\" rel=\"noreferrer noopener\">CHICAGO IS CULTIVATING FUTURE OLYMPIC CHAMPIONS: Young Karatekas promise to bring gold to Serbia one day! (VIDEO)<\/a><\/strong><\/p>\n\n\n\n<p><strong><a href=\"https:\/\/serbiantimes.info\/en\/giving-away-his-wealth-for-free-a-farmer-from-golija-donates-10-acres-of-his-land-with-only-one-condition\/\" target=\"_blank\" rel=\"noreferrer noopener\">GIVING AWAY HIS WEALTH FOR FREE: A farmer from Golija donates 10 acres of his land, with only one condition!<\/a><\/strong><\/p>\n\n\n\n<p><strong>Source<\/strong>: <a href=\"https:\/\/www.euronews.rs\/evropa\/region\/151032\/tuzilastvo-bih-liseni-slobode-ministar-nesic-i-jos-sest-osoba\/vest\" target=\"_blank\" rel=\"noopener\" title=\"\">Euronews<\/a>, <strong>Photo<\/strong>: FoNet\/MUP Srbije<\/p>\n","protected":false},"excerpt":{"rendered":"<p>The Prosecutor&#8217;s Office of Bosnia and Herzegovina announced today&#8217;s action in which, among others, the Minister of Security of BiH, Nenad Ne\u0161i\u0107, was arrested. &#8220;In an investigation conducted by the Prosecutor&#8217;s Office of BiH together with the Organized Crime Department of the Ministry of the Interior of Republika Srpska, on December 26, 2024, in a [&hellip;]<\/p>\n","protected":false},"author":2169,"featured_media":158390,"comment_status":"open","ping_status":"open","sticky":false,"template":"","format":"standard","meta":{"newspack_featured_image_position":"","newspack_post_subtitle":"","newspack_article_summary_title":"Overview:","newspack_article_summary":"","newspack_hide_updated_date":false,"newspack_show_updated_date":false,"footnotes":""},"categories":[8],"tags":[116,309,381,341,2340,2074,3937,3938,2075],"class_list":["post-158389","post","type-post","status-publish","format-standard","has-post-thumbnail","hentry","category-balkan","tag-balkan","tag-bih","tag-bosna","tag-bosna-i-hercegovina","tag-korupcija","tag-ministar","tag-nenad-nesic","tag-pranje-novca","tag-tuzilastvo","entry"],"aioseo_notices":[],"distributor_meta":false,"distributor_terms":false,"distributor_media":false,"distributor_original_site_name":"Serbiantimes.info EN","distributor_original_site_url":"https:\/\/serbiantimes.info\/en","push-errors":false,"_links":{"self":[{"href":"https:\/\/serbiantimes.info\/en\/wp-json\/wp\/v2\/posts\/158389","targetHints":{"allow":["GET"]}}],"collection":[{"href":"https:\/\/serbiantimes.info\/en\/wp-json\/wp\/v2\/posts"}],"about":[{"href":"https:\/\/serbiantimes.info\/en\/wp-json\/wp\/v2\/types\/post"}],"author":[{"embeddable":true,"href":"https:\/\/serbiantimes.info\/en\/wp-json\/wp\/v2\/users\/2169"}],"replies":[{"embeddable":true,"href":"https:\/\/serbiantimes.info\/en\/wp-json\/wp\/v2\/comments?post=158389"}],"version-history":[{"count":1,"href":"https:\/\/serbiantimes.info\/en\/wp-json\/wp\/v2\/posts\/158389\/revisions"}],"predecessor-version":[{"id":158400,"href":"https:\/\/serbiantimes.info\/en\/wp-json\/wp\/v2\/posts\/158389\/revisions\/158400"}],"wp:featuredmedia":[{"embeddable":true,"href":"https:\/\/serbiantimes.info\/en\/wp-json\/wp\/v2\/media\/158390"}],"wp:attachment":[{"href":"https:\/\/serbiantimes.info\/en\/wp-json\/wp\/v2\/media?parent=158389"}],"wp:term":[{"taxonomy":"category","embeddable":true,"href":"https:\/\/serbiantimes.info\/en\/wp-json\/wp\/v2\/categories?post=158389"},{"taxonomy":"post_tag","embeddable":true,"href":"https:\/\/serbiantimes.info\/en\/wp-json\/wp\/v2\/tags?post=158389"}],"curies":[{"name":"wp","href":"https:\/\/api.w.org\/{rel}","templated":true}]}}