{"id":158166,"date":"2024-12-22T11:37:18","date_gmt":"2024-12-22T09:37:18","guid":{"rendered":"https:\/\/serbiantimes.info\/en\/?p=158166"},"modified":"2024-12-22T11:38:04","modified_gmt":"2024-12-22T09:38:04","slug":"vucic-calls-on-diaspora-state-giving-out-handfuls-just-to-get-them-back-to-serbia-heres-whats-planned-as-an-incentive","status":"publish","type":"post","link":"https:\/\/serbiantimes.info\/en\/vucic-calls-on-diaspora-state-giving-out-handfuls-just-to-get-them-back-to-serbia-heres-whats-planned-as-an-incentive\/","title":{"rendered":"VU\u010cI\u0106 CALLS ON DIASPORA: State giving out handfuls just to get them back to Serbia, here&#8217;s what&#8217;s planned as an incentive!"},"content":{"rendered":"\n<p>President Aleksandar Vu\u010di\u0107 announced at today&#8217;s conference that the government has started working on a program for the return of people from the diaspora, which should be ready in seven days, and emphasized that people&#8217;s interest in returning to the country is growing.<\/p>\n\n\n\n<p>&#8220;This is about incentives, about the personal income tax law, where younger returnees who are returning from master&#8217;s studies have a 70% savings on taxes and contributions, as well as incentives for employers, and numerous privileges from customs exemptions that will go up to 20,000 euros, but it must go up to 50,000 euros,&#8221; said Vu\u010di\u0107.<\/p>\n\n\n\n<h4 class=\"wp-block-heading\"><mark style=\"background-color:#FFFFFF;color:#d21414\" class=\"has-inline-color\">FOLLOW US ON FACEBOOK:<\/mark><\/h4>\n\n\n\n<iframe loading=\"lazy\" src=\"https:\/\/www.facebook.com\/plugins\/post.php?href=https%3A%2F%2Fwww.facebook.com%2Fserbiantimes%2Fposts%2Fpfbid02bn9ttXkG1TiyGCGERjh2HDK3nS26M1wPAk7Bqj4QSUNzqKuzJC97kzrfvF9DTD3Jl&#038;show_text=true&#038;width=500\" width=\"500\" height=\"563\" style=\"border:none;overflow:hidden\" scrolling=\"no\" frameborder=\"0\" allowfullscreen=\"true\" allow=\"autoplay; clipboard-write; encrypted-media; picture-in-picture; web-share\"><\/iframe>\n\n\n\n<p><br>\u00a0He also stated that the essence is to get people back, because if someone has earned and made their home abroad and worked there for years and decades, you can&#8217;t tell them to return 20,000 euros and not pay customs duty on that, but it has to be 50,000 and up to 100,000 euros.<\/p>\n\n\n\n<p>&#8220;We are also working on a thousand other things on return. There are new initiatives, subsidies for self-employment of returnees, support for pensioners from the diaspora, and we have made programs with Germany and Austria. We must also do something for health insurance and we are now finalizing with Sweden, and then we will continue with Denmark, Norway, the Netherlands and other countries,&#8221; said Vu\u010di\u0107.<\/p>\n\n\n\n<p>He also emphasized that people&#8217;s interest in returning to the country is growing and this can be seen through conversations with them.<\/p>\n\n\n\n<p>The President announced that today six doctors will be presented who have returned to their homeland from different places and to different hospitals and health centers.<\/p>\n\n\n\n<p>These are, as he stated, doctors Vasilije Tadi\u0107 who is returning to the KBC Zvezdara from the USA, Nikola Tripkovi\u0107 who is coming to the Clinical Center of Serbia to the hematology clinic from Switzerland, then Dalibor Stojakovi\u0107 who is returning to the Gra\u010danica Health Center from Norway, as well as Dr. Danijela Stojanovi\u0107 who is coming from Norway to the KC Vojvodina.<\/p>\n\n\n\n<p>Among the returnees, according to Vu\u010di\u0107, are Milan Te\u0161i\u0107 who is returning to KBC Zvezdara from the United Arab Emirates and Dr. Marko Milenkovi\u0107 who is going to the Vranje Health Center from Germany.<\/p>\n\n\n\n<p>&#8220;We will continue to work. We want to bring back more doctors and many nurses, and we will also create a special team for the return of craftsmen and construction workers,&#8221; said Vu\u010di\u0107.<\/p>\n\n\n\n<p>He emphasized that there must be money for all these measures because they are essentially the essence of progress and that in addition to that human part, where families are reunited, which is the most important, there is also a great economic effect, because each of these people contributes to Serbia&#8217;s GDP.<\/p>\n\n\n\n<p>&#8220;These are projects for which we always have money and we will always have money,&#8221; said Vu\u010di\u0107.<\/p>\n\n\n\n<h4 class=\"wp-block-heading\"><mark style=\"background-color:#FFFFFF;color:#d21414\" class=\"has-inline-color\">READ MORE: <\/mark><\/h4>\n\n\n\n<p><strong><a href=\"https:\/\/serbiantimes.info\/en\/blagojevic-on-joe-rogans-podcast-nato-forced-serbia-to-give-up-kosovo-by-bombing-it-in-1999-video\/\" target=\"_blank\" rel=\"noreferrer noopener\">BLAGOJEVI\u0106 ON JOE ROGAN\u2019S PODCAST: NATO forced Serbia to give up Kosovo by bombing it in 1999! (VIDEO)<\/a><\/strong><\/p>\n\n\n\n<p><strong><a href=\"https:\/\/serbiantimes.info\/en\/scandal-on-the-streets-of-belgrade-fight-between-dilas-and-a-group-of-sns-members-who-were-putting-up-posters-opposition-leader-ends-up-in-the-emergency-room-video\/\" target=\"_blank\" rel=\"noreferrer noopener\">SCANDAL ON THE STREETS OF BELGRADE: Fight between \u0110ilas and a group of SNS members breaks out, opposition leader ends up in the emergency! (VIDEO)<\/a><\/strong><\/p>\n\n\n\n<p><strong><a href=\"https:\/\/serbiantimes.info\/en\/left-serbia-with-three-seas-10-facts-about-emperor-dusan-the-mighty-photo\/\" target=\"_blank\" rel=\"noreferrer noopener\">LEFT SERBIA WITH THREE SEAS: 10 facts about Emperor Du\u0161an the Mighty! (PHOTO)<\/a><\/strong><\/p>\n\n\n\n<p><strong>Source:<\/strong> Euronews,<strong> Photo:<\/strong> Tanjug\/Strahinja A\u0107imovi<\/p>\n","protected":false},"excerpt":{"rendered":"<p>President Aleksandar Vu\u010di\u0107 announced at today&#8217;s conference that the government has started working on a program for the return of people from the diaspora, which should be ready in seven days, and emphasized that people&#8217;s interest in returning to the country is growing. &#8220;This is about incentives, about the personal income tax law, where younger [&hellip;]<\/p>\n","protected":false},"author":2169,"featured_media":158167,"comment_status":"open","ping_status":"open","sticky":false,"template":"","format":"standard","meta":{"newspack_featured_image_position":"","newspack_post_subtitle":"","newspack_article_summary_title":"Overview:","newspack_article_summary":"","newspack_hide_updated_date":false,"newspack_show_updated_date":false,"footnotes":""},"categories":[5],"tags":[856,253,500,90,1060,806,3794,3795],"class_list":["post-158166","post","type-post","status-publish","format-standard","has-post-thumbnail","hentry","category-diaspora","tag-aleksandar-vucic","tag-beograd","tag-dijaspora","tag-nemacka","tag-nis","tag-novi-sad","tag-podsticaj","tag-povratak-u-srbiju","entry"],"aioseo_notices":[],"distributor_meta":false,"distributor_terms":false,"distributor_media":false,"distributor_original_site_name":"Serbiantimes.info EN","distributor_original_site_url":"https:\/\/serbiantimes.info\/en","push-errors":false,"_links":{"self":[{"href":"https:\/\/serbiantimes.info\/en\/wp-json\/wp\/v2\/posts\/158166","targetHints":{"allow":["GET"]}}],"collection":[{"href":"https:\/\/serbiantimes.info\/en\/wp-json\/wp\/v2\/posts"}],"about":[{"href":"https:\/\/serbiantimes.info\/en\/wp-json\/wp\/v2\/types\/post"}],"author":[{"embeddable":true,"href":"https:\/\/serbiantimes.info\/en\/wp-json\/wp\/v2\/users\/2169"}],"replies":[{"embeddable":true,"href":"https:\/\/serbiantimes.info\/en\/wp-json\/wp\/v2\/comments?post=158166"}],"version-history":[{"count":1,"href":"https:\/\/serbiantimes.info\/en\/wp-json\/wp\/v2\/posts\/158166\/revisions"}],"predecessor-version":[{"id":158199,"href":"https:\/\/serbiantimes.info\/en\/wp-json\/wp\/v2\/posts\/158166\/revisions\/158199"}],"wp:featuredmedia":[{"embeddable":true,"href":"https:\/\/serbiantimes.info\/en\/wp-json\/wp\/v2\/media\/158167"}],"wp:attachment":[{"href":"https:\/\/serbiantimes.info\/en\/wp-json\/wp\/v2\/media?parent=158166"}],"wp:term":[{"taxonomy":"category","embeddable":true,"href":"https:\/\/serbiantimes.info\/en\/wp-json\/wp\/v2\/categories?post=158166"},{"taxonomy":"post_tag","embeddable":true,"href":"https:\/\/serbiantimes.info\/en\/wp-json\/wp\/v2\/tags?post=158166"}],"curies":[{"name":"wp","href":"https:\/\/api.w.org\/{rel}","templated":true}]}}