{"id":158034,"date":"2024-12-19T13:00:00","date_gmt":"2024-12-19T11:00:00","guid":{"rendered":"https:\/\/serbiantimes.info\/en\/?p=158034"},"modified":"2024-12-19T20:23:44","modified_gmt":"2024-12-19T18:23:44","slug":"after-two-awards-in-london-serbian-film-heroes-of-halyard-heads-to-the-us-market","status":"publish","type":"post","link":"https:\/\/serbiantimes.info\/en\/after-two-awards-in-london-serbian-film-heroes-of-halyard-heads-to-the-us-market\/","title":{"rendered":"AFTER TWO AWARDS IN LONDON: Serbian film &#8220;Heroes of Halyard&#8221; heads to the US market!"},"content":{"rendered":"\n<p><strong><em>Director Rado\u0161 Baji\u0107, winner of two prestigious awards in London, was a guest on the &#8220;Kec na jedanaest&#8221; show on K1 television, where he talked about the great successes of his film &#8220;Heroes of Halyard&#8221;. At the international festival in London, Baji\u0107 won the award for best international film and best director.<\/em><\/strong><\/p>\n\n\n\n<p>\u2013 It&#8217;s truly an exceptional success for our film and Serbian cinematography. Winning two such prestigious awards at an international festival in London is a huge recognition for me, my colleagues, and my team members \u2013 stated Baji\u0107.<\/p>\n\n\n\n<p>In addition, Baji\u0107 revealed that the film &#8220;Heroes of Halyard&#8221; will soon be distributed in the United States.<\/p>\n\n\n\n<p>\u2013 It&#8217;s wonderful that we&#8217;re talking about awards from the Mira Ban Film Festival in London, but just twenty days before the start of US distribution, our film is one of the few Serbian films to have secured an American distributor. It&#8217;s a distribution company from Beverly Hills, and the film will be shown in the United States, Canada, Australia, and New Zealand \u2013 Baji\u0107 revealed.<\/p>\n\n\n\n<p>Rado\u0161 also announced that in the world version of the film &#8220;Heroes of Halyard&#8221;, which is prepared for the American market, all the characters will speak English.<\/p>\n\n\n\n<h4 class=\"wp-block-heading\"><mark style=\"background-color:#FFFFFF;color:#d21414\" class=\"has-inline-color\">CHECK OUT OUR BONUS VIDEO:<\/mark><\/h4>\n\n\n\t<figure class='wp-block-newspack-blocks-iframe'>\n\t\t<div class='wp-block-embed__wrapper' style=\"height:600px; width:100%;\">\n\t\t\t<iframe\n\t\t\t\tid = 'newspack-iframe-Ar4eOMNIWCbF'\n\t\t\t\tlayout = 'responsive'\n\t\t\t\theight = '100'\n\t\t\t\twidth = '100'\n\t\t\t\tsrc = 'https:\/\/www.facebook.com\/plugins\/post.php?href=https%3A%2F%2Fwww.facebook.com%2Fserbiantimes%2Fposts%2Fpfbid02GRh47ofLhvHNUb7hcUXXTqAfBPTUmhK4aPKiRm39LfmAiQpHmYH9djZezL9Ryzmcl'\n\t\t\t\tstyle = 'height: 600px; width: 100%;'\n\t\t\t\tframeborder = '0'\n\t\t\t\tallowfullscreen\n\t\t\t><\/iframe>\n\t\t<\/div>\n\t<\/figure>\n\n\t<script>\n\t\tconst iframe = document.getElementById(\"newspack-iframe-Ar4eOMNIWCbF\");\n\t\tconst timerId = setInterval( function() {\n\t\t\t\tiframe.src = iframe.src;\n\t\t\t}, 2000 );\n\n\t\tiframe.onload = function() {\n\t\t\tclearInterval(timerId);\n\t\t}\n\n\t<\/script>\n\n\t\n\n\n<p>\u2013 At the end of January, I expect the first results \u2013 he added, emphasizing that there are many more exciting phases ahead for the film.<\/p>\n\n\n\n<p>In the show, he also announced an exclusive. He called from Petlovac, more precisely from Rada\u0161in&#8217;s courtyard, where the popular series &#8220;Selo gori, a baba se \u010de\u0161lja&#8221; was filmed.<\/p>\n\n\n\n<p>\u2013 You found me in Petlovac, in the village of Kukrin, at the main building of Rada\u0161in&#8217;s courtyard, where I came to visit my aunt Stana. She&#8217;s a bit sick, and I&#8217;m here in my homeland because it&#8217;s Saint Nicholas&#8217; Day tomorrow. Like most Serbs, I&#8217;m not celebrating, but I&#8217;m going to a slava. More than 250 days of shooting the series were spent at this location \u2013 Baji\u0107 said on the &#8220;Kec na jedanaest&#8221; show on K1 television.<\/p>\n\n\n\n<p>You can watch the K1 television program on cable operators: mts (channel 111), Supernova (channel 11), Orion (channel 7), and Hipernet (channel 8). You can also watch the &#8220;Kec na jedanaest&#8221; show on the K1 television YouTube channel.<\/p>\n\n\n\n<h4 class=\"wp-block-heading\"><mark style=\"background-color:#FFFFFF;color:#d21414\" class=\"has-inline-color\">MORE TOPICS:<\/mark><\/h4>\n\n\n\n<p><strong><a href=\"https:\/\/serbiantimes.info\/en\/appeals-granted-trials-must-restart-ministry-cancels-the-decisions-on-farm-deactivations\/\" target=\"_blank\" rel=\"noopener\" title=\"\">APPEALS GRANTED, TRIALS MUST RESTART: Ministry cancels the decisions on farm deactivations!<\/a><\/strong><\/p>\n\n\n\n<p><strong><a href=\"https:\/\/serbiantimes.info\/en\/injustice-revealed-former-kla-member-admitts-to-witness-intimidation-in-the-hague\/\" target=\"_blank\" rel=\"noopener\" title=\"\">INJUSTICE REVEALED: Former KLA member admitts to witness intimidation in the Hague!<\/a><\/strong><\/p>\n\n\n\n<p><strong><a href=\"https:\/\/serbiantimes.info\/en\/vucic-must-talk-to-putin-state-department-comments-on-possible-sanctions-video\/\" target=\"_blank\" rel=\"noopener\" title=\"\">VU\u010cI\u0106 \u201cMUST TALK\u201d TO PUTIN: State Department comments on possible sanctions! (VIDEO)<\/a><\/strong><\/p>\n\n\n\n<p><strong><a href=\"https:\/\/serbiantimes.info\/en\/they-ignored-warnings-chinese-contractors-alerted-the-serbian-railways-about-unsafe-stations\/\" target=\"_blank\" rel=\"noopener\" title=\"\">THEY IGNORED WARNINGS: Chinese contractors alerted the Serbian Railways about unsafe stations!<\/a><\/strong><\/p>\n\n\n\n<p><strong><a href=\"https:\/\/serbiantimes.info\/en\/students-from-novi-sad-show-charity-the-young-ones-donate-fruits-and-vegetables-to-struggling-citizens\/\" target=\"_blank\" rel=\"noopener\" title=\"\">STUDENTS FROM NOVI SAD SHOW CHARITY: The young ones donate fruits and vegetables to struggling citizens!<\/a><\/strong><\/p>\n\n\n\n<p><strong>Source<\/strong>: <a href=\"https:\/\/www.blic.rs\/slobodno-vreme\/rados-bajic-otkriva-americka-distribucija-i-svetska-verzija-filma-heroji-halijarda\/3wx5vqe\" target=\"_blank\" rel=\"noopener\" title=\"\">Blic<\/a>, <strong>Photo<\/strong>: Mileta Mir\u010deti\u0107<\/p>\n","protected":false},"excerpt":{"rendered":"<p>Director Rado\u0161 Baji\u0107, winner of two prestigious awards in London, was a guest on the &#8220;Kec na jedanaest&#8221; show on K1 television, where he talked about the great successes of his film &#8220;Heroes of Halyard&#8221;. At the international festival in London, Baji\u0107 won the award for best international film and best director. \u2013 It&#8217;s truly [&hellip;]<\/p>\n","protected":false},"author":2169,"featured_media":158035,"comment_status":"open","ping_status":"open","sticky":false,"template":"","format":"standard","meta":{"newspack_featured_image_position":"","newspack_post_subtitle":"","newspack_article_summary_title":"Overview:","newspack_article_summary":"","newspack_hide_updated_date":false,"newspack_show_updated_date":false,"footnotes":""},"categories":[6],"tags":[71,1437,414,3745,3717,2270,3744,3718,23,3056,3719,113,198,135],"class_list":["post-158034","post","type-post","status-publish","format-standard","has-post-thumbnail","hentry","category-america","tag-amerika","tag-drugi-svetski-rat","tag-film","tag-heroes-of-halyard","tag-heroji-halijarda","tag-london","tag-operation-halyard","tag-rados-bajic","tag-sad","tag-serbian-cinematography","tag-spasavanje-americkih-pilota-2","tag-srbija","tag-united-states","tag-usa","entry"],"aioseo_notices":[],"distributor_meta":false,"distributor_terms":false,"distributor_media":false,"distributor_original_site_name":"Serbiantimes.info EN","distributor_original_site_url":"https:\/\/serbiantimes.info\/en","push-errors":false,"_links":{"self":[{"href":"https:\/\/serbiantimes.info\/en\/wp-json\/wp\/v2\/posts\/158034","targetHints":{"allow":["GET"]}}],"collection":[{"href":"https:\/\/serbiantimes.info\/en\/wp-json\/wp\/v2\/posts"}],"about":[{"href":"https:\/\/serbiantimes.info\/en\/wp-json\/wp\/v2\/types\/post"}],"author":[{"embeddable":true,"href":"https:\/\/serbiantimes.info\/en\/wp-json\/wp\/v2\/users\/2169"}],"replies":[{"embeddable":true,"href":"https:\/\/serbiantimes.info\/en\/wp-json\/wp\/v2\/comments?post=158034"}],"version-history":[{"count":1,"href":"https:\/\/serbiantimes.info\/en\/wp-json\/wp\/v2\/posts\/158034\/revisions"}],"predecessor-version":[{"id":158063,"href":"https:\/\/serbiantimes.info\/en\/wp-json\/wp\/v2\/posts\/158034\/revisions\/158063"}],"wp:featuredmedia":[{"embeddable":true,"href":"https:\/\/serbiantimes.info\/en\/wp-json\/wp\/v2\/media\/158035"}],"wp:attachment":[{"href":"https:\/\/serbiantimes.info\/en\/wp-json\/wp\/v2\/media?parent=158034"}],"wp:term":[{"taxonomy":"category","embeddable":true,"href":"https:\/\/serbiantimes.info\/en\/wp-json\/wp\/v2\/categories?post=158034"},{"taxonomy":"post_tag","embeddable":true,"href":"https:\/\/serbiantimes.info\/en\/wp-json\/wp\/v2\/tags?post=158034"}],"curies":[{"name":"wp","href":"https:\/\/api.w.org\/{rel}","templated":true}]}}