{"id":157977,"date":"2024-12-18T18:00:00","date_gmt":"2024-12-18T16:00:00","guid":{"rendered":"https:\/\/serbiantimes.info\/en\/?p=157977"},"modified":"2024-12-18T20:43:33","modified_gmt":"2024-12-18T18:43:33","slug":"knife-attack-on-students-former-municipal-president-draws-a-weapon-on-high-school-students-video","status":"publish","type":"post","link":"https:\/\/serbiantimes.info\/en\/knife-attack-on-students-former-municipal-president-draws-a-weapon-on-high-school-students-video\/","title":{"rendered":"KNIFE IN FRONT OF THE STUDENTS: Former municipal president draws a weapon on high school children! (VIDEO)"},"content":{"rendered":"\n<p><strong><em>During yesterday&#8217;s blockade organized by students of the Graphic School in New Belgrade, an incident occurred where, as seen in the videos shared online, a man pulled a knife on the students. His identity was soon revealed on social media. The man in question is Ratko Ad\u017ei\u0107, a former official of Republika Srpska, who testified at the trial of General Ratko Mladi\u0107.<\/em><\/strong><\/p>\n\n\n\n<p>During the student blockade in New Belgrade, graduating students from the Graphic School protested and paid tribute to victims at the Railway Station in Novi Sad, and the incident unfolded.<\/p>\n\n\n\n<p>As captured on social media videos, a man, angered by the blockade, was seen holding a knife. The footage shows citizens confronting and insulting him, forcing him to leave the scene.<\/p>\n\n\n\n<p>Shortly after, the man was identified as Ratko Ad\u017ei\u0107.<\/p>\n\n\n\n<blockquote class=\"twitter-tweet\"><p lang=\"und\" dir=\"ltr\">No\u017eem na srednjo\u0161kolce\u2049\ufe0f<br>&#8230;pa oni su na\u010disto poludeli. \ud83e\udee3\ud83e\udee3\ud83e\udee3 <a href=\"https:\/\/t.co\/1nSXDWYGWW\">pic.twitter.com\/1nSXDWYGWW<\/a><\/p>&mdash; A\u03b8\u03b1\u03bc\u03b1\u03b7 \u03b6\u03b1\u0393\u03bb\u03b9\u03b2\u03bb\u03b9\u03b1\u03b7\u03c2\u03ba\u03b9 (@atamanzagliblje) <a href=\"https:\/\/twitter.com\/atamanzagliblje\/status\/1868999529149976641?ref_src=twsrc%5Etfw\">December 17, 2024<\/a><\/blockquote> <script async src=\"https:\/\/platform.twitter.com\/widgets.js\" charset=\"utf-8\"><\/script>\n\n\n\n<h3 class=\"wp-block-heading\">Who is Ad\u017ei\u0107?<\/h3>\n\n\n\n<p>Ratko Ad\u017ei\u0107, a retired teacher from the Philological High School in Belgrade, was the President of the so-called Serbian Municipality of Ilija\u0161, the President of the Crisis Headquarters, and the commander of Serbian security forces in the area from 1991 onwards.<\/p>\n\n\n\n<p>According to Balkan Transitional Justice, Ad\u017ei\u0107 testified at the trial of Republika Srpska Army General Ratko Mladi\u0107 at the Hague Tribunal. He admitted that non-Serb civilians in Ilija\u0161 were &#8220;detained after combat operations&#8221; but denied committing war crimes.<\/p>\n\n\n\n<h4 class=\"wp-block-heading\"><mark style=\"background-color:#FFFFFF;color:#d21414\" class=\"has-inline-color\">FIND OUT MORE IN SERBIAN:<\/mark><\/h4>\n\n\n\t<figure class='wp-block-newspack-blocks-iframe'>\n\t\t<div class='wp-block-embed__wrapper' style=\"height:600px; width:100%;\">\n\t\t\t<iframe\n\t\t\t\tid = 'newspack-iframe-Fox2xmRn6S8X'\n\t\t\t\tlayout = 'responsive'\n\t\t\t\theight = '100'\n\t\t\t\twidth = '100'\n\t\t\t\tsrc = 'https:\/\/www.facebook.com\/plugins\/post.php?href=https%3A%2F%2Fwww.facebook.com%2Fserbiantimes%2Fposts%2Fpfbid07zsGiejAvEz7G7ZTX1Rsgs4dkBVLcZt61vcrSFEVA8K7QkXmmozqG1GvHFBmKkN7l'\n\t\t\t\tstyle = 'height: 600px; width: 100%;'\n\t\t\t\tframeborder = '0'\n\t\t\t\tallowfullscreen\n\t\t\t><\/iframe>\n\t\t<\/div>\n\t<\/figure>\n\n\t<script>\n\t\tconst iframe = document.getElementById(\"newspack-iframe-Fox2xmRn6S8X\");\n\t\tconst timerId = setInterval( function() {\n\t\t\t\tiframe.src = iframe.src;\n\t\t\t}, 2000 );\n\n\t\tiframe.onload = function() {\n\t\t\tclearInterval(timerId);\n\t\t}\n\n\t<\/script>\n\n\t\n\n\n<p>Some media outlets have linked Ad\u017ei\u0107 to war crimes in the village of Lje\u0161evo, where Serbian forces killed 22 Bosniak civilians in June 1992. At the time, Ad\u017ei\u0107 served as the President of the Crisis Headquarters.<\/p>\n\n\n\n<p>Ad\u017ei\u0107&#8217;s name has appeared in numerous Hague Tribunal documents, including verdicts against Radovan Karad\u017ei\u0107 and Vojislav \u0160e\u0161elj. Despite substantial evidence and survivor testimonies, no charges have ever been filed against him. In 2016, the Humanitarian Law Center in Belgrade filed a criminal complaint against Ad\u017ei\u0107, providing over 50 pieces of evidence, but legal proceedings have yet to begin.<\/p>\n\n\n\n<h4 class=\"wp-block-heading\"><mark style=\"background-color:#FFFFFF;color:#d21414\" class=\"has-inline-color\">MORE TOPICS:<\/mark><\/h4>\n\n\n\n<p><strong><a href=\"https:\/\/serbiantimes.info\/en\/students-from-novi-sad-show-charity-the-young-ones-donate-fruits-and-vegetables-to-struggling-citizens\/\" target=\"_blank\" rel=\"noopener\" title=\"\">STUDENTS FROM NOVI SAD SHOW CHARITY: The young ones donate fruits and vegetables to struggling citizens!<\/a><\/strong><\/p>\n\n\n\n<p><strong><a href=\"https:\/\/serbiantimes.info\/en\/serbian-film-awarded-in-chicago-sons-will-wins-two-awards-at-a-film-festival\/\" target=\"_blank\" rel=\"noopener\" title=\"\">SERBIAN FILM AWARDED IN CHICAGO: \u201cSon\u2019s Will\u201d wins two awards at a film festival!<\/a><\/strong><\/p>\n\n\n\n<p><strong><a href=\"https:\/\/serbiantimes.info\/en\/the-udefeatable-serb-nikola-todorovic-defends-world-kickboxing-title-photo\/\" target=\"_blank\" rel=\"noopener\" title=\"\">THE UNDEFEATABLE SERB: Nikola Todorovi\u0107 defends world kickboxing title! (PHOTO)<\/a><\/strong><\/p>\n\n\n\n<p><strong>Source<\/strong>: <a href=\"https:\/\/nova.rs\/vesti\/drustvo\/otkriven-identitet-coveka-koji-je-na-ucenike-graficke-skole-potegao-noz-video\/\" target=\"_blank\" rel=\"noopener\" title=\"\">Nova.rs<\/a>, <strong>Photo<\/strong>: Printscreen X<\/p>\n","protected":false},"excerpt":{"rendered":"<p>During yesterday&#8217;s blockade organized by students of the Graphic School in New Belgrade, an incident occurred where, as seen in the videos shared online, a man pulled a knife on the students. His identity was soon revealed on social media. The man in question is Ratko Ad\u017ei\u0107, a former official of Republika Srpska, who testified [&hellip;]<\/p>\n","protected":false},"author":2169,"featured_media":157986,"comment_status":"open","ping_status":"open","sticky":false,"template":"","format":"standard","meta":{"newspack_featured_image_position":"","newspack_post_subtitle":"","newspack_article_summary_title":"Overview:","newspack_article_summary":"","newspack_hide_updated_date":false,"newspack_show_updated_date":false,"footnotes":""},"categories":[7],"tags":[630,2755,3671,3698,3699,3672,806,2230,3681,3673,3682,592,38,113,1913,2050],"class_list":["post-157977","post","type-post","status-publish","format-standard","has-post-thumbnail","hentry","category-serbia","tag-blockade","tag-blokade","tag-graficka-skola","tag-knife","tag-new-belgrade","tag-novi-beograd","tag-novi-sad","tag-noz","tag-oruzje-2","tag-ratko-adzic","tag-ratko-mladic-2","tag-republika-srpska","tag-serbia","tag-srbija","tag-ucenici","tag-zeleznicka-stanica-2","entry"],"aioseo_notices":[],"distributor_meta":false,"distributor_terms":false,"distributor_media":false,"distributor_original_site_name":"Serbiantimes.info EN","distributor_original_site_url":"https:\/\/serbiantimes.info\/en","push-errors":false,"_links":{"self":[{"href":"https:\/\/serbiantimes.info\/en\/wp-json\/wp\/v2\/posts\/157977","targetHints":{"allow":["GET"]}}],"collection":[{"href":"https:\/\/serbiantimes.info\/en\/wp-json\/wp\/v2\/posts"}],"about":[{"href":"https:\/\/serbiantimes.info\/en\/wp-json\/wp\/v2\/types\/post"}],"author":[{"embeddable":true,"href":"https:\/\/serbiantimes.info\/en\/wp-json\/wp\/v2\/users\/2169"}],"replies":[{"embeddable":true,"href":"https:\/\/serbiantimes.info\/en\/wp-json\/wp\/v2\/comments?post=157977"}],"version-history":[{"count":3,"href":"https:\/\/serbiantimes.info\/en\/wp-json\/wp\/v2\/posts\/157977\/revisions"}],"predecessor-version":[{"id":158012,"href":"https:\/\/serbiantimes.info\/en\/wp-json\/wp\/v2\/posts\/157977\/revisions\/158012"}],"wp:featuredmedia":[{"embeddable":true,"href":"https:\/\/serbiantimes.info\/en\/wp-json\/wp\/v2\/media\/157986"}],"wp:attachment":[{"href":"https:\/\/serbiantimes.info\/en\/wp-json\/wp\/v2\/media?parent=157977"}],"wp:term":[{"taxonomy":"category","embeddable":true,"href":"https:\/\/serbiantimes.info\/en\/wp-json\/wp\/v2\/categories?post=157977"},{"taxonomy":"post_tag","embeddable":true,"href":"https:\/\/serbiantimes.info\/en\/wp-json\/wp\/v2\/tags?post=157977"}],"curies":[{"name":"wp","href":"https:\/\/api.w.org\/{rel}","templated":true}]}}