{"id":157930,"date":"2024-12-17T18:00:00","date_gmt":"2024-12-17T16:00:00","guid":{"rendered":"https:\/\/serbiantimes.info\/en\/?p=157930"},"modified":"2024-12-17T21:51:11","modified_gmt":"2024-12-17T19:51:11","slug":"serbian-film-awarded-in-chicago-sons-will-wins-two-awards-at-a-film-festival","status":"publish","type":"post","link":"https:\/\/serbiantimes.info\/en\/serbian-film-awarded-in-chicago-sons-will-wins-two-awards-at-a-film-festival\/","title":{"rendered":"SERBIAN FILM AWARDED IN CHICAGO: &#8220;Son&#8217;s Will&#8221; wins two awards at a film festival!"},"content":{"rendered":"\n<p><strong><em>At this year&#8217;s Serbian Film Festival in <a href=\"https:\/\/serbiantimes.info\/en\/tag\/chicago\/\" target=\"_blank\" rel=\"noopener\" title=\"\">Chicago<\/a>, the film &#8220;Son&#8217;s Will&#8221; won two awards: Best Film and Best Director. The Serbian Film Festival in Chicago is an event that showcases the best of contemporary film production from Serbia, as well as films by filmmakers of Serbian origin from around the world.<\/em><\/strong><\/p>\n\n\n\n<p>In addition to the film &#8220;Son&#8217;s Will,&#8221; the festival audience in Chicago was also shown the films &#8220;Lilacs,&#8221; &#8220;Megdan,&#8221; &#8220;Bauk,&#8221; &#8220;Lazar&#8217;s Path,&#8221; &#8220;Sunday,&#8221; and &#8220;Isolation.&#8221;<\/p>\n\n\n\n<p>The audience in Chicago truly appreciated the film &#8220;Son&#8217;s Will,&#8221; which is different from anything we have seen in domestic production so far, and which takes us into a ruined world that we recognize through the verses of a mysterious blind bard.<\/p>\n\n\n\n<h4 class=\"wp-block-heading\"><mark style=\"background-color:#FFFFFF;color:#d21414\" class=\"has-inline-color\">FIND OUT MORE IN SERBIAN:<\/mark><\/h4>\n\n\n\n<iframe loading=\"lazy\" src=\"https:\/\/www.facebook.com\/plugins\/post.php?href=https%3A%2F%2Fwww.facebook.com%2Fserbiantimes%2Fposts%2Fpfbid02QNfadZUjqPiZ5282Tb7mf3J3VQpvAVk6ja8JBh5NiB1evgr34pZN8FuWnCgifcLkl&#038;show_text=true&#038;width=500\" width=\"500\" height=\"583\" style=\"border:none;overflow:hidden\" scrolling=\"no\" frameborder=\"0\" allowfullscreen=\"true\" allow=\"autoplay; clipboard-write; encrypted-media; picture-in-picture; web-share\"><\/iframe>\n\n\n\n<p>The production company &#8220;Re\u017eim,&#8221; led by director Milo\u0161 Avramovi\u0107, and Telekom Srbija, which recognized the potential and innovation of this project, are behind this great film blockbuster that carries strong messages about love, sacrifice, and the strength of family ties.<\/p>\n\n\n\n<p>The cast of the film &#8220;Son&#8217;s Will&#8221; includes Igor Ben\u010dina, Isidora Simijonovi\u0107, Marta Bjelica, Sergej Trifunovi\u0107, Jovo Maksi\u0107, Milo\u0161 Bikovi\u0107, Petar Ben\u010dina, Ivan Vuji\u0107, Svetozar Cvetkovi\u0107, Miodrag Radonji\u0107, Zlatan Vidovi\u0107, Milica Janevski, Aleksandar \u0110urica, Anita Man\u010di\u0107, and many others.<\/p>\n\n\n\n<p>The creative team of this epic adventure inspired by Serbian tradition, set in the distant future, also includes Aljo\u0161a \u0106erani\u0107 as executive producer, co-producer Aleksandar Proti\u0107, director of photography Igor Marovi\u0107, costume designer Ru\u017eica Bukvi\u0107, while Damjan Paranosi\u0107 was in charge of the set design, and the music was composed by Aleksandar Ran\u0111elovi\u0107.<\/p>\n\n\n\n<p>The film &#8220;Son&#8217;s Will&#8221; is available in all cinemas in the country and the region, distributed by Art Vista.<\/p>\n\n\n\n<h4 class=\"wp-block-heading\"><mark style=\"background-color:#FFFFFF;color:#d21414\" class=\"has-inline-color\">MORE TOPICS:<\/mark><\/h4>\n\n\n\n<p><strong><a href=\"https:\/\/serbiantimes.info\/en\/maja-rueger-psychotherapist-why-are-we-surrounded-by-gold-diggers-and-how-do-social-media-affect-relationships\/\" target=\"_blank\" rel=\"noopener\" title=\"\">MAJA RUEGER, PSYCHOTHERAPIST: Why are we surrounded by gold diggers and how do social media affect relationships?<\/a><\/strong><\/p>\n\n\n\n<p><strong><a href=\"https:\/\/serbiantimes.info\/en\/new-bishop-serafim-of-chicago-if-we-live-by-one-commandment-nothing-in-life-will-be-difficult-for-us-not-even-preserving-family-children-and-friends-in-difficult-times-video\/\" target=\"_blank\" rel=\"noopener\" title=\"\">NEW BISHOP SERAFIM OF CHICAGO: If we live by one commandment, nothing in life will be difficult for us. Not even preserving family, children, and friends in difficult times (VIDEO)<\/a><\/strong><\/p>\n\n\n\n<p><strong><a href=\"https:\/\/serbiantimes.info\/en\/serbian-children-in-chicago-will-study-in-the-best-school-in-the-world-nikola-tesla-school-opens-with-the-most-innovative-methods-and-no-woke-culture-video\/\" target=\"_blank\" rel=\"noopener\" title=\"\">SERBIAN CHILDREN IN CHICAGO WILL STUDY IN THE BEST SCHOOL IN THE WORLD! \u201cNikola Tesla\u201d School opens, with the most innovative methods and no woke culture (VIDEO)<\/a><\/strong><\/p>\n\n\n\n<p><strong>Source: <\/strong><a href=\"https:\/\/www.euronews.rs\/kultura\/aktuelno-iz-kulture\/149866\/volja-sinovljeva-osvojila-dve-nagrade-na-srpskom-filmskom-festivalu-u-cikagu\/vest\" title=\"Euronews\">Euronews<\/a>, <strong>Photo:<\/strong> Promo \/ Nemanja Mi\u0161\u010devi\u0107<\/p>\n","protected":false},"excerpt":{"rendered":"<p>At this year&#8217;s Serbian Film Festival in Chicago, the film &#8220;Son&#8217;s Will&#8221; won two awards: Best Film and Best Director. The Serbian Film Festival in Chicago is an event that showcases the best of contemporary film production from Serbia, as well as films by filmmakers of Serbian origin from around the world. In addition to [&hellip;]<\/p>\n","protected":false},"author":2169,"featured_media":157931,"comment_status":"open","ping_status":"open","sticky":false,"template":"","format":"standard","meta":{"newspack_featured_image_position":"","newspack_post_subtitle":"","newspack_article_summary_title":"Overview:","newspack_article_summary":"","newspack_hide_updated_date":false,"newspack_show_updated_date":false,"footnotes":""},"categories":[5],"tags":[684,71,1840,45,1183,414,3653,461,454,23,38,3652,113,3631,198,135,418],"class_list":["post-157930","post","type-post","status-publish","format-standard","has-post-thumbnail","hentry","category-diaspora","tag-america","tag-amerika","tag-award","tag-chicago","tag-cikago-3","tag-film","tag-film-festival","tag-movies","tag-nagrada","tag-sad","tag-serbia","tag-serbian-film","tag-srbija","tag-srpski-filmski-festival-cikago","tag-united-states","tag-usa","tag-volja-sinovljeva","entry"],"aioseo_notices":[],"distributor_meta":false,"distributor_terms":false,"distributor_media":false,"distributor_original_site_name":"Serbiantimes.info EN","distributor_original_site_url":"https:\/\/serbiantimes.info\/en","push-errors":false,"_links":{"self":[{"href":"https:\/\/serbiantimes.info\/en\/wp-json\/wp\/v2\/posts\/157930","targetHints":{"allow":["GET"]}}],"collection":[{"href":"https:\/\/serbiantimes.info\/en\/wp-json\/wp\/v2\/posts"}],"about":[{"href":"https:\/\/serbiantimes.info\/en\/wp-json\/wp\/v2\/types\/post"}],"author":[{"embeddable":true,"href":"https:\/\/serbiantimes.info\/en\/wp-json\/wp\/v2\/users\/2169"}],"replies":[{"embeddable":true,"href":"https:\/\/serbiantimes.info\/en\/wp-json\/wp\/v2\/comments?post=157930"}],"version-history":[{"count":1,"href":"https:\/\/serbiantimes.info\/en\/wp-json\/wp\/v2\/posts\/157930\/revisions"}],"predecessor-version":[{"id":157957,"href":"https:\/\/serbiantimes.info\/en\/wp-json\/wp\/v2\/posts\/157930\/revisions\/157957"}],"wp:featuredmedia":[{"embeddable":true,"href":"https:\/\/serbiantimes.info\/en\/wp-json\/wp\/v2\/media\/157931"}],"wp:attachment":[{"href":"https:\/\/serbiantimes.info\/en\/wp-json\/wp\/v2\/media?parent=157930"}],"wp:term":[{"taxonomy":"category","embeddable":true,"href":"https:\/\/serbiantimes.info\/en\/wp-json\/wp\/v2\/categories?post=157930"},{"taxonomy":"post_tag","embeddable":true,"href":"https:\/\/serbiantimes.info\/en\/wp-json\/wp\/v2\/tags?post=157930"}],"curies":[{"name":"wp","href":"https:\/\/api.w.org\/{rel}","templated":true}]}}