{"id":157494,"date":"2024-12-08T14:45:55","date_gmt":"2024-12-08T12:45:55","guid":{"rendered":"https:\/\/serbiantimes.info\/en\/?p=157494"},"modified":"2024-12-08T14:45:55","modified_gmt":"2024-12-08T12:45:55","slug":"novi-sad-cannot-be-calmed-new-citizens-protest-due-to-the-collapse-of-the-canopy-still-no-one-held-accountable-for-the-deaths-of-15-people","status":"publish","type":"post","link":"https:\/\/serbiantimes.info\/en\/novi-sad-cannot-be-calmed-new-citizens-protest-due-to-the-collapse-of-the-canopy-still-no-one-held-accountable-for-the-deaths-of-15-people\/","title":{"rendered":"NOVI SAD CANNOT BE CALMED: New citizens&#8217; protest due to the collapse of the canopy, still no one held accountable for the deaths of 15 people!"},"content":{"rendered":"\n<p class=\"wp-block-paragraph\">A protest in Novi Sad, organized by the groups &#8220;Svi\u0107e&#8221; and &#8220;Stav,&#8221; began symbolically at 11:52, in front of the City Assembly.<\/p>\n\n\n\n<p class=\"wp-block-paragraph\">The organizers say that the city parliament has lost its legitimacy with a &#8220;shameful debate on the dismissal of the mayor,&#8221; so they called on the gathered citizens to use noise and red messages to tell city leaders that, they say, regardless of government repression, they will continue to seek justice for those killed at the Railway Station on November 1st.<\/p>\n\n\n\n<p class=\"wp-block-paragraph\">The plan is to end the protest on campus, supporting students who are blocking faculties.<\/p>\n\n\n\n<p class=\"wp-block-paragraph\">The part in front of the assembly is painted red and messages have been left. <\/p>\n\n\n\n<p class=\"wp-block-paragraph\">The gathered citizens are moving along \u017darka Zrenjanina Street, then Stra\u017eilovska towards the campus. They have arrived in front of the Faculty of Philosophy, which is blockaded.<\/p>\n\n\n\n<h4 class=\"wp-block-heading\"><mark style=\"background-color:#FFFFFF;color:#d21414\" class=\"has-inline-color\">READ MORE: <\/mark><\/h4>\n\n\n\n<p class=\"wp-block-paragraph\"><strong><a href=\"https:\/\/serbiantimes.info\/en\/no-one-can-deny-croatia-officially-acknowledges-genocide-against-serbs-in-ndh\/\" target=\"_blank\" rel=\"noreferrer noopener\">\u201cNO ONE CAN DENY\u201d: Croatia officially acknowledges genocide against Serbs in ISH (NDH)<\/a><\/strong><\/p>\n\n\n\n<p class=\"wp-block-paragraph\"><strong><a href=\"https:\/\/serbiantimes.info\/en\/where-could-you-be-better-off-than-suffering-for-kosovo-heartbreaking-letter-from-arrested-montenegrin-soldiers-photo\/\" target=\"_blank\" rel=\"noreferrer noopener\">\u201cWHERE COULD YOU BE BETTER OFF THAN SUFFERING FOR KOSOVO\u201d: Heartbreaking letter from arrested Montenegrin soldiers! (PHOTO)<\/a><\/strong><\/p>\n\n\n\n<p class=\"wp-block-paragraph\"><strong><a href=\"https:\/\/serbiantimes.info\/en\/serbs-delighted-american-christmas-movie-filmed-in-popular-serbian-mountain-video\/\">SERBS DELIGHTED: American christmas movie filmed in popular Serbian mountain! (VIDEO)<\/a><\/strong><\/p>\n\n\n\n<p class=\"wp-block-paragraph\"><strong>Source: <\/strong>RTS, <strong>Photo: <\/strong>RTS<\/p>\n","protected":false},"excerpt":{"rendered":"<p>A protest in Novi Sad, organized by the groups &#8220;Svi\u0107e&#8221; and &#8220;Stav,&#8221; began symbolically at 11:52, in front of the City Assembly. The organizers say that the city parliament has lost its legitimacy with a &#8220;shameful debate on the dismissal of the mayor,&#8221; so they called on the gathered citizens to use noise and red [&hellip;]<\/p>\n","protected":false},"author":2169,"featured_media":157495,"comment_status":"open","ping_status":"open","sticky":false,"template":"","format":"standard","meta":{"newspack_featured_image_position":"","newspack_post_subtitle":"","newspack_article_summary_title":"Overview:","newspack_article_summary":"","newspack_hide_updated_date":false,"newspack_show_updated_date":false,"footnotes":""},"categories":[7],"tags":[2048,113,262,2827],"class_list":["post-157494","post","type-post","status-publish","format-standard","has-post-thumbnail","hentry","category-serbia","tag-nadstresnica","tag-srbija","tag-tragedija","tag-zeleznicka-stanica-novi-sad","entry"],"aioseo_notices":[],"aioseo_head":"\n\t\t<!-- All in One SEO 5.0.1.1 - aioseo.com -->\n\t<meta name=\"description\" content=\"A protest in Novi Sad, organized by the groups &quot;Svi\u0107e&quot; and &quot;Stav,&quot; began symbolically at 11:52, in front of the City Assembly. The organizers say that the city parliament has lost its legitimacy with a &quot;shameful debate on the dismissal of the mayor,&quot; so they called on the gathered citizens to use noise and red\" \/>\n\t<meta name=\"robots\" content=\"max-image-preview:large\" \/>\n\t<meta name=\"author\" content=\"Serbian Times\"\/>\n\t<link rel=\"canonical\" href=\"https:\/\/serbiantimes.info\/en\/novi-sad-cannot-be-calmed-new-citizens-protest-due-to-the-collapse-of-the-canopy-still-no-one-held-accountable-for-the-deaths-of-15-people\/\" \/>\n\t<meta name=\"generator\" content=\"All in One SEO (AIOSEO) 5.0.1.1\" \/>\n\t\t<meta property=\"og:locale\" content=\"en_US\" \/>\n\t\t<meta property=\"og:site_name\" content=\"Serbiantimes.info EN |\" \/>\n\t\t<meta property=\"og:type\" content=\"article\" \/>\n\t\t<meta property=\"og:title\" content=\"NOVI SAD CANNOT BE CALMED: New citizens\u2019 protest due to the collapse of the canopy, still no one held accountable for the deaths of 15 people! | Serbiantimes.info EN\" \/>\n\t\t<meta property=\"og:description\" content=\"A protest in Novi Sad, organized by the groups &quot;Svi\u0107e&quot; and &quot;Stav,&quot; began symbolically at 11:52, in front of the City Assembly. The organizers say that the city parliament has lost its legitimacy with a &quot;shameful debate on the dismissal of the mayor,&quot; so they called on the gathered citizens to use noise and red\" \/>\n\t\t<meta property=\"og:url\" content=\"https:\/\/serbiantimes.info\/en\/novi-sad-cannot-be-calmed-new-citizens-protest-due-to-the-collapse-of-the-canopy-still-no-one-held-accountable-for-the-deaths-of-15-people\/\" \/>\n\t\t<meta property=\"og:image\" content=\"https:\/\/serbiantimes.info\/en\/wp-content\/uploads\/sites\/2\/2024\/12\/Screenshot-2024-12-08-at-13.13.07.png\" \/>\n\t\t<meta property=\"og:image:secure_url\" content=\"https:\/\/serbiantimes.info\/en\/wp-content\/uploads\/sites\/2\/2024\/12\/Screenshot-2024-12-08-at-13.13.07.png\" \/>\n\t\t<meta property=\"og:image:width\" content=\"443\" \/>\n\t\t<meta property=\"og:image:height\" content=\"278\" \/>\n\t\t<meta property=\"article:published_time\" content=\"2024-12-08T12:45:55+00:00\" \/>\n\t\t<meta property=\"article:modified_time\" content=\"2024-12-08T12:45:55+00:00\" \/>\n\t\t<meta name=\"twitter:card\" content=\"summary_large_image\" \/>\n\t\t<meta name=\"twitter:title\" content=\"NOVI SAD CANNOT BE CALMED: New citizens\u2019 protest due to the collapse of the canopy, still no one held accountable for the deaths of 15 people! | Serbiantimes.info EN\" \/>\n\t\t<meta name=\"twitter:description\" content=\"A protest in Novi Sad, organized by the groups &quot;Svi\u0107e&quot; and &quot;Stav,&quot; began symbolically at 11:52, in front of the City Assembly. The organizers say that the city parliament has lost its legitimacy with a &quot;shameful debate on the dismissal of the mayor,&quot; so they called on the gathered citizens to use noise and red\" \/>\n\t\t<meta name=\"twitter:image\" content=\"https:\/\/serbiantimes.info\/en\/wp-content\/uploads\/sites\/2\/2024\/12\/Screenshot-2024-12-08-at-13.13.07.png\" \/>\n\t\t<script type=\"application\/ld+json\" class=\"aioseo-schema\">\n\t\t\t{\"@context\":\"https:\\\/\\\/schema.org\",\"@graph\":[{\"@type\":\"BlogPosting\",\"@id\":\"https:\\\/\\\/serbiantimes.info\\\/en\\\/novi-sad-cannot-be-calmed-new-citizens-protest-due-to-the-collapse-of-the-canopy-still-no-one-held-accountable-for-the-deaths-of-15-people\\\/#blogposting\",\"name\":\"NOVI SAD CANNOT BE CALMED: New citizens\\u2019 protest due to the collapse of the canopy, still no one held accountable for the deaths of 15 people! | Serbiantimes.info EN\",\"headline\":\"NOVI SAD CANNOT BE CALMED: New citizens&#8217; protest due to the collapse of the canopy, still no one held accountable for the deaths of 15 people!\",\"author\":{\"@id\":\"https:\\\/\\\/serbiantimes.info\\\/en\\\/author\\\/serbiantimes-portal\\\/#author\"},\"publisher\":{\"@id\":\"https:\\\/\\\/serbiantimes.info\\\/en\\\/#organization\"},\"image\":{\"@type\":\"ImageObject\",\"url\":\"https:\\\/\\\/serbiantimes.info\\\/en\\\/wp-content\\\/uploads\\\/sites\\\/2\\\/2024\\\/12\\\/Screenshot-2024-12-08-at-13.13.07.png\",\"width\":443,\"height\":278},\"datePublished\":\"2024-12-08T14:45:55+02:00\",\"dateModified\":\"2024-12-08T14:45:55+02:00\",\"inLanguage\":\"en-US\",\"mainEntityOfPage\":{\"@id\":\"https:\\\/\\\/serbiantimes.info\\\/en\\\/novi-sad-cannot-be-calmed-new-citizens-protest-due-to-the-collapse-of-the-canopy-still-no-one-held-accountable-for-the-deaths-of-15-people\\\/#webpage\"},\"isPartOf\":{\"@id\":\"https:\\\/\\\/serbiantimes.info\\\/en\\\/novi-sad-cannot-be-calmed-new-citizens-protest-due-to-the-collapse-of-the-canopy-still-no-one-held-accountable-for-the-deaths-of-15-people\\\/#webpage\"},\"articleSection\":\"SERBIA, nadstre\\u0161nica, Srbija, tragedija, \\u017eelezni\\u010dka stanica novi sad\"},{\"@type\":\"BreadcrumbList\",\"@id\":\"https:\\\/\\\/serbiantimes.info\\\/en\\\/novi-sad-cannot-be-calmed-new-citizens-protest-due-to-the-collapse-of-the-canopy-still-no-one-held-accountable-for-the-deaths-of-15-people\\\/#breadcrumblist\",\"itemListElement\":[{\"@type\":\"ListItem\",\"@id\":\"https:\\\/\\\/serbiantimes.info\\\/en#listItem\",\"position\":1,\"name\":\"Home\",\"item\":\"https:\\\/\\\/serbiantimes.info\\\/en\",\"nextItem\":{\"@type\":\"ListItem\",\"@id\":\"https:\\\/\\\/serbiantimes.info\\\/en\\\/category\\\/serbia\\\/#listItem\",\"name\":\"SERBIA\"}},{\"@type\":\"ListItem\",\"@id\":\"https:\\\/\\\/serbiantimes.info\\\/en\\\/category\\\/serbia\\\/#listItem\",\"position\":2,\"name\":\"SERBIA\",\"item\":\"https:\\\/\\\/serbiantimes.info\\\/en\\\/category\\\/serbia\\\/\",\"nextItem\":{\"@type\":\"ListItem\",\"@id\":\"https:\\\/\\\/serbiantimes.info\\\/en\\\/novi-sad-cannot-be-calmed-new-citizens-protest-due-to-the-collapse-of-the-canopy-still-no-one-held-accountable-for-the-deaths-of-15-people\\\/#listItem\",\"name\":\"NOVI SAD CANNOT BE CALMED: New citizens&#8217; protest due to the collapse of the canopy, still no one held accountable for the deaths of 15 people!\"},\"previousItem\":{\"@type\":\"ListItem\",\"@id\":\"https:\\\/\\\/serbiantimes.info\\\/en#listItem\",\"name\":\"Home\"}},{\"@type\":\"ListItem\",\"@id\":\"https:\\\/\\\/serbiantimes.info\\\/en\\\/novi-sad-cannot-be-calmed-new-citizens-protest-due-to-the-collapse-of-the-canopy-still-no-one-held-accountable-for-the-deaths-of-15-people\\\/#listItem\",\"position\":3,\"name\":\"NOVI SAD CANNOT BE CALMED: New citizens&#8217; protest due to the collapse of the canopy, still no one held accountable for the deaths of 15 people!\",\"previousItem\":{\"@type\":\"ListItem\",\"@id\":\"https:\\\/\\\/serbiantimes.info\\\/en\\\/category\\\/serbia\\\/#listItem\",\"name\":\"SERBIA\"}}]},{\"@type\":\"Organization\",\"@id\":\"https:\\\/\\\/serbiantimes.info\\\/en\\\/#organization\",\"name\":\"Serbiantimes.info EN\",\"url\":\"https:\\\/\\\/serbiantimes.info\\\/en\\\/\",\"logo\":{\"@type\":\"ImageObject\",\"url\":\"https:\\\/\\\/serbiantimes.info\\\/en\\\/wp-content\\\/uploads\\\/sites\\\/2\\\/2024\\\/10\\\/cropped-cropped-Serbian-Times-Header-Logo-1.png\",\"@id\":\"https:\\\/\\\/serbiantimes.info\\\/en\\\/novi-sad-cannot-be-calmed-new-citizens-protest-due-to-the-collapse-of-the-canopy-still-no-one-held-accountable-for-the-deaths-of-15-people\\\/#organizationLogo\",\"width\":480,\"height\":100},\"image\":{\"@id\":\"https:\\\/\\\/serbiantimes.info\\\/en\\\/novi-sad-cannot-be-calmed-new-citizens-protest-due-to-the-collapse-of-the-canopy-still-no-one-held-accountable-for-the-deaths-of-15-people\\\/#organizationLogo\"}},{\"@type\":\"Person\",\"@id\":\"https:\\\/\\\/serbiantimes.info\\\/en\\\/author\\\/serbiantimes-portal\\\/#author\",\"url\":\"https:\\\/\\\/serbiantimes.info\\\/en\\\/author\\\/serbiantimes-portal\\\/\",\"name\":\"Serbian Times\",\"image\":{\"@type\":\"ImageObject\",\"@id\":\"https:\\\/\\\/serbiantimes.info\\\/en\\\/novi-sad-cannot-be-calmed-new-citizens-protest-due-to-the-collapse-of-the-canopy-still-no-one-held-accountable-for-the-deaths-of-15-people\\\/#authorImage\",\"url\":\"https:\\\/\\\/secure.gravatar.com\\\/avatar\\\/ea76e009769270b4193e2bc7e032c096b4ae135483ec03b396fd0f520bc3dcfd?s=96&d=mm&r=g\",\"width\":96,\"height\":96,\"caption\":\"Serbian Times\"}},{\"@type\":\"WebPage\",\"@id\":\"https:\\\/\\\/serbiantimes.info\\\/en\\\/novi-sad-cannot-be-calmed-new-citizens-protest-due-to-the-collapse-of-the-canopy-still-no-one-held-accountable-for-the-deaths-of-15-people\\\/#webpage\",\"url\":\"https:\\\/\\\/serbiantimes.info\\\/en\\\/novi-sad-cannot-be-calmed-new-citizens-protest-due-to-the-collapse-of-the-canopy-still-no-one-held-accountable-for-the-deaths-of-15-people\\\/\",\"name\":\"NOVI SAD CANNOT BE CALMED: New citizens\\u2019 protest due to the collapse of the canopy, still no one held accountable for the deaths of 15 people! | Serbiantimes.info EN\",\"description\":\"A protest in Novi Sad, organized by the groups \\\"Svi\\u0107e\\\" and \\\"Stav,\\\" began symbolically at 11:52, in front of the City Assembly. The organizers say that the city parliament has lost its legitimacy with a \\\"shameful debate on the dismissal of the mayor,\\\" so they called on the gathered citizens to use noise and red\",\"inLanguage\":\"en-US\",\"isPartOf\":{\"@id\":\"https:\\\/\\\/serbiantimes.info\\\/en\\\/#website\"},\"breadcrumb\":{\"@id\":\"https:\\\/\\\/serbiantimes.info\\\/en\\\/novi-sad-cannot-be-calmed-new-citizens-protest-due-to-the-collapse-of-the-canopy-still-no-one-held-accountable-for-the-deaths-of-15-people\\\/#breadcrumblist\"},\"author\":{\"@id\":\"https:\\\/\\\/serbiantimes.info\\\/en\\\/author\\\/serbiantimes-portal\\\/#author\"},\"creator\":{\"@id\":\"https:\\\/\\\/serbiantimes.info\\\/en\\\/author\\\/serbiantimes-portal\\\/#author\"},\"image\":{\"@type\":\"ImageObject\",\"url\":\"https:\\\/\\\/serbiantimes.info\\\/en\\\/wp-content\\\/uploads\\\/sites\\\/2\\\/2024\\\/12\\\/Screenshot-2024-12-08-at-13.13.07.png\",\"@id\":\"https:\\\/\\\/serbiantimes.info\\\/en\\\/novi-sad-cannot-be-calmed-new-citizens-protest-due-to-the-collapse-of-the-canopy-still-no-one-held-accountable-for-the-deaths-of-15-people\\\/#mainImage\",\"width\":443,\"height\":278},\"primaryImageOfPage\":{\"@id\":\"https:\\\/\\\/serbiantimes.info\\\/en\\\/novi-sad-cannot-be-calmed-new-citizens-protest-due-to-the-collapse-of-the-canopy-still-no-one-held-accountable-for-the-deaths-of-15-people\\\/#mainImage\"},\"datePublished\":\"2024-12-08T14:45:55+02:00\",\"dateModified\":\"2024-12-08T14:45:55+02:00\"},{\"@type\":\"WebSite\",\"@id\":\"https:\\\/\\\/serbiantimes.info\\\/en\\\/#website\",\"url\":\"https:\\\/\\\/serbiantimes.info\\\/en\\\/\",\"name\":\"Serbiantimes.info EN\",\"inLanguage\":\"en-US\",\"publisher\":{\"@id\":\"https:\\\/\\\/serbiantimes.info\\\/en\\\/#organization\"}}]}\n\t\t<\/script>\n\t\t<!-- All in One SEO -->\n\n","aioseo_head_json":{"title":"NOVI SAD CANNOT BE CALMED: New citizens\u2019 protest due to the collapse of the canopy, still no one held accountable for the deaths of 15 people! | Serbiantimes.info EN","description":"A protest in Novi Sad, organized by the groups \"Svi\u0107e\" and \"Stav,\" began symbolically at 11:52, in front of the City Assembly. The organizers say that the city parliament has lost its legitimacy with a \"shameful debate on the dismissal of the mayor,\" so they called on the gathered citizens to use noise and red","canonical_url":"https:\/\/serbiantimes.info\/en\/novi-sad-cannot-be-calmed-new-citizens-protest-due-to-the-collapse-of-the-canopy-still-no-one-held-accountable-for-the-deaths-of-15-people\/","robots":"max-image-preview:large","keywords":"","webmasterTools":{"miscellaneous":""},"schema":{"@context":"https:\/\/schema.org","@graph":[{"@type":"BlogPosting","@id":"https:\/\/serbiantimes.info\/en\/novi-sad-cannot-be-calmed-new-citizens-protest-due-to-the-collapse-of-the-canopy-still-no-one-held-accountable-for-the-deaths-of-15-people\/#blogposting","name":"NOVI SAD CANNOT BE CALMED: New citizens\u2019 protest due to the collapse of the canopy, still no one held accountable for the deaths of 15 people! | Serbiantimes.info EN","headline":"NOVI SAD CANNOT BE CALMED: New citizens&#8217; protest due to the collapse of the canopy, still no one held accountable for the deaths of 15 people!","author":{"@id":"https:\/\/serbiantimes.info\/en\/author\/serbiantimes-portal\/#author"},"publisher":{"@id":"https:\/\/serbiantimes.info\/en\/#organization"},"image":{"@type":"ImageObject","url":"https:\/\/serbiantimes.info\/en\/wp-content\/uploads\/sites\/2\/2024\/12\/Screenshot-2024-12-08-at-13.13.07.png","width":443,"height":278},"datePublished":"2024-12-08T14:45:55+02:00","dateModified":"2024-12-08T14:45:55+02:00","inLanguage":"en-US","mainEntityOfPage":{"@id":"https:\/\/serbiantimes.info\/en\/novi-sad-cannot-be-calmed-new-citizens-protest-due-to-the-collapse-of-the-canopy-still-no-one-held-accountable-for-the-deaths-of-15-people\/#webpage"},"isPartOf":{"@id":"https:\/\/serbiantimes.info\/en\/novi-sad-cannot-be-calmed-new-citizens-protest-due-to-the-collapse-of-the-canopy-still-no-one-held-accountable-for-the-deaths-of-15-people\/#webpage"},"articleSection":"SERBIA, nadstre\u0161nica, Srbija, tragedija, \u017eelezni\u010dka stanica novi sad"},{"@type":"BreadcrumbList","@id":"https:\/\/serbiantimes.info\/en\/novi-sad-cannot-be-calmed-new-citizens-protest-due-to-the-collapse-of-the-canopy-still-no-one-held-accountable-for-the-deaths-of-15-people\/#breadcrumblist","itemListElement":[{"@type":"ListItem","@id":"https:\/\/serbiantimes.info\/en#listItem","position":1,"name":"Home","item":"https:\/\/serbiantimes.info\/en","nextItem":{"@type":"ListItem","@id":"https:\/\/serbiantimes.info\/en\/category\/serbia\/#listItem","name":"SERBIA"}},{"@type":"ListItem","@id":"https:\/\/serbiantimes.info\/en\/category\/serbia\/#listItem","position":2,"name":"SERBIA","item":"https:\/\/serbiantimes.info\/en\/category\/serbia\/","nextItem":{"@type":"ListItem","@id":"https:\/\/serbiantimes.info\/en\/novi-sad-cannot-be-calmed-new-citizens-protest-due-to-the-collapse-of-the-canopy-still-no-one-held-accountable-for-the-deaths-of-15-people\/#listItem","name":"NOVI SAD CANNOT BE CALMED: New citizens&#8217; protest due to the collapse of the canopy, still no one held accountable for the deaths of 15 people!"},"previousItem":{"@type":"ListItem","@id":"https:\/\/serbiantimes.info\/en#listItem","name":"Home"}},{"@type":"ListItem","@id":"https:\/\/serbiantimes.info\/en\/novi-sad-cannot-be-calmed-new-citizens-protest-due-to-the-collapse-of-the-canopy-still-no-one-held-accountable-for-the-deaths-of-15-people\/#listItem","position":3,"name":"NOVI SAD CANNOT BE CALMED: New citizens&#8217; protest due to the collapse of the canopy, still no one held accountable for the deaths of 15 people!","previousItem":{"@type":"ListItem","@id":"https:\/\/serbiantimes.info\/en\/category\/serbia\/#listItem","name":"SERBIA"}}]},{"@type":"Organization","@id":"https:\/\/serbiantimes.info\/en\/#organization","name":"Serbiantimes.info EN","url":"https:\/\/serbiantimes.info\/en\/","logo":{"@type":"ImageObject","url":"https:\/\/serbiantimes.info\/en\/wp-content\/uploads\/sites\/2\/2024\/10\/cropped-cropped-Serbian-Times-Header-Logo-1.png","@id":"https:\/\/serbiantimes.info\/en\/novi-sad-cannot-be-calmed-new-citizens-protest-due-to-the-collapse-of-the-canopy-still-no-one-held-accountable-for-the-deaths-of-15-people\/#organizationLogo","width":480,"height":100},"image":{"@id":"https:\/\/serbiantimes.info\/en\/novi-sad-cannot-be-calmed-new-citizens-protest-due-to-the-collapse-of-the-canopy-still-no-one-held-accountable-for-the-deaths-of-15-people\/#organizationLogo"}},{"@type":"Person","@id":"https:\/\/serbiantimes.info\/en\/author\/serbiantimes-portal\/#author","url":"https:\/\/serbiantimes.info\/en\/author\/serbiantimes-portal\/","name":"Serbian Times","image":{"@type":"ImageObject","@id":"https:\/\/serbiantimes.info\/en\/novi-sad-cannot-be-calmed-new-citizens-protest-due-to-the-collapse-of-the-canopy-still-no-one-held-accountable-for-the-deaths-of-15-people\/#authorImage","url":"https:\/\/secure.gravatar.com\/avatar\/ea76e009769270b4193e2bc7e032c096b4ae135483ec03b396fd0f520bc3dcfd?s=96&d=mm&r=g","width":96,"height":96,"caption":"Serbian Times"}},{"@type":"WebPage","@id":"https:\/\/serbiantimes.info\/en\/novi-sad-cannot-be-calmed-new-citizens-protest-due-to-the-collapse-of-the-canopy-still-no-one-held-accountable-for-the-deaths-of-15-people\/#webpage","url":"https:\/\/serbiantimes.info\/en\/novi-sad-cannot-be-calmed-new-citizens-protest-due-to-the-collapse-of-the-canopy-still-no-one-held-accountable-for-the-deaths-of-15-people\/","name":"NOVI SAD CANNOT BE CALMED: New citizens\u2019 protest due to the collapse of the canopy, still no one held accountable for the deaths of 15 people! | Serbiantimes.info EN","description":"A protest in Novi Sad, organized by the groups \"Svi\u0107e\" and \"Stav,\" began symbolically at 11:52, in front of the City Assembly. The organizers say that the city parliament has lost its legitimacy with a \"shameful debate on the dismissal of the mayor,\" so they called on the gathered citizens to use noise and red","inLanguage":"en-US","isPartOf":{"@id":"https:\/\/serbiantimes.info\/en\/#website"},"breadcrumb":{"@id":"https:\/\/serbiantimes.info\/en\/novi-sad-cannot-be-calmed-new-citizens-protest-due-to-the-collapse-of-the-canopy-still-no-one-held-accountable-for-the-deaths-of-15-people\/#breadcrumblist"},"author":{"@id":"https:\/\/serbiantimes.info\/en\/author\/serbiantimes-portal\/#author"},"creator":{"@id":"https:\/\/serbiantimes.info\/en\/author\/serbiantimes-portal\/#author"},"image":{"@type":"ImageObject","url":"https:\/\/serbiantimes.info\/en\/wp-content\/uploads\/sites\/2\/2024\/12\/Screenshot-2024-12-08-at-13.13.07.png","@id":"https:\/\/serbiantimes.info\/en\/novi-sad-cannot-be-calmed-new-citizens-protest-due-to-the-collapse-of-the-canopy-still-no-one-held-accountable-for-the-deaths-of-15-people\/#mainImage","width":443,"height":278},"primaryImageOfPage":{"@id":"https:\/\/serbiantimes.info\/en\/novi-sad-cannot-be-calmed-new-citizens-protest-due-to-the-collapse-of-the-canopy-still-no-one-held-accountable-for-the-deaths-of-15-people\/#mainImage"},"datePublished":"2024-12-08T14:45:55+02:00","dateModified":"2024-12-08T14:45:55+02:00"},{"@type":"WebSite","@id":"https:\/\/serbiantimes.info\/en\/#website","url":"https:\/\/serbiantimes.info\/en\/","name":"Serbiantimes.info EN","inLanguage":"en-US","publisher":{"@id":"https:\/\/serbiantimes.info\/en\/#organization"}}]},"og:locale":"en_US","og:site_name":"Serbiantimes.info EN |","og:type":"article","og:title":"NOVI SAD CANNOT BE CALMED: New citizens\u2019 protest due to the collapse of the canopy, still no one held accountable for the deaths of 15 people! | Serbiantimes.info EN","og:description":"A protest in Novi Sad, organized by the groups &quot;Svi\u0107e&quot; and &quot;Stav,&quot; began symbolically at 11:52, in front of the City Assembly. The organizers say that the city parliament has lost its legitimacy with a &quot;shameful debate on the dismissal of the mayor,&quot; so they called on the gathered citizens to use noise and red","og:url":"https:\/\/serbiantimes.info\/en\/novi-sad-cannot-be-calmed-new-citizens-protest-due-to-the-collapse-of-the-canopy-still-no-one-held-accountable-for-the-deaths-of-15-people\/","og:image":"https:\/\/serbiantimes.info\/en\/wp-content\/uploads\/sites\/2\/2024\/12\/Screenshot-2024-12-08-at-13.13.07.png","og:image:secure_url":"https:\/\/serbiantimes.info\/en\/wp-content\/uploads\/sites\/2\/2024\/12\/Screenshot-2024-12-08-at-13.13.07.png","og:image:width":443,"og:image:height":278,"article:published_time":"2024-12-08T12:45:55+00:00","article:modified_time":"2024-12-08T12:45:55+00:00","twitter:card":"summary_large_image","twitter:title":"NOVI SAD CANNOT BE CALMED: New citizens\u2019 protest due to the collapse of the canopy, still no one held accountable for the deaths of 15 people! | Serbiantimes.info EN","twitter:description":"A protest in Novi Sad, organized by the groups &quot;Svi\u0107e&quot; and &quot;Stav,&quot; began symbolically at 11:52, in front of the City Assembly. The organizers say that the city parliament has lost its legitimacy with a &quot;shameful debate on the dismissal of the mayor,&quot; so they called on the gathered citizens to use noise and red","twitter:image":"https:\/\/serbiantimes.info\/en\/wp-content\/uploads\/sites\/2\/2024\/12\/Screenshot-2024-12-08-at-13.13.07.png"},"aioseo_meta_data":{"post_id":"157494","title":null,"description":null,"keywords":null,"keyphrases":{"focus":{"keyphrase":"","score":0,"analysis":{"keyphraseInTitle":{"score":0,"maxScore":9,"error":1}}},"additional":[]},"primary_term":null,"canonical_url":null,"og_title":null,"og_description":null,"og_object_type":"default","og_image_type":"default","og_image_url":null,"og_image_width":null,"og_image_height":null,"og_image_custom_url":null,"og_image_custom_fields":null,"og_video":"","og_custom_url":null,"og_article_section":null,"og_article_tags":null,"twitter_use_og":false,"twitter_card":"default","twitter_image_type":"default","twitter_image_url":null,"twitter_image_custom_url":null,"twitter_image_custom_fields":null,"twitter_title":null,"twitter_description":null,"schema":{"blockGraphs":[],"customGraphs":[],"default":{"data":{"Article":[],"Course":[],"Dataset":[],"FAQPage":[],"Movie":[],"Person":[],"Product":[],"ProductReview":[],"Car":[],"Recipe":[],"Service":[],"SoftwareApplication":[],"WebPage":[]},"graphName":"BlogPosting","isEnabled":true},"graphs":[]},"schema_type":"default","schema_type_options":null,"pillar_content":false,"robots_default":true,"robots_noindex":false,"robots_noarchive":false,"robots_nosnippet":false,"robots_nofollow":false,"robots_noimageindex":false,"robots_noodp":false,"robots_notranslate":false,"robots_max_snippet":"-1","robots_max_videopreview":"-1","robots_max_imagepreview":"large","priority":null,"frequency":"default","local_seo":null,"breadcrumb_settings":null,"limit_modified_date":false,"ai":null,"created":"2024-12-08 12:45:55","updated":"2025-06-26 15:59:04","focus_keyword":null,"additional_keywords":null,"truseo_locale":null,"seo_analyzer_scan_date":null},"aioseo_breadcrumb":"<div class=\"aioseo-breadcrumbs\"><span class=\"aioseo-breadcrumb\">\n\t\t\t<a href=\"https:\/\/serbiantimes.info\/en\" title=\"Home\">Home<\/a>\n\t\t<\/span><span class=\"aioseo-breadcrumb-separator\">&raquo;<\/span><span class=\"aioseo-breadcrumb\">\n\t\t\t<a href=\"https:\/\/serbiantimes.info\/en\/category\/serbia\/\" title=\"SERBIA\">SERBIA<\/a>\n\t\t<\/span><span class=\"aioseo-breadcrumb-separator\">&raquo;<\/span><span class=\"aioseo-breadcrumb\">\n\t\t\tNOVI SAD CANNOT BE CALMED: New citizens\u2019 protest due to the collapse of the canopy, still no one held accountable for the deaths of 15 people!\n\t\t<\/span><\/div>","aioseo_breadcrumb_json":[{"label":"Home","link":"https:\/\/serbiantimes.info\/en"},{"label":"SERBIA","link":"https:\/\/serbiantimes.info\/en\/category\/serbia\/"},{"label":"NOVI SAD CANNOT BE CALMED: New citizens&#8217; protest due to the collapse of the canopy, still no one held accountable for the deaths of 15 people!","link":"https:\/\/serbiantimes.info\/en\/novi-sad-cannot-be-calmed-new-citizens-protest-due-to-the-collapse-of-the-canopy-still-no-one-held-accountable-for-the-deaths-of-15-people\/"}],"distributor_meta":false,"distributor_terms":false,"distributor_media":false,"distributor_original_site_name":"Serbiantimes.info EN","distributor_original_site_url":"https:\/\/serbiantimes.info\/en","push-errors":false,"_links":{"self":[{"href":"https:\/\/serbiantimes.info\/en\/wp-json\/wp\/v2\/posts\/157494","targetHints":{"allow":["GET"]}}],"collection":[{"href":"https:\/\/serbiantimes.info\/en\/wp-json\/wp\/v2\/posts"}],"about":[{"href":"https:\/\/serbiantimes.info\/en\/wp-json\/wp\/v2\/types\/post"}],"author":[{"embeddable":true,"href":"https:\/\/serbiantimes.info\/en\/wp-json\/wp\/v2\/users\/2169"}],"replies":[{"embeddable":true,"href":"https:\/\/serbiantimes.info\/en\/wp-json\/wp\/v2\/comments?post=157494"}],"version-history":[{"count":1,"href":"https:\/\/serbiantimes.info\/en\/wp-json\/wp\/v2\/posts\/157494\/revisions"}],"predecessor-version":[{"id":157498,"href":"https:\/\/serbiantimes.info\/en\/wp-json\/wp\/v2\/posts\/157494\/revisions\/157498"}],"wp:featuredmedia":[{"embeddable":true,"href":"https:\/\/serbiantimes.info\/en\/wp-json\/wp\/v2\/media\/157495"}],"wp:attachment":[{"href":"https:\/\/serbiantimes.info\/en\/wp-json\/wp\/v2\/media?parent=157494"}],"wp:term":[{"taxonomy":"category","embeddable":true,"href":"https:\/\/serbiantimes.info\/en\/wp-json\/wp\/v2\/categories?post=157494"},{"taxonomy":"post_tag","embeddable":true,"href":"https:\/\/serbiantimes.info\/en\/wp-json\/wp\/v2\/tags?post=157494"}],"curies":[{"name":"wp","href":"https:\/\/api.w.org\/{rel}","templated":true}]}}