{"id":157206,"date":"2024-12-02T10:30:25","date_gmt":"2024-12-02T08:30:25","guid":{"rendered":"https:\/\/serbiantimes.info\/en\/?p=157206"},"modified":"2024-12-02T10:30:25","modified_gmt":"2024-12-02T08:30:25","slug":"food-twice-as-expensive-than-5-years-ago-a-girl-from-the-balkans-reveals-all-about-the-crisis-in-america-video-serbian-ambassador-doesnt-take-salary-milan-has-made-chicago-the-capital-of-our-culture-i","status":"publish","type":"post","link":"https:\/\/serbiantimes.info\/en\/food-twice-as-expensive-than-5-years-ago-a-girl-from-the-balkans-reveals-all-about-the-crisis-in-america-video-serbian-ambassador-doesnt-take-salary-milan-has-made-chicago-the-capital-of-our-culture-i\/","title":{"rendered":"NOVI SAD CITY CENTER IN RED: Another protest held due to the collapse of the canopy, citizens demand that the culprit for the deaths be found!"},"content":{"rendered":"\n<p>A month has passed since the accident at the Novi Sad Railway Station, when 15 people were killed and two were injured in the collapse of a canopy.<\/p>\n\n\n\n<p>To mark this occasion, a protest march was held from the Railway Station to Liberty Square. Those gathered stopped 15 times on the way to the City Hall and observed a minute of silence to pay tribute to the deceased. The entire square in front of the City Hall was painted red.<\/p>\n\n\n\n<p>At the protest, which began at 11:52 at the Railway Station, it was demanded that all secret documents be opened and that the mayor of Novi Sad, Milan \u0110uri\u0107, and the Prime Minister of Serbia, Milo\u0161 Vu\u010devi\u0107, be dismissed, N1 reports.<\/p>\n\n\n\n<p>Activist Mila Paji\u0107 from the organization &#8220;Svi\u0106e&#8221; declared the end of the gathering, congratulated everyone on their behavior, on the peaceful and dignified march.<\/p>\n\n\n\n<p>She invited everyone to come tomorrow and support the students of Jova Jovanovi\u0107 Zmaj High School after the attacks they suffered from the tabloids.<\/p>\n\n\n\n<p>Paji\u0107 also called on citizens to support the opposition councilors on Tuesday, as the agenda of the Novi Sad City Assembly may include a request for the removal of the mayor, which was submitted by those councilors.<\/p>\n\n\n\n<h4 class=\"wp-block-heading\"><mark style=\"background-color:#FFFFFF;color:#d21414\" class=\"has-inline-color\">READ MORE:<\/mark><\/h4>\n\n\n\n<p><strong><a href=\"https:\/\/serbiantimes.info\/en\/food-twice-as-expensive-than-5-years-ago-a-girl-from-the-balkans-reveals-all-about-the-crisis-in-america-video\/\" target=\"_blank\" rel=\"noreferrer noopener\">FOOD TWICE AS EXPENSIVE THAN 5 YEARS AGO: A girl from the Balkans reveals all about the crisis in America! (VIDEO)<\/a><\/strong><\/p>\n\n\n\n<p><strong><a href=\"https:\/\/serbiantimes.info\/en\/serbian-ambassador-doesnt-take-salary-milan-has-made-chicago-the-capital-of-our-culture-in-the-diaspora-video-photo-gallery\/\" target=\"_blank\" rel=\"noreferrer noopener\">SERBIAN AMBASSADOR DOESN\u2019T TAKE SALARY: Milan has made Chicago the capital of our culture in the diaspora! (VIDEO + PHOTO GALLERY)<\/a><\/strong><\/p>\n\n\n\n<p><strong><a href=\"https:\/\/serbiantimes.info\/en\/croats-claim-it-efforts-to-return-the-baptismal-font-of-the-serbian-ruler-who-croatia-considers-its-first-duke\/\" target=\"_blank\" rel=\"noreferrer noopener\">CROATS CLAIM IT: Efforts to return the baptismal font of the Serbian ruler, who Croatia considers its first duke!<\/a><\/strong><\/p>\n\n\n\n<p><strong>Source:<\/strong> Nedeljnik, <strong>Photo:<\/strong> Nenad Mihajlovi\u0107\/Nova.rs<\/p>\n","protected":false},"excerpt":{"rendered":"<p>A month has passed since the accident at the Novi Sad Railway Station, when 15 people were killed and two were injured in the collapse of a canopy. To mark this occasion, a protest march was held from the Railway Station to Liberty Square. Those gathered stopped 15 times on the way to the City [&hellip;]<\/p>\n","protected":false},"author":2169,"featured_media":157207,"comment_status":"open","ping_status":"open","sticky":false,"template":"","format":"standard","meta":{"newspack_featured_image_position":"","newspack_post_subtitle":"","newspack_article_summary_title":"Overview:","newspack_article_summary":"","newspack_hide_updated_date":false,"newspack_show_updated_date":false,"footnotes":""},"categories":[7],"tags":[3099,2048,806,113,262],"class_list":["post-157206","post","type-post","status-publish","format-standard","has-post-thumbnail","hentry","category-serbia","tag-milos-vucevic-3","tag-nadstresnica","tag-novi-sad","tag-srbija","tag-tragedija","entry"],"aioseo_notices":[],"distributor_meta":false,"distributor_terms":false,"distributor_media":false,"distributor_original_site_name":"Serbiantimes.info EN","distributor_original_site_url":"https:\/\/serbiantimes.info\/en","push-errors":false,"_links":{"self":[{"href":"https:\/\/serbiantimes.info\/en\/wp-json\/wp\/v2\/posts\/157206","targetHints":{"allow":["GET"]}}],"collection":[{"href":"https:\/\/serbiantimes.info\/en\/wp-json\/wp\/v2\/posts"}],"about":[{"href":"https:\/\/serbiantimes.info\/en\/wp-json\/wp\/v2\/types\/post"}],"author":[{"embeddable":true,"href":"https:\/\/serbiantimes.info\/en\/wp-json\/wp\/v2\/users\/2169"}],"replies":[{"embeddable":true,"href":"https:\/\/serbiantimes.info\/en\/wp-json\/wp\/v2\/comments?post=157206"}],"version-history":[{"count":1,"href":"https:\/\/serbiantimes.info\/en\/wp-json\/wp\/v2\/posts\/157206\/revisions"}],"predecessor-version":[{"id":157209,"href":"https:\/\/serbiantimes.info\/en\/wp-json\/wp\/v2\/posts\/157206\/revisions\/157209"}],"wp:featuredmedia":[{"embeddable":true,"href":"https:\/\/serbiantimes.info\/en\/wp-json\/wp\/v2\/media\/157207"}],"wp:attachment":[{"href":"https:\/\/serbiantimes.info\/en\/wp-json\/wp\/v2\/media?parent=157206"}],"wp:term":[{"taxonomy":"category","embeddable":true,"href":"https:\/\/serbiantimes.info\/en\/wp-json\/wp\/v2\/categories?post=157206"},{"taxonomy":"post_tag","embeddable":true,"href":"https:\/\/serbiantimes.info\/en\/wp-json\/wp\/v2\/tags?post=157206"}],"curies":[{"name":"wp","href":"https:\/\/api.w.org\/{rel}","templated":true}]}}