{"id":157085,"date":"2024-11-29T18:24:36","date_gmt":"2024-11-29T16:24:36","guid":{"rendered":"https:\/\/serbiantimes.info\/en\/?p=157085"},"modified":"2024-11-29T18:24:37","modified_gmt":"2024-11-29T16:24:37","slug":"prota-mateja-nenadovic-a-priest-who-became-one-of-the-leaders-of-the-first-serbian-uprising","status":"publish","type":"post","link":"https:\/\/serbiantimes.info\/en\/prota-mateja-nenadovic-a-priest-who-became-one-of-the-leaders-of-the-first-serbian-uprising\/","title":{"rendered":"PROTA MATEJA NENADOVI\u0106: A priest who became one of the leaders of the First Serbian Uprising!"},"content":{"rendered":"\n<p><strong><em>Nearly two and a half centuries ago, Prota Mateja Nenadovi\u0107 was born. He was both a priest and a voivode (military commander) in what was then known as Kara\u0111or\u0111e&#8217;s War, more commonly referred to as the First Serbian Uprising.<\/em><\/strong><\/p>\n\n\n\n<p>Mateja was one of the few literate people of his time, having learned to write from a priest. He himself became a priest in 1793. Two years later, the Orthodox Church bestowed upon him the honorary title of Prota, meaning the first priest.<\/p>\n\n\n\n<p>However, his life changed when he decided to join the rebellion against the Ottoman authorities. This decision was made in agreement with 12 noblemen from the Valjevo nahija (district), including Mateja&#8217;s father, Prince Aleksa Nenadovi\u0107.<\/p>\n\n\n\n<p>When news of the uprising reached the Ottoman authorities, the Slaughter of Princes occurred in 1804.<\/p>\n\n\n\n<figure class=\"wp-block-image size-large\"><img decoding=\"async\" src=\"http:\/\/serbiantimes.info\/wp-content\/uploads\/2021\/02\/Orasac_1804-1024x704.jpg\" alt=\"\" class=\"wp-image-30009\"\/><figcaption class=\"wp-element-caption\">Zbor u Ora\u0161cu \/ Wikimedia Creative Commons<\/figcaption><\/figure>\n\n\n\n<p>The following year, to sustain the uprising, the Ruling Council of Serbia was established with Nenadovi\u0107 as its first president.<\/p>\n\n\n\n<p>\u201cWe found a peasant and had him make us a table and two benches out of linden wood. We placed them in a small room, spread a cloth on the table, and put the Holy Gospel and a monastery cross on it. Around this, we held our sessions.\u201d<\/p>\n\n\n\n<p>Not long after, the Second Serbian Uprising began. Mateja patiently waited to return to his homeland and once more lead Serbian troops into battle, this time as a prince.<\/p>\n\n\n\n<p>During the period between the uprisings, he spent time in Austria, trying to persuade the great powers to help Serbia fight against the Ottomans. He appealed to Russia in particular, requesting annexation or a protectorate.<\/p>\n\n\n\n<p>\u201cThis, children, is the eternal changeability of fate, which I recognized early on and never complained about. From this changeability, learn: one should not be proud in happiness nor despair in misfortune.\u201d<\/p>\n\n\n\n<p>The memories and recollections from his life, filled with suffering, were forever recorded as a guide for future generations in his work &#8220;Memoirs,&#8221; published in parts by Mateja&#8217;s son, Ljubomir Nenadovi\u0107, a year after his death. The first complete edition was published in 1867.<\/p>\n\n\n\n<p>He died in 1854 as a free man in the Principality of Serbia. Although he had traveled widely, he returned to his homeland for his final resting place, the land for which he was willing to give his life. However, he wanted his descendants to know that they had relatives in Russia, where his uncle Jakov, who had helped him start the first uprising, had remained to live.<\/p>\n\n\n\n<h4 class=\"wp-block-heading\"><mark style=\"background-color:#FFFFFF;color:#d21414\" class=\"has-inline-color\">MORE TOPICS:<\/mark><\/h4>\n\n\n\n<p><strong><a href=\"https:\/\/serbiantimes.info\/en\/food-twice-as-expensive-than-5-years-ago-a-girl-from-the-balkans-reveals-all-about-the-crisis-in-america-video\/\" target=\"_blank\" rel=\"noopener\" title=\"\">FOOD TWICE AS EXPENSIVE THAN 5 YEARS AGO: A girl from the Balkans reveals all about the crisis in America! (VIDEO)<\/a><\/strong><\/p>\n\n\n\n<p><strong><a href=\"https:\/\/serbiantimes.info\/en\/serbian-ambassador-doesnt-take-salary-milan-has-made-chicago-the-capital-of-our-culture-in-the-diaspora-video-photo-gallery\/\" target=\"_blank\" rel=\"noopener\" title=\"\">SERBIAN AMBASSADOR DOESN\u2019T TAKE SALARY: Milan has made Chicago the capital of our culture in the diaspora! (VIDEO + PHOTO GALLERY)<\/a><\/strong><\/p>\n\n\n\n<p><strong><a href=\"https:\/\/serbiantimes.info\/en\/croats-claim-it-efforts-to-return-the-baptismal-font-of-the-serbian-ruler-who-croatia-considers-its-first-duke\/\" target=\"_blank\" rel=\"noopener\" title=\"\">CROATS CLAIM IT: Efforts to return the baptismal font of the Serbian ruler, who Croatia considers its first duke!<\/a><\/strong><\/p>\n\n\n\n<p><strong>Source: <\/strong><a href=\"https:\/\/www.danas.rs\/zivot\/prota-mateja-nenadovic-sa-bozijom-milosti-u-boj\/\" target=\"_blank\" rel=\"noreferrer noopener\">Danas<\/a> <strong>Photo: <\/strong>Wikimedia Creative Commons<\/p>\n","protected":false},"excerpt":{"rendered":"<p>Nearly two and a half centuries ago, Prota Mateja Nenadovi\u0107 was born. He was both a priest and a voivode (military commander) in what was then known as Kara\u0111or\u0111e&#8217;s War, more commonly referred to as the First Serbian Uprising. Mateja was one of the few literate people of his time, having learned to write from [&hellip;]<\/p>\n","protected":false},"author":2169,"featured_media":157087,"comment_status":"open","ping_status":"open","sticky":false,"template":"","format":"standard","meta":{"newspack_featured_image_position":"","newspack_post_subtitle":"","newspack_article_summary_title":"Overview:","newspack_article_summary":"","newspack_hide_updated_date":false,"newspack_show_updated_date":false,"footnotes":""},"categories":[11],"tags":[564,561,566,554,3018,556,562],"class_list":["post-157085","post","type-post","status-publish","format-standard","has-post-thumbnail","hentry","category-history","tag-first-serbian-uprising","tag-history-of-serbia","tag-history-of-the-serbs","tag-istorija-srbije","tag-prota-mateja-nenadovic","tag-prvi-srpski-ustanak","tag-serbian-history","entry"],"aioseo_notices":[],"distributor_meta":false,"distributor_terms":false,"distributor_media":false,"distributor_original_site_name":"Serbiantimes.info EN","distributor_original_site_url":"https:\/\/serbiantimes.info\/en","push-errors":false,"_links":{"self":[{"href":"https:\/\/serbiantimes.info\/en\/wp-json\/wp\/v2\/posts\/157085","targetHints":{"allow":["GET"]}}],"collection":[{"href":"https:\/\/serbiantimes.info\/en\/wp-json\/wp\/v2\/posts"}],"about":[{"href":"https:\/\/serbiantimes.info\/en\/wp-json\/wp\/v2\/types\/post"}],"author":[{"embeddable":true,"href":"https:\/\/serbiantimes.info\/en\/wp-json\/wp\/v2\/users\/2169"}],"replies":[{"embeddable":true,"href":"https:\/\/serbiantimes.info\/en\/wp-json\/wp\/v2\/comments?post=157085"}],"version-history":[{"count":1,"href":"https:\/\/serbiantimes.info\/en\/wp-json\/wp\/v2\/posts\/157085\/revisions"}],"predecessor-version":[{"id":157113,"href":"https:\/\/serbiantimes.info\/en\/wp-json\/wp\/v2\/posts\/157085\/revisions\/157113"}],"wp:featuredmedia":[{"embeddable":true,"href":"https:\/\/serbiantimes.info\/en\/wp-json\/wp\/v2\/media\/157087"}],"wp:attachment":[{"href":"https:\/\/serbiantimes.info\/en\/wp-json\/wp\/v2\/media?parent=157085"}],"wp:term":[{"taxonomy":"category","embeddable":true,"href":"https:\/\/serbiantimes.info\/en\/wp-json\/wp\/v2\/categories?post=157085"},{"taxonomy":"post_tag","embeddable":true,"href":"https:\/\/serbiantimes.info\/en\/wp-json\/wp\/v2\/tags?post=157085"}],"curies":[{"name":"wp","href":"https:\/\/api.w.org\/{rel}","templated":true}]}}