{"id":157054,"date":"2024-11-28T08:50:00","date_gmt":"2024-11-28T06:50:00","guid":{"rendered":"https:\/\/serbiantimes.info\/en\/?p=157054"},"modified":"2024-11-28T16:52:31","modified_gmt":"2024-11-28T14:52:31","slug":"horrific-crime-in-belgrade-daughter-kills-mother-then-turns-herself-in","status":"publish","type":"post","link":"https:\/\/serbiantimes.info\/en\/horrific-crime-in-belgrade-daughter-kills-mother-then-turns-herself-in\/","title":{"rendered":"HORRIFIC CRIME IN BELGRADE: Daughter kills mother, then turns herself in"},"content":{"rendered":"\n<p>Belgrade police today arrested M.A. (37) on suspicion of murdering her mother on Monday, Interior Minister Ivica Da\u010di\u0107 announced.<\/p>\n\n\n\n<p>According to the statement, the mother (74) was found dead in her apartment in Aleksina\u010dkih rudara Street, with an injury to her forehead, where part of her hair and skin were missing, with traces of blood on the wall.<\/p>\n\n\n\n<p>&#8220;The daughter herself reported the incident to the police, and based on the traces found at the crime scene, it was determined that there is reasonable suspicion that she is the perpetrator, so a criminal complaint for aggravated murder will be filed against her,&#8221; Da\u010di\u0107 said.<\/p>\n\n\n\n<h4 class=\"wp-block-heading\"><mark>READ MORE:<\/mark><\/h4>\n\n\n\n<p><strong><a href=\"https:\/\/serbiantimes.info\/en\/saint-stephen-rises-in-chicago-one-of-our-most-beautiful-churches-in-america-celebrated-its-patron-saints-day-video-photo-gallery\/\" target=\"_blank\" rel=\"noreferrer noopener\">SAINT STEPHEN RISES IN CHICAGO: One of our most beautiful churches in America celebrated its patron saint\u2019s day! (VIDEO + PHOTO GALLERY)<\/a><\/strong><\/p>\n\n\n\n<p><strong><a href=\"https:\/\/serbiantimes.info\/en\/this-serb-faces-the-death-penalty-in-the-us-suspected-of-killing-his-wife-in-spain-15-million-at-stake\/\" target=\"_blank\" rel=\"noreferrer noopener\">THIS SERB FACES THE DEATH PENALTY IN THE US: Suspected of killing his wife in Spain, $15 million at stake!<\/a><\/strong><\/p>\n\n\n\n<p><strong><a href=\"https:\/\/serbiantimes.info\/en\/murray-wont-coach-djokovic-brit-to-have-special-role-in-novaks-team\/\" target=\"_blank\" rel=\"noreferrer noopener\">MURRAY WON\u2019T COACH DJOKOVIC: Brit to have special role in Novak\u2019s team<\/a><\/strong><\/p>\n\n\n\n<p><strong>Source<\/strong>: B92,<strong> Photo<\/strong>: RINA<\/p>\n","protected":false},"excerpt":{"rendered":"<p>Belgrade police today arrested M.A. (37) on suspicion of murdering her mother on Monday, Interior Minister Ivica Da\u010di\u0107 announced. According to the statement, the mother (74) was found dead in her apartment in Aleksina\u010dkih rudara Street, with an injury to her forehead, where part of her hair and skin were missing, with traces of blood [&hellip;]<\/p>\n","protected":false},"author":2169,"featured_media":157055,"comment_status":"open","ping_status":"open","sticky":false,"template":"","format":"standard","meta":{"newspack_featured_image_position":"","newspack_post_subtitle":"","newspack_article_summary_title":"Overview:","newspack_article_summary":"","newspack_hide_updated_date":false,"newspack_show_updated_date":false,"footnotes":""},"categories":[7],"tags":[270,253,843,1728,3013,1725,38,113,115,2996,770],"class_list":["post-157054","post","type-post","status-publish","format-standard","has-post-thumbnail","hentry","category-serbia","tag-belgrade","tag-beograd","tag-crna-hronika","tag-killing","tag-matricide","tag-murder","tag-serbia","tag-srbija","tag-ubistvo","tag-ubistvo-roditelja","tag-zlocin","entry"],"aioseo_notices":[],"distributor_meta":false,"distributor_terms":false,"distributor_media":false,"distributor_original_site_name":"Serbiantimes.info EN","distributor_original_site_url":"https:\/\/serbiantimes.info\/en","push-errors":false,"_links":{"self":[{"href":"https:\/\/serbiantimes.info\/en\/wp-json\/wp\/v2\/posts\/157054","targetHints":{"allow":["GET"]}}],"collection":[{"href":"https:\/\/serbiantimes.info\/en\/wp-json\/wp\/v2\/posts"}],"about":[{"href":"https:\/\/serbiantimes.info\/en\/wp-json\/wp\/v2\/types\/post"}],"author":[{"embeddable":true,"href":"https:\/\/serbiantimes.info\/en\/wp-json\/wp\/v2\/users\/2169"}],"replies":[{"embeddable":true,"href":"https:\/\/serbiantimes.info\/en\/wp-json\/wp\/v2\/comments?post=157054"}],"version-history":[{"count":1,"href":"https:\/\/serbiantimes.info\/en\/wp-json\/wp\/v2\/posts\/157054\/revisions"}],"predecessor-version":[{"id":157077,"href":"https:\/\/serbiantimes.info\/en\/wp-json\/wp\/v2\/posts\/157054\/revisions\/157077"}],"wp:featuredmedia":[{"embeddable":true,"href":"https:\/\/serbiantimes.info\/en\/wp-json\/wp\/v2\/media\/157055"}],"wp:attachment":[{"href":"https:\/\/serbiantimes.info\/en\/wp-json\/wp\/v2\/media?parent=157054"}],"wp:term":[{"taxonomy":"category","embeddable":true,"href":"https:\/\/serbiantimes.info\/en\/wp-json\/wp\/v2\/categories?post=157054"},{"taxonomy":"post_tag","embeddable":true,"href":"https:\/\/serbiantimes.info\/en\/wp-json\/wp\/v2\/tags?post=157054"}],"curies":[{"name":"wp","href":"https:\/\/api.w.org\/{rel}","templated":true}]}}