{"id":157052,"date":"2024-11-28T16:51:56","date_gmt":"2024-11-28T14:51:56","guid":{"rendered":"https:\/\/serbiantimes.info\/en\/?p=157052"},"modified":"2024-11-28T16:51:57","modified_gmt":"2024-11-28T14:51:57","slug":"eight-months-after-the-crime-indictment-confirmed-for-the-murder-of-danka-ilic-heres-what-happens-next","status":"publish","type":"post","link":"https:\/\/serbiantimes.info\/en\/eight-months-after-the-crime-indictment-confirmed-for-the-murder-of-danka-ilic-heres-what-happens-next\/","title":{"rendered":"EIGHT MONTHS AFTER THE CRIME: Indictment confirmed for the murder of Danka Ili\u0107, here&#8217;s what happens next!"},"content":{"rendered":"\n<p class=\"wp-block-paragraph\">The Higher Court in Zaje\u010dar has confirmed the indictment against Dejan Dragijevi\u0107 (50) and Sr\u0111an Jankovi\u0107 (50), as well as Radoslav Dragijevi\u0107, Dejan&#8217;s father! As a reminder, younger Dragijevi\u0107 and Jankovi\u0107 are charged with the aggravated murder of Danka Ili\u0107 (2) which occurred on March 26th in Banjsko Polje near Bor, while older Dragijevi\u0107 is charged with concealing the crime and aiding the perpetrator after the crime was committed.<\/p>\n\n\n\n<p class=\"wp-block-paragraph\">As Kurir finds out, the defense attorneys have the right to appeal to the Appellate Court in Ni\u0161.<\/p>\n\n\n\n<h4 class=\"wp-block-heading\"><mark style=\"background-color:#FFFFFF;color:#d21414\" class=\"has-inline-color\">FOLLOW US ON FACEBOOK:<\/mark><\/h4>\n\n\n\t<figure class='wp-block-newspack-blocks-iframe'>\n\t\t<div class='wp-block-embed__wrapper' style=\"height:600px; width:100%;\">\n\t\t\t<iframe\n\t\t\t\tid = 'newspack-iframe-nVyNXxc2Phsb'\n\t\t\t\tlayout = 'responsive'\n\t\t\t\theight = '100'\n\t\t\t\twidth = '100'\n\t\t\t\tsrc = 'https:\/\/www.facebook.com\/plugins\/post.php?href=https%3A%2F%2Fwww.facebook.com%2Fserbiantimes%2Fposts%2Fpfbid0JVA3dPyE7Gf149nNGUEeAfPvgQtJ7v4uKLeJYw7ApkbsmBmM8t5tCvcTbgeiPtTul'\n\t\t\t\tstyle = 'height: 600px; width: 100%;'\n\t\t\t\tframeborder = '0'\n\t\t\t\tallowfullscreen\n\t\t\t><\/iframe>\n\t\t<\/div>\n\t<\/figure>\n\n\t<script>\n\t\tconst iframe = document.getElementById(\"newspack-iframe-nVyNXxc2Phsb\");\n\t\tconst timerId = setInterval( function() {\n\t\t\t\tiframe.src = iframe.src;\n\t\t\t}, 2000 );\n\n\t\tiframe.onload = function() {\n\t\t\tclearInterval(timerId);\n\t\t}\n\n\t<\/script>\n\n\t\n\n\n<p class=\"wp-block-paragraph\">&#8211; The defendants&#8217; lawyers will certainly appeal this decision within the legal deadline &#8211; says a source.<\/p>\n\n\n\n<p class=\"wp-block-paragraph\">As a reminder, exactly eight months have passed since the girl&#8217;s murder. This crime shocked all of Serbia.<\/p>\n\n\n\n<p class=\"wp-block-paragraph\">&#8211; Danka Ili\u0107 disappeared on March 26th from the yard of her mother Ivana&#8217;s old house. Ivana came with Danka and her older child to visit the family estate on that fateful day. While she was giving water to the other child, Danka disappeared &#8211; the source reminds and adds that the police arrested Dejan Dragijevi\u0107 and Sr\u0111an Jankovi\u0107 on April 4th on suspicion that they had first hit her with a service vehicle of the Bor &#8220;Vodovod&#8221; and then drowned her, and hid her body.<\/p>\n\n\n\n<h4 class=\"wp-block-heading\"><mark style=\"background-color:#FFFFFF;color:#d21414\" class=\"has-inline-color\">READ MORE: <\/mark><\/h4>\n\n\n\n<p class=\"wp-block-paragraph\"><strong><a href=\"https:\/\/serbiantimes.info\/en\/saint-stephen-rises-in-chicago-one-of-our-most-beautiful-churches-in-america-celebrated-its-patron-saints-day-video-photo-gallery\/\" target=\"_blank\" rel=\"noreferrer noopener\">SAINT STEPHEN RISES IN CHICAGO: One of our most beautiful churches in America celebrated its patron saint\u2019s day! (VIDEO + PHOTO GALLERY)<\/a><\/strong><\/p>\n\n\n\n<p class=\"wp-block-paragraph\"><strong><a href=\"https:\/\/serbiantimes.info\/en\/this-serb-faces-the-death-penalty-in-the-us-suspected-of-killing-his-wife-in-spain-15-million-at-stake\/\" target=\"_blank\" rel=\"noreferrer noopener\">THIS SERB FACES THE DEATH PENALTY IN THE US: Suspected of killing his wife in Spain, $15 million at stake!<\/a><\/strong><\/p>\n\n\n\n<p class=\"wp-block-paragraph\"><strong><a href=\"https:\/\/serbiantimes.info\/en\/murray-wont-coach-djokovic-brit-to-have-special-role-in-novaks-team\/\" target=\"_blank\" rel=\"noreferrer noopener\">MURRAY WON\u2019T COACH DJOKOVIC: Brit to have special role in Novak\u2019s team<\/a><\/strong><\/p>\n\n\n\n<p class=\"wp-block-paragraph\"><strong>Source<\/strong>: <a href=\"https:\/\/www.kurir.rs\/crna-hronika\/9509075\/potvrdjena-optuznica-za-ubistvo-danke-ilic\" target=\"_blank\" rel=\"noopener\" title=\"\">Kurir<\/a>, <strong>Photo<\/strong>: Telegraf\/Nikola Tomi\u0107<\/p>\n","protected":false},"excerpt":{"rendered":"<p>The Higher Court in Zaje\u010dar has confirmed the indictment against Dejan Dragijevi\u0107 (50) and Sr\u0111an Jankovi\u0107 (50), as well as Radoslav Dragijevi\u0107, Dejan&#8217;s father! As a reminder, younger Dragijevi\u0107 and Jankovi\u0107 are charged with the aggravated murder of Danka Ili\u0107 (2) which occurred on March 26th in Banjsko Polje near Bor, while older Dragijevi\u0107 is [&hellip;]<\/p>\n","protected":false},"author":2169,"featured_media":157053,"comment_status":"open","ping_status":"open","sticky":false,"template":"","format":"standard","meta":{"newspack_featured_image_position":"","newspack_post_subtitle":"","newspack_article_summary_title":"Overview:","newspack_article_summary":"","newspack_hide_updated_date":false,"newspack_show_updated_date":false,"footnotes":""},"categories":[7],"tags":[2990,2991,2992,3014,2993,113,2994,2995,796,770],"class_list":["post-157052","post","type-post","status-publish","format-standard","has-post-thumbnail","hentry","category-serbia","tag-danka-ilic","tag-danka-ilic-ubistvo","tag-dejan-dragijevic","tag-missing-girl","tag-nestala-devojcica","tag-srbija","tag-srdjan-dragijevic","tag-visi-sud","tag-zajecar","tag-zlocin","entry"],"aioseo_notices":[],"aioseo_head":"\n\t\t<!-- All in One SEO 5.0.1.1 - aioseo.com -->\n\t<meta name=\"description\" content=\"The Higher Court in Zaje\u010dar has confirmed the indictment against Dejan Dragijevi\u0107 (50) and Sr\u0111an Jankovi\u0107 (50), as well as Radoslav Dragijevi\u0107, Dejan&#039;s father! As a reminder, younger Dragijevi\u0107 and Jankovi\u0107 are charged with the aggravated murder of Danka Ili\u0107 (2) which occurred on March 26th in Banjsko Polje near Bor, while older Dragijevi\u0107 is\" \/>\n\t<meta name=\"robots\" content=\"max-image-preview:large\" \/>\n\t<meta name=\"author\" content=\"Serbian Times\"\/>\n\t<link rel=\"canonical\" href=\"https:\/\/serbiantimes.info\/en\/eight-months-after-the-crime-indictment-confirmed-for-the-murder-of-danka-ilic-heres-what-happens-next\/\" \/>\n\t<meta name=\"generator\" content=\"All in One SEO (AIOSEO) 5.0.1.1\" \/>\n\t\t<meta property=\"og:locale\" content=\"en_US\" \/>\n\t\t<meta property=\"og:site_name\" content=\"Serbiantimes.info EN |\" \/>\n\t\t<meta property=\"og:type\" content=\"article\" \/>\n\t\t<meta property=\"og:title\" content=\"EIGHT MONTHS AFTER THE CRIME: Indictment confirmed for the murder of Danka Ili\u0107, here\u2019s what happens next! | Serbiantimes.info EN\" \/>\n\t\t<meta property=\"og:description\" content=\"The Higher Court in Zaje\u010dar has confirmed the indictment against Dejan Dragijevi\u0107 (50) and Sr\u0111an Jankovi\u0107 (50), as well as Radoslav Dragijevi\u0107, Dejan&#039;s father! As a reminder, younger Dragijevi\u0107 and Jankovi\u0107 are charged with the aggravated murder of Danka Ili\u0107 (2) which occurred on March 26th in Banjsko Polje near Bor, while older Dragijevi\u0107 is\" \/>\n\t\t<meta property=\"og:url\" content=\"https:\/\/serbiantimes.info\/en\/eight-months-after-the-crime-indictment-confirmed-for-the-murder-of-danka-ilic-heres-what-happens-next\/\" \/>\n\t\t<meta property=\"og:image\" content=\"https:\/\/serbiantimes.info\/en\/wp-content\/uploads\/sites\/2\/2024\/11\/osumnjiceni-danka-ilic.jpg\" \/>\n\t\t<meta property=\"og:image:secure_url\" content=\"https:\/\/serbiantimes.info\/en\/wp-content\/uploads\/sites\/2\/2024\/11\/osumnjiceni-danka-ilic.jpg\" \/>\n\t\t<meta property=\"og:image:width\" content=\"1200\" \/>\n\t\t<meta property=\"og:image:height\" content=\"752\" \/>\n\t\t<meta property=\"article:published_time\" content=\"2024-11-28T14:51:56+00:00\" \/>\n\t\t<meta property=\"article:modified_time\" content=\"2024-11-28T14:51:57+00:00\" \/>\n\t\t<meta name=\"twitter:card\" content=\"summary_large_image\" \/>\n\t\t<meta name=\"twitter:title\" content=\"EIGHT MONTHS AFTER THE CRIME: Indictment confirmed for the murder of Danka Ili\u0107, here\u2019s what happens next! | Serbiantimes.info EN\" \/>\n\t\t<meta name=\"twitter:description\" content=\"The Higher Court in Zaje\u010dar has confirmed the indictment against Dejan Dragijevi\u0107 (50) and Sr\u0111an Jankovi\u0107 (50), as well as Radoslav Dragijevi\u0107, Dejan&#039;s father! As a reminder, younger Dragijevi\u0107 and Jankovi\u0107 are charged with the aggravated murder of Danka Ili\u0107 (2) which occurred on March 26th in Banjsko Polje near Bor, while older Dragijevi\u0107 is\" \/>\n\t\t<meta name=\"twitter:image\" content=\"https:\/\/serbiantimes.info\/en\/wp-content\/uploads\/sites\/2\/2024\/11\/osumnjiceni-danka-ilic.jpg\" \/>\n\t\t<script type=\"application\/ld+json\" class=\"aioseo-schema\">\n\t\t\t{\"@context\":\"https:\\\/\\\/schema.org\",\"@graph\":[{\"@type\":\"BlogPosting\",\"@id\":\"https:\\\/\\\/serbiantimes.info\\\/en\\\/eight-months-after-the-crime-indictment-confirmed-for-the-murder-of-danka-ilic-heres-what-happens-next\\\/#blogposting\",\"name\":\"EIGHT MONTHS AFTER THE CRIME: Indictment confirmed for the murder of Danka Ili\\u0107, here\\u2019s what happens next! | Serbiantimes.info EN\",\"headline\":\"EIGHT MONTHS AFTER THE CRIME: Indictment confirmed for the murder of Danka Ili\\u0107, here&#8217;s what happens next!\",\"author\":{\"@id\":\"https:\\\/\\\/serbiantimes.info\\\/en\\\/author\\\/serbiantimes-portal\\\/#author\"},\"publisher\":{\"@id\":\"https:\\\/\\\/serbiantimes.info\\\/en\\\/#organization\"},\"image\":{\"@type\":\"ImageObject\",\"url\":\"https:\\\/\\\/serbiantimes.info\\\/en\\\/wp-content\\\/uploads\\\/sites\\\/2\\\/2024\\\/11\\\/osumnjiceni-danka-ilic.jpg\",\"width\":1200,\"height\":752},\"datePublished\":\"2024-11-28T16:51:56+02:00\",\"dateModified\":\"2024-11-28T16:51:57+02:00\",\"inLanguage\":\"en-US\",\"mainEntityOfPage\":{\"@id\":\"https:\\\/\\\/serbiantimes.info\\\/en\\\/eight-months-after-the-crime-indictment-confirmed-for-the-murder-of-danka-ilic-heres-what-happens-next\\\/#webpage\"},\"isPartOf\":{\"@id\":\"https:\\\/\\\/serbiantimes.info\\\/en\\\/eight-months-after-the-crime-indictment-confirmed-for-the-murder-of-danka-ilic-heres-what-happens-next\\\/#webpage\"},\"articleSection\":\"SERBIA, danka ili\\u0107, danka ili\\u0107 ubistvo, Dejan Dragijevi\\u0107, Missing girl, nestala devoj\\u010dica, Srbija, sr\\u0111an dragijevi\\u0107, vi\\u0161i sud, zaje\\u010dar, zlo\\u010din\"},{\"@type\":\"BreadcrumbList\",\"@id\":\"https:\\\/\\\/serbiantimes.info\\\/en\\\/eight-months-after-the-crime-indictment-confirmed-for-the-murder-of-danka-ilic-heres-what-happens-next\\\/#breadcrumblist\",\"itemListElement\":[{\"@type\":\"ListItem\",\"@id\":\"https:\\\/\\\/serbiantimes.info\\\/en#listItem\",\"position\":1,\"name\":\"Home\",\"item\":\"https:\\\/\\\/serbiantimes.info\\\/en\",\"nextItem\":{\"@type\":\"ListItem\",\"@id\":\"https:\\\/\\\/serbiantimes.info\\\/en\\\/category\\\/serbia\\\/#listItem\",\"name\":\"SERBIA\"}},{\"@type\":\"ListItem\",\"@id\":\"https:\\\/\\\/serbiantimes.info\\\/en\\\/category\\\/serbia\\\/#listItem\",\"position\":2,\"name\":\"SERBIA\",\"item\":\"https:\\\/\\\/serbiantimes.info\\\/en\\\/category\\\/serbia\\\/\",\"nextItem\":{\"@type\":\"ListItem\",\"@id\":\"https:\\\/\\\/serbiantimes.info\\\/en\\\/eight-months-after-the-crime-indictment-confirmed-for-the-murder-of-danka-ilic-heres-what-happens-next\\\/#listItem\",\"name\":\"EIGHT MONTHS AFTER THE CRIME: Indictment confirmed for the murder of Danka Ili\\u0107, here&#8217;s what happens next!\"},\"previousItem\":{\"@type\":\"ListItem\",\"@id\":\"https:\\\/\\\/serbiantimes.info\\\/en#listItem\",\"name\":\"Home\"}},{\"@type\":\"ListItem\",\"@id\":\"https:\\\/\\\/serbiantimes.info\\\/en\\\/eight-months-after-the-crime-indictment-confirmed-for-the-murder-of-danka-ilic-heres-what-happens-next\\\/#listItem\",\"position\":3,\"name\":\"EIGHT MONTHS AFTER THE CRIME: Indictment confirmed for the murder of Danka Ili\\u0107, here&#8217;s what happens next!\",\"previousItem\":{\"@type\":\"ListItem\",\"@id\":\"https:\\\/\\\/serbiantimes.info\\\/en\\\/category\\\/serbia\\\/#listItem\",\"name\":\"SERBIA\"}}]},{\"@type\":\"Organization\",\"@id\":\"https:\\\/\\\/serbiantimes.info\\\/en\\\/#organization\",\"name\":\"Serbiantimes.info EN\",\"url\":\"https:\\\/\\\/serbiantimes.info\\\/en\\\/\",\"logo\":{\"@type\":\"ImageObject\",\"url\":\"https:\\\/\\\/serbiantimes.info\\\/en\\\/wp-content\\\/uploads\\\/sites\\\/2\\\/2024\\\/10\\\/cropped-cropped-Serbian-Times-Header-Logo-1.png\",\"@id\":\"https:\\\/\\\/serbiantimes.info\\\/en\\\/eight-months-after-the-crime-indictment-confirmed-for-the-murder-of-danka-ilic-heres-what-happens-next\\\/#organizationLogo\",\"width\":480,\"height\":100},\"image\":{\"@id\":\"https:\\\/\\\/serbiantimes.info\\\/en\\\/eight-months-after-the-crime-indictment-confirmed-for-the-murder-of-danka-ilic-heres-what-happens-next\\\/#organizationLogo\"}},{\"@type\":\"Person\",\"@id\":\"https:\\\/\\\/serbiantimes.info\\\/en\\\/author\\\/serbiantimes-portal\\\/#author\",\"url\":\"https:\\\/\\\/serbiantimes.info\\\/en\\\/author\\\/serbiantimes-portal\\\/\",\"name\":\"Serbian Times\",\"image\":{\"@type\":\"ImageObject\",\"@id\":\"https:\\\/\\\/serbiantimes.info\\\/en\\\/eight-months-after-the-crime-indictment-confirmed-for-the-murder-of-danka-ilic-heres-what-happens-next\\\/#authorImage\",\"url\":\"https:\\\/\\\/secure.gravatar.com\\\/avatar\\\/ea76e009769270b4193e2bc7e032c096b4ae135483ec03b396fd0f520bc3dcfd?s=96&d=mm&r=g\",\"width\":96,\"height\":96,\"caption\":\"Serbian Times\"}},{\"@type\":\"WebPage\",\"@id\":\"https:\\\/\\\/serbiantimes.info\\\/en\\\/eight-months-after-the-crime-indictment-confirmed-for-the-murder-of-danka-ilic-heres-what-happens-next\\\/#webpage\",\"url\":\"https:\\\/\\\/serbiantimes.info\\\/en\\\/eight-months-after-the-crime-indictment-confirmed-for-the-murder-of-danka-ilic-heres-what-happens-next\\\/\",\"name\":\"EIGHT MONTHS AFTER THE CRIME: Indictment confirmed for the murder of Danka Ili\\u0107, here\\u2019s what happens next! | Serbiantimes.info EN\",\"description\":\"The Higher Court in Zaje\\u010dar has confirmed the indictment against Dejan Dragijevi\\u0107 (50) and Sr\\u0111an Jankovi\\u0107 (50), as well as Radoslav Dragijevi\\u0107, Dejan's father! As a reminder, younger Dragijevi\\u0107 and Jankovi\\u0107 are charged with the aggravated murder of Danka Ili\\u0107 (2) which occurred on March 26th in Banjsko Polje near Bor, while older Dragijevi\\u0107 is\",\"inLanguage\":\"en-US\",\"isPartOf\":{\"@id\":\"https:\\\/\\\/serbiantimes.info\\\/en\\\/#website\"},\"breadcrumb\":{\"@id\":\"https:\\\/\\\/serbiantimes.info\\\/en\\\/eight-months-after-the-crime-indictment-confirmed-for-the-murder-of-danka-ilic-heres-what-happens-next\\\/#breadcrumblist\"},\"author\":{\"@id\":\"https:\\\/\\\/serbiantimes.info\\\/en\\\/author\\\/serbiantimes-portal\\\/#author\"},\"creator\":{\"@id\":\"https:\\\/\\\/serbiantimes.info\\\/en\\\/author\\\/serbiantimes-portal\\\/#author\"},\"image\":{\"@type\":\"ImageObject\",\"url\":\"https:\\\/\\\/serbiantimes.info\\\/en\\\/wp-content\\\/uploads\\\/sites\\\/2\\\/2024\\\/11\\\/osumnjiceni-danka-ilic.jpg\",\"@id\":\"https:\\\/\\\/serbiantimes.info\\\/en\\\/eight-months-after-the-crime-indictment-confirmed-for-the-murder-of-danka-ilic-heres-what-happens-next\\\/#mainImage\",\"width\":1200,\"height\":752},\"primaryImageOfPage\":{\"@id\":\"https:\\\/\\\/serbiantimes.info\\\/en\\\/eight-months-after-the-crime-indictment-confirmed-for-the-murder-of-danka-ilic-heres-what-happens-next\\\/#mainImage\"},\"datePublished\":\"2024-11-28T16:51:56+02:00\",\"dateModified\":\"2024-11-28T16:51:57+02:00\"},{\"@type\":\"WebSite\",\"@id\":\"https:\\\/\\\/serbiantimes.info\\\/en\\\/#website\",\"url\":\"https:\\\/\\\/serbiantimes.info\\\/en\\\/\",\"name\":\"Serbiantimes.info EN\",\"inLanguage\":\"en-US\",\"publisher\":{\"@id\":\"https:\\\/\\\/serbiantimes.info\\\/en\\\/#organization\"}}]}\n\t\t<\/script>\n\t\t<!-- All in One SEO -->\n\n","aioseo_head_json":{"title":"EIGHT MONTHS AFTER THE CRIME: Indictment confirmed for the murder of Danka Ili\u0107, here\u2019s what happens next! | Serbiantimes.info EN","description":"The Higher Court in Zaje\u010dar has confirmed the indictment against Dejan Dragijevi\u0107 (50) and Sr\u0111an Jankovi\u0107 (50), as well as Radoslav Dragijevi\u0107, Dejan's father! As a reminder, younger Dragijevi\u0107 and Jankovi\u0107 are charged with the aggravated murder of Danka Ili\u0107 (2) which occurred on March 26th in Banjsko Polje near Bor, while older Dragijevi\u0107 is","canonical_url":"https:\/\/serbiantimes.info\/en\/eight-months-after-the-crime-indictment-confirmed-for-the-murder-of-danka-ilic-heres-what-happens-next\/","robots":"max-image-preview:large","keywords":"","webmasterTools":{"miscellaneous":""},"schema":{"@context":"https:\/\/schema.org","@graph":[{"@type":"BlogPosting","@id":"https:\/\/serbiantimes.info\/en\/eight-months-after-the-crime-indictment-confirmed-for-the-murder-of-danka-ilic-heres-what-happens-next\/#blogposting","name":"EIGHT MONTHS AFTER THE CRIME: Indictment confirmed for the murder of Danka Ili\u0107, here\u2019s what happens next! | Serbiantimes.info EN","headline":"EIGHT MONTHS AFTER THE CRIME: Indictment confirmed for the murder of Danka Ili\u0107, here&#8217;s what happens next!","author":{"@id":"https:\/\/serbiantimes.info\/en\/author\/serbiantimes-portal\/#author"},"publisher":{"@id":"https:\/\/serbiantimes.info\/en\/#organization"},"image":{"@type":"ImageObject","url":"https:\/\/serbiantimes.info\/en\/wp-content\/uploads\/sites\/2\/2024\/11\/osumnjiceni-danka-ilic.jpg","width":1200,"height":752},"datePublished":"2024-11-28T16:51:56+02:00","dateModified":"2024-11-28T16:51:57+02:00","inLanguage":"en-US","mainEntityOfPage":{"@id":"https:\/\/serbiantimes.info\/en\/eight-months-after-the-crime-indictment-confirmed-for-the-murder-of-danka-ilic-heres-what-happens-next\/#webpage"},"isPartOf":{"@id":"https:\/\/serbiantimes.info\/en\/eight-months-after-the-crime-indictment-confirmed-for-the-murder-of-danka-ilic-heres-what-happens-next\/#webpage"},"articleSection":"SERBIA, danka ili\u0107, danka ili\u0107 ubistvo, Dejan Dragijevi\u0107, Missing girl, nestala devoj\u010dica, Srbija, sr\u0111an dragijevi\u0107, vi\u0161i sud, zaje\u010dar, zlo\u010din"},{"@type":"BreadcrumbList","@id":"https:\/\/serbiantimes.info\/en\/eight-months-after-the-crime-indictment-confirmed-for-the-murder-of-danka-ilic-heres-what-happens-next\/#breadcrumblist","itemListElement":[{"@type":"ListItem","@id":"https:\/\/serbiantimes.info\/en#listItem","position":1,"name":"Home","item":"https:\/\/serbiantimes.info\/en","nextItem":{"@type":"ListItem","@id":"https:\/\/serbiantimes.info\/en\/category\/serbia\/#listItem","name":"SERBIA"}},{"@type":"ListItem","@id":"https:\/\/serbiantimes.info\/en\/category\/serbia\/#listItem","position":2,"name":"SERBIA","item":"https:\/\/serbiantimes.info\/en\/category\/serbia\/","nextItem":{"@type":"ListItem","@id":"https:\/\/serbiantimes.info\/en\/eight-months-after-the-crime-indictment-confirmed-for-the-murder-of-danka-ilic-heres-what-happens-next\/#listItem","name":"EIGHT MONTHS AFTER THE CRIME: Indictment confirmed for the murder of Danka Ili\u0107, here&#8217;s what happens next!"},"previousItem":{"@type":"ListItem","@id":"https:\/\/serbiantimes.info\/en#listItem","name":"Home"}},{"@type":"ListItem","@id":"https:\/\/serbiantimes.info\/en\/eight-months-after-the-crime-indictment-confirmed-for-the-murder-of-danka-ilic-heres-what-happens-next\/#listItem","position":3,"name":"EIGHT MONTHS AFTER THE CRIME: Indictment confirmed for the murder of Danka Ili\u0107, here&#8217;s what happens next!","previousItem":{"@type":"ListItem","@id":"https:\/\/serbiantimes.info\/en\/category\/serbia\/#listItem","name":"SERBIA"}}]},{"@type":"Organization","@id":"https:\/\/serbiantimes.info\/en\/#organization","name":"Serbiantimes.info EN","url":"https:\/\/serbiantimes.info\/en\/","logo":{"@type":"ImageObject","url":"https:\/\/serbiantimes.info\/en\/wp-content\/uploads\/sites\/2\/2024\/10\/cropped-cropped-Serbian-Times-Header-Logo-1.png","@id":"https:\/\/serbiantimes.info\/en\/eight-months-after-the-crime-indictment-confirmed-for-the-murder-of-danka-ilic-heres-what-happens-next\/#organizationLogo","width":480,"height":100},"image":{"@id":"https:\/\/serbiantimes.info\/en\/eight-months-after-the-crime-indictment-confirmed-for-the-murder-of-danka-ilic-heres-what-happens-next\/#organizationLogo"}},{"@type":"Person","@id":"https:\/\/serbiantimes.info\/en\/author\/serbiantimes-portal\/#author","url":"https:\/\/serbiantimes.info\/en\/author\/serbiantimes-portal\/","name":"Serbian Times","image":{"@type":"ImageObject","@id":"https:\/\/serbiantimes.info\/en\/eight-months-after-the-crime-indictment-confirmed-for-the-murder-of-danka-ilic-heres-what-happens-next\/#authorImage","url":"https:\/\/secure.gravatar.com\/avatar\/ea76e009769270b4193e2bc7e032c096b4ae135483ec03b396fd0f520bc3dcfd?s=96&d=mm&r=g","width":96,"height":96,"caption":"Serbian Times"}},{"@type":"WebPage","@id":"https:\/\/serbiantimes.info\/en\/eight-months-after-the-crime-indictment-confirmed-for-the-murder-of-danka-ilic-heres-what-happens-next\/#webpage","url":"https:\/\/serbiantimes.info\/en\/eight-months-after-the-crime-indictment-confirmed-for-the-murder-of-danka-ilic-heres-what-happens-next\/","name":"EIGHT MONTHS AFTER THE CRIME: Indictment confirmed for the murder of Danka Ili\u0107, here\u2019s what happens next! | Serbiantimes.info EN","description":"The Higher Court in Zaje\u010dar has confirmed the indictment against Dejan Dragijevi\u0107 (50) and Sr\u0111an Jankovi\u0107 (50), as well as Radoslav Dragijevi\u0107, Dejan's father! As a reminder, younger Dragijevi\u0107 and Jankovi\u0107 are charged with the aggravated murder of Danka Ili\u0107 (2) which occurred on March 26th in Banjsko Polje near Bor, while older Dragijevi\u0107 is","inLanguage":"en-US","isPartOf":{"@id":"https:\/\/serbiantimes.info\/en\/#website"},"breadcrumb":{"@id":"https:\/\/serbiantimes.info\/en\/eight-months-after-the-crime-indictment-confirmed-for-the-murder-of-danka-ilic-heres-what-happens-next\/#breadcrumblist"},"author":{"@id":"https:\/\/serbiantimes.info\/en\/author\/serbiantimes-portal\/#author"},"creator":{"@id":"https:\/\/serbiantimes.info\/en\/author\/serbiantimes-portal\/#author"},"image":{"@type":"ImageObject","url":"https:\/\/serbiantimes.info\/en\/wp-content\/uploads\/sites\/2\/2024\/11\/osumnjiceni-danka-ilic.jpg","@id":"https:\/\/serbiantimes.info\/en\/eight-months-after-the-crime-indictment-confirmed-for-the-murder-of-danka-ilic-heres-what-happens-next\/#mainImage","width":1200,"height":752},"primaryImageOfPage":{"@id":"https:\/\/serbiantimes.info\/en\/eight-months-after-the-crime-indictment-confirmed-for-the-murder-of-danka-ilic-heres-what-happens-next\/#mainImage"},"datePublished":"2024-11-28T16:51:56+02:00","dateModified":"2024-11-28T16:51:57+02:00"},{"@type":"WebSite","@id":"https:\/\/serbiantimes.info\/en\/#website","url":"https:\/\/serbiantimes.info\/en\/","name":"Serbiantimes.info EN","inLanguage":"en-US","publisher":{"@id":"https:\/\/serbiantimes.info\/en\/#organization"}}]},"og:locale":"en_US","og:site_name":"Serbiantimes.info EN |","og:type":"article","og:title":"EIGHT MONTHS AFTER THE CRIME: Indictment confirmed for the murder of Danka Ili\u0107, here\u2019s what happens next! | Serbiantimes.info EN","og:description":"The Higher Court in Zaje\u010dar has confirmed the indictment against Dejan Dragijevi\u0107 (50) and Sr\u0111an Jankovi\u0107 (50), as well as Radoslav Dragijevi\u0107, Dejan's father! As a reminder, younger Dragijevi\u0107 and Jankovi\u0107 are charged with the aggravated murder of Danka Ili\u0107 (2) which occurred on March 26th in Banjsko Polje near Bor, while older Dragijevi\u0107 is","og:url":"https:\/\/serbiantimes.info\/en\/eight-months-after-the-crime-indictment-confirmed-for-the-murder-of-danka-ilic-heres-what-happens-next\/","og:image":"https:\/\/serbiantimes.info\/en\/wp-content\/uploads\/sites\/2\/2024\/11\/osumnjiceni-danka-ilic.jpg","og:image:secure_url":"https:\/\/serbiantimes.info\/en\/wp-content\/uploads\/sites\/2\/2024\/11\/osumnjiceni-danka-ilic.jpg","og:image:width":1200,"og:image:height":752,"article:published_time":"2024-11-28T14:51:56+00:00","article:modified_time":"2024-11-28T14:51:57+00:00","twitter:card":"summary_large_image","twitter:title":"EIGHT MONTHS AFTER THE CRIME: Indictment confirmed for the murder of Danka Ili\u0107, here\u2019s what happens next! | Serbiantimes.info EN","twitter:description":"The Higher Court in Zaje\u010dar has confirmed the indictment against Dejan Dragijevi\u0107 (50) and Sr\u0111an Jankovi\u0107 (50), as well as Radoslav Dragijevi\u0107, Dejan's father! As a reminder, younger Dragijevi\u0107 and Jankovi\u0107 are charged with the aggravated murder of Danka Ili\u0107 (2) which occurred on March 26th in Banjsko Polje near Bor, while older Dragijevi\u0107 is","twitter:image":"https:\/\/serbiantimes.info\/en\/wp-content\/uploads\/sites\/2\/2024\/11\/osumnjiceni-danka-ilic.jpg"},"aioseo_meta_data":{"post_id":"157052","title":null,"description":null,"keywords":null,"keyphrases":{"focus":{"keyphrase":"","score":0,"analysis":{"keyphraseInTitle":{"score":0,"maxScore":9,"error":1}}},"additional":[]},"primary_term":null,"canonical_url":null,"og_title":null,"og_description":null,"og_object_type":"default","og_image_type":"default","og_image_url":null,"og_image_width":null,"og_image_height":null,"og_image_custom_url":null,"og_image_custom_fields":null,"og_video":"","og_custom_url":null,"og_article_section":null,"og_article_tags":null,"twitter_use_og":false,"twitter_card":"default","twitter_image_type":"default","twitter_image_url":null,"twitter_image_custom_url":null,"twitter_image_custom_fields":null,"twitter_title":null,"twitter_description":null,"schema":{"blockGraphs":[],"customGraphs":[],"default":{"data":{"Article":[],"Course":[],"Dataset":[],"FAQPage":[],"Movie":[],"Person":[],"Product":[],"ProductReview":[],"Car":[],"Recipe":[],"Service":[],"SoftwareApplication":[],"WebPage":[]},"graphName":"BlogPosting","isEnabled":true},"graphs":[]},"schema_type":"default","schema_type_options":null,"pillar_content":false,"robots_default":true,"robots_noindex":false,"robots_noarchive":false,"robots_nosnippet":false,"robots_nofollow":false,"robots_noimageindex":false,"robots_noodp":false,"robots_notranslate":false,"robots_max_snippet":"-1","robots_max_videopreview":"-1","robots_max_imagepreview":"large","priority":null,"frequency":"default","local_seo":null,"breadcrumb_settings":null,"limit_modified_date":false,"ai":null,"created":"2024-11-28 14:51:57","updated":"2025-06-26 15:49:59","focus_keyword":null,"additional_keywords":null,"truseo_locale":null,"seo_analyzer_scan_date":null},"aioseo_breadcrumb":"<div class=\"aioseo-breadcrumbs\"><span class=\"aioseo-breadcrumb\">\n\t\t\t<a href=\"https:\/\/serbiantimes.info\/en\" title=\"Home\">Home<\/a>\n\t\t<\/span><span class=\"aioseo-breadcrumb-separator\">&raquo;<\/span><span class=\"aioseo-breadcrumb\">\n\t\t\t<a href=\"https:\/\/serbiantimes.info\/en\/category\/serbia\/\" title=\"SERBIA\">SERBIA<\/a>\n\t\t<\/span><span class=\"aioseo-breadcrumb-separator\">&raquo;<\/span><span class=\"aioseo-breadcrumb\">\n\t\t\tEIGHT MONTHS AFTER THE CRIME: Indictment confirmed for the murder of Danka Ili\u0107, here\u2019s what happens next!\n\t\t<\/span><\/div>","aioseo_breadcrumb_json":[{"label":"Home","link":"https:\/\/serbiantimes.info\/en"},{"label":"SERBIA","link":"https:\/\/serbiantimes.info\/en\/category\/serbia\/"},{"label":"EIGHT MONTHS AFTER THE CRIME: Indictment confirmed for the murder of Danka Ili\u0107, here&#8217;s what happens next!","link":"https:\/\/serbiantimes.info\/en\/eight-months-after-the-crime-indictment-confirmed-for-the-murder-of-danka-ilic-heres-what-happens-next\/"}],"distributor_meta":false,"distributor_terms":false,"distributor_media":false,"distributor_original_site_name":"Serbiantimes.info EN","distributor_original_site_url":"https:\/\/serbiantimes.info\/en","push-errors":false,"_links":{"self":[{"href":"https:\/\/serbiantimes.info\/en\/wp-json\/wp\/v2\/posts\/157052","targetHints":{"allow":["GET"]}}],"collection":[{"href":"https:\/\/serbiantimes.info\/en\/wp-json\/wp\/v2\/posts"}],"about":[{"href":"https:\/\/serbiantimes.info\/en\/wp-json\/wp\/v2\/types\/post"}],"author":[{"embeddable":true,"href":"https:\/\/serbiantimes.info\/en\/wp-json\/wp\/v2\/users\/2169"}],"replies":[{"embeddable":true,"href":"https:\/\/serbiantimes.info\/en\/wp-json\/wp\/v2\/comments?post=157052"}],"version-history":[{"count":1,"href":"https:\/\/serbiantimes.info\/en\/wp-json\/wp\/v2\/posts\/157052\/revisions"}],"predecessor-version":[{"id":157079,"href":"https:\/\/serbiantimes.info\/en\/wp-json\/wp\/v2\/posts\/157052\/revisions\/157079"}],"wp:featuredmedia":[{"embeddable":true,"href":"https:\/\/serbiantimes.info\/en\/wp-json\/wp\/v2\/media\/157053"}],"wp:attachment":[{"href":"https:\/\/serbiantimes.info\/en\/wp-json\/wp\/v2\/media?parent=157052"}],"wp:term":[{"taxonomy":"category","embeddable":true,"href":"https:\/\/serbiantimes.info\/en\/wp-json\/wp\/v2\/categories?post=157052"},{"taxonomy":"post_tag","embeddable":true,"href":"https:\/\/serbiantimes.info\/en\/wp-json\/wp\/v2\/tags?post=157052"}],"curies":[{"name":"wp","href":"https:\/\/api.w.org\/{rel}","templated":true}]}}