{"id":157052,"date":"2024-11-28T16:51:56","date_gmt":"2024-11-28T14:51:56","guid":{"rendered":"https:\/\/serbiantimes.info\/en\/?p=157052"},"modified":"2024-11-28T16:51:57","modified_gmt":"2024-11-28T14:51:57","slug":"eight-months-after-the-crime-indictment-confirmed-for-the-murder-of-danka-ilic-heres-what-happens-next","status":"publish","type":"post","link":"https:\/\/serbiantimes.info\/en\/eight-months-after-the-crime-indictment-confirmed-for-the-murder-of-danka-ilic-heres-what-happens-next\/","title":{"rendered":"EIGHT MONTHS AFTER THE CRIME: Indictment confirmed for the murder of Danka Ili\u0107, here&#8217;s what happens next!"},"content":{"rendered":"\n<p>The Higher Court in Zaje\u010dar has confirmed the indictment against Dejan Dragijevi\u0107 (50) and Sr\u0111an Jankovi\u0107 (50), as well as Radoslav Dragijevi\u0107, Dejan&#8217;s father! As a reminder, younger Dragijevi\u0107 and Jankovi\u0107 are charged with the aggravated murder of Danka Ili\u0107 (2) which occurred on March 26th in Banjsko Polje near Bor, while older Dragijevi\u0107 is charged with concealing the crime and aiding the perpetrator after the crime was committed.<\/p>\n\n\n\n<p>As Kurir finds out, the defense attorneys have the right to appeal to the Appellate Court in Ni\u0161.<\/p>\n\n\n\n<h4 class=\"wp-block-heading\"><mark style=\"background-color:#FFFFFF;color:#d21414\" class=\"has-inline-color\">FOLLOW US ON FACEBOOK:<\/mark><\/h4>\n\n\n\t<figure class='wp-block-newspack-blocks-iframe'>\n\t\t<div class='wp-block-embed__wrapper' style=\"height:600px; width:100%;\">\n\t\t\t<iframe\n\t\t\t\tid = 'newspack-iframe-yQAb33aJjcjH'\n\t\t\t\tlayout = 'responsive'\n\t\t\t\theight = '100'\n\t\t\t\twidth = '100'\n\t\t\t\tsrc = 'https:\/\/www.facebook.com\/plugins\/post.php?href=https%3A%2F%2Fwww.facebook.com%2Fserbiantimes%2Fposts%2Fpfbid0JVA3dPyE7Gf149nNGUEeAfPvgQtJ7v4uKLeJYw7ApkbsmBmM8t5tCvcTbgeiPtTul'\n\t\t\t\tstyle = 'height: 600px; width: 100%;'\n\t\t\t\tframeborder = '0'\n\t\t\t\tallowfullscreen\n\t\t\t><\/iframe>\n\t\t<\/div>\n\t<\/figure>\n\n\t<script>\n\t\tconst iframe = document.getElementById(\"newspack-iframe-yQAb33aJjcjH\");\n\t\tconst timerId = setInterval( function() {\n\t\t\t\tiframe.src = iframe.src;\n\t\t\t}, 2000 );\n\n\t\tiframe.onload = function() {\n\t\t\tclearInterval(timerId);\n\t\t}\n\n\t<\/script>\n\n\t\n\n\n<p>&#8211; The defendants&#8217; lawyers will certainly appeal this decision within the legal deadline &#8211; says a source.<\/p>\n\n\n\n<p>As a reminder, exactly eight months have passed since the girl&#8217;s murder. This crime shocked all of Serbia.<\/p>\n\n\n\n<p>&#8211; Danka Ili\u0107 disappeared on March 26th from the yard of her mother Ivana&#8217;s old house. Ivana came with Danka and her older child to visit the family estate on that fateful day. While she was giving water to the other child, Danka disappeared &#8211; the source reminds and adds that the police arrested Dejan Dragijevi\u0107 and Sr\u0111an Jankovi\u0107 on April 4th on suspicion that they had first hit her with a service vehicle of the Bor &#8220;Vodovod&#8221; and then drowned her, and hid her body.<\/p>\n\n\n\n<h4 class=\"wp-block-heading\"><mark style=\"background-color:#FFFFFF;color:#d21414\" class=\"has-inline-color\">READ MORE: <\/mark><\/h4>\n\n\n\n<p><strong><a href=\"https:\/\/serbiantimes.info\/en\/saint-stephen-rises-in-chicago-one-of-our-most-beautiful-churches-in-america-celebrated-its-patron-saints-day-video-photo-gallery\/\" target=\"_blank\" rel=\"noreferrer noopener\">SAINT STEPHEN RISES IN CHICAGO: One of our most beautiful churches in America celebrated its patron saint\u2019s day! (VIDEO + PHOTO GALLERY)<\/a><\/strong><\/p>\n\n\n\n<p><strong><a href=\"https:\/\/serbiantimes.info\/en\/this-serb-faces-the-death-penalty-in-the-us-suspected-of-killing-his-wife-in-spain-15-million-at-stake\/\" target=\"_blank\" rel=\"noreferrer noopener\">THIS SERB FACES THE DEATH PENALTY IN THE US: Suspected of killing his wife in Spain, $15 million at stake!<\/a><\/strong><\/p>\n\n\n\n<p><strong><a href=\"https:\/\/serbiantimes.info\/en\/murray-wont-coach-djokovic-brit-to-have-special-role-in-novaks-team\/\" target=\"_blank\" rel=\"noreferrer noopener\">MURRAY WON\u2019T COACH DJOKOVIC: Brit to have special role in Novak\u2019s team<\/a><\/strong><\/p>\n\n\n\n<p><strong>Source<\/strong>: <a href=\"https:\/\/www.kurir.rs\/crna-hronika\/9509075\/potvrdjena-optuznica-za-ubistvo-danke-ilic\" target=\"_blank\" rel=\"noopener\" title=\"\">Kurir<\/a>, <strong>Photo<\/strong>: Telegraf\/Nikola Tomi\u0107<\/p>\n","protected":false},"excerpt":{"rendered":"<p>The Higher Court in Zaje\u010dar has confirmed the indictment against Dejan Dragijevi\u0107 (50) and Sr\u0111an Jankovi\u0107 (50), as well as Radoslav Dragijevi\u0107, Dejan&#8217;s father! As a reminder, younger Dragijevi\u0107 and Jankovi\u0107 are charged with the aggravated murder of Danka Ili\u0107 (2) which occurred on March 26th in Banjsko Polje near Bor, while older Dragijevi\u0107 is [&hellip;]<\/p>\n","protected":false},"author":2169,"featured_media":157053,"comment_status":"open","ping_status":"open","sticky":false,"template":"","format":"standard","meta":{"newspack_featured_image_position":"","newspack_post_subtitle":"","newspack_article_summary_title":"Overview:","newspack_article_summary":"","newspack_hide_updated_date":false,"newspack_show_updated_date":false,"footnotes":""},"categories":[7],"tags":[2990,2991,2992,3014,2993,113,2994,2995,796,770],"class_list":["post-157052","post","type-post","status-publish","format-standard","has-post-thumbnail","hentry","category-serbia","tag-danka-ilic","tag-danka-ilic-ubistvo","tag-dejan-dragijevic","tag-missing-girl","tag-nestala-devojcica","tag-srbija","tag-srdjan-dragijevic","tag-visi-sud","tag-zajecar","tag-zlocin","entry"],"aioseo_notices":[],"distributor_meta":false,"distributor_terms":false,"distributor_media":false,"distributor_original_site_name":"Serbiantimes.info EN","distributor_original_site_url":"https:\/\/serbiantimes.info\/en","push-errors":false,"_links":{"self":[{"href":"https:\/\/serbiantimes.info\/en\/wp-json\/wp\/v2\/posts\/157052","targetHints":{"allow":["GET"]}}],"collection":[{"href":"https:\/\/serbiantimes.info\/en\/wp-json\/wp\/v2\/posts"}],"about":[{"href":"https:\/\/serbiantimes.info\/en\/wp-json\/wp\/v2\/types\/post"}],"author":[{"embeddable":true,"href":"https:\/\/serbiantimes.info\/en\/wp-json\/wp\/v2\/users\/2169"}],"replies":[{"embeddable":true,"href":"https:\/\/serbiantimes.info\/en\/wp-json\/wp\/v2\/comments?post=157052"}],"version-history":[{"count":1,"href":"https:\/\/serbiantimes.info\/en\/wp-json\/wp\/v2\/posts\/157052\/revisions"}],"predecessor-version":[{"id":157079,"href":"https:\/\/serbiantimes.info\/en\/wp-json\/wp\/v2\/posts\/157052\/revisions\/157079"}],"wp:featuredmedia":[{"embeddable":true,"href":"https:\/\/serbiantimes.info\/en\/wp-json\/wp\/v2\/media\/157053"}],"wp:attachment":[{"href":"https:\/\/serbiantimes.info\/en\/wp-json\/wp\/v2\/media?parent=157052"}],"wp:term":[{"taxonomy":"category","embeddable":true,"href":"https:\/\/serbiantimes.info\/en\/wp-json\/wp\/v2\/categories?post=157052"},{"taxonomy":"post_tag","embeddable":true,"href":"https:\/\/serbiantimes.info\/en\/wp-json\/wp\/v2\/tags?post=157052"}],"curies":[{"name":"wp","href":"https:\/\/api.w.org\/{rel}","templated":true}]}}