{"id":156691,"date":"2024-11-20T17:33:50","date_gmt":"2024-11-20T15:33:50","guid":{"rendered":"https:\/\/serbiantimes.info\/en\/?p=156691"},"modified":"2024-11-20T22:08:37","modified_gmt":"2024-11-20T20:08:37","slug":"one-player-is-out-this-is-pesic-final-roster-for-the-match-against-denmark","status":"publish","type":"post","link":"https:\/\/serbiantimes.info\/en\/one-player-is-out-this-is-pesic-final-roster-for-the-match-against-denmark\/","title":{"rendered":"ONE PLAYER IS OUT: This is Pe\u0161i\u0107&#8217;s final roster for the match against Denmark!"},"content":{"rendered":"\n<p class=\"wp-block-paragraph\">The Serbian basketball team has traveled to Copenhagen where they will play against Denmark on Thursday at 6 PM in a live broadcast on Sport Club, as part of the 2025 European Championship qualifiers.<\/p>\n\n\n\n<p class=\"wp-block-paragraph\">Serbia&#8217;s coach, Svetislav Pe\u0161i\u0107, has taken 14 players he will rely on for this match.<\/p>\n\n\n\n<p class=\"wp-block-paragraph\">Those who traveled to Copenhagen include: Aleksa Avramovi\u0107, Du\u0161an Risti\u0107, Stefan Jovi\u0107, Du\u0161an Besla\u0107, Bori\u0161a Simani\u0107, Stefan Lazarevi\u0107, Nikola \u0160aranovi\u0107, Mihailo Petrovi\u0107, Bogoljub Markovi\u0107, Ognjen Dobri\u0107, Dejan Davidovac, Bal\u0161a Koprivica, Du\u0161an Mileti\u0107, and Aleksa Radanov.<\/p>\n\n\n\n<h4 class=\"wp-block-heading\"><mark style=\"background-color:#FFFFFF;color:#d21414\" class=\"has-inline-color\">FOLLOW US ON FACEBOOK:<\/mark><\/h4>\n\n\n\t<figure class='wp-block-newspack-blocks-iframe'>\n\t\t<div class='wp-block-embed__wrapper' style=\"height:600px; width:100%;\">\n\t\t\t<iframe\n\t\t\t\tid = 'newspack-iframe-DdX1yqVX1Wvn'\n\t\t\t\tlayout = 'responsive'\n\t\t\t\theight = '100'\n\t\t\t\twidth = '100'\n\t\t\t\tsrc = 'https:\/\/www.facebook.com\/plugins\/post.php?href=https%3A%2F%2Fwww.facebook.com%2Fserbiantimes%2Fposts%2Fpfbid0Jt5xENRnq2QW5uuVahVbtz1ZHkHdQ64k6en7cuqxDBzXK6GoFJAzKYnzUNqUcnUyl'\n\t\t\t\tstyle = 'height: 600px; width: 100%;'\n\t\t\t\tframeborder = '0'\n\t\t\t\tallowfullscreen\n\t\t\t><\/iframe>\n\t\t<\/div>\n\t<\/figure>\n\n\t<script>\n\t\tconst iframe = document.getElementById(\"newspack-iframe-DdX1yqVX1Wvn\");\n\t\tconst timerId = setInterval( function() {\n\t\t\t\tiframe.src = iframe.src;\n\t\t\t}, 2000 );\n\n\t\tiframe.onload = function() {\n\t\t\tclearInterval(timerId);\n\t\t}\n\n\t<\/script>\n\n\t\n\n\n<p class=\"wp-block-paragraph\">Danilo An\u0111u\u0161i\u0107, who sprained his ankle, did not make the team.<\/p>\n\n\n\n<p class=\"wp-block-paragraph\">Serbia and Denmark will meet again on November 24th in Belgrade at 8 PM. Serbia has recorded two victories so far, while Denmark has a 50% win rate in the first two rounds.<\/p>\n\n\n\n<h4 class=\"wp-block-heading\"><mark style=\"background-color:#FFFFFF;color:#d21414\" class=\"has-inline-color\">READ MORE:<\/mark><\/h4>\n\n\n\n<p class=\"wp-block-paragraph\"><a href=\"https:\/\/serbiantimes.info\/en\/justice-will-be-served-uefa-to-punish-so-called-kosovo-players-for-abandoning-the-pitch\/\" target=\"_blank\" rel=\"noreferrer noopener\"><strong>JUSTICE WILL BE SERVED: UEFA to punish so-called Kosovo players for abandoning the pitch!<\/strong><\/a><\/p>\n\n\n\n<p class=\"wp-block-paragraph\"><strong><a href=\"https:\/\/serbiantimes.info\/en\/days-of-mourning-in-paracin-the-city-is-in-mourning-after-the-death-of-anja-the-15th-victim-of-the-novi-sad-tragedy\/\" target=\"_blank\" rel=\"noreferrer noopener\">DAYS OF MOURNING IN PARA\u0106IN: The city is in mourning after the death of Anja, the 15th victim of the Novi Sad tragedy!<\/a><\/strong><\/p>\n\n\n\n<p class=\"wp-block-paragraph\"><strong><a href=\"https:\/\/serbiantimes.info\/en\/prestigious-international-festival-held-serbian-consulate-in-new-york-showcases-serbian-cultural-heritage-music-and-cuisine\/\" target=\"_blank\" rel=\"noreferrer noopener\">PRESTIGIOUS INTERNATIONAL FESTIVAL HELD: Serbian Consulate in New York showcases Serbian cultural heritage, music and cuisine!<\/a><\/strong><\/p>\n\n\n\n<p class=\"wp-block-paragraph\">Source: <a href=\"https:\/\/sportklub.n1info.rs\/kosarka\/eurobasket\/pesic-izabrao-14-igraca-za-dansku\/\" target=\"_blank\" rel=\"noopener\" title=\"\">Sport Klub<\/a>, Photo: Dado \u0110ilas<\/p>\n","protected":false},"excerpt":{"rendered":"<p>The Serbian basketball team has traveled to Copenhagen where they will play against Denmark on Thursday at 6 PM in a live broadcast on Sport Club, as part of the 2025 European Championship qualifiers. Serbia&#8217;s coach, Svetislav Pe\u0161i\u0107, has taken 14 players he will rely on for this match. Those who traveled to Copenhagen include: [&hellip;]<\/p>\n","protected":false},"author":2169,"featured_media":156692,"comment_status":"open","ping_status":"open","sticky":false,"template":"","format":"standard","meta":{"newspack_featured_image_position":"","newspack_post_subtitle":"","newspack_article_summary_title":"Overview:","newspack_article_summary":"","newspack_hide_updated_date":false,"newspack_show_updated_date":false,"footnotes":""},"categories":[10],"tags":[2700,2391,2758,1518,2759,977,91,1305],"class_list":["post-156691","post","type-post","status-publish","format-standard","has-post-thumbnail","hentry","category-sport","tag-danska","tag-evropsko-prvenstvo","tag-evropsko-prvenstvo-2025","tag-kosarkaska-reprezentacija-srbije","tag-kvalifikacije","tag-orlovi","tag-sport","tag-svetislav-pesic","entry"],"aioseo_notices":[],"aioseo_head":"\n\t\t<!-- All in One SEO 5.0.1.1 - aioseo.com -->\n\t<meta name=\"description\" content=\"The Serbian basketball team has traveled to Copenhagen where they will play against Denmark on Thursday at 6 PM in a live broadcast on Sport Club, as part of the 2025 European Championship qualifiers. Serbia&#039;s coach, Svetislav Pe\u0161i\u0107, has taken 14 players he will rely on for this match. Those who traveled to Copenhagen include:\" \/>\n\t<meta name=\"robots\" content=\"max-image-preview:large\" \/>\n\t<meta name=\"author\" content=\"Serbian Times\"\/>\n\t<link rel=\"canonical\" href=\"https:\/\/serbiantimes.info\/en\/one-player-is-out-this-is-pesic-final-roster-for-the-match-against-denmark\/\" \/>\n\t<meta name=\"generator\" content=\"All in One SEO (AIOSEO) 5.0.1.1\" \/>\n\t\t<meta property=\"og:locale\" content=\"en_US\" \/>\n\t\t<meta property=\"og:site_name\" content=\"Serbiantimes.info EN |\" \/>\n\t\t<meta property=\"og:type\" content=\"article\" \/>\n\t\t<meta property=\"og:title\" content=\"ONE PLAYER IS OUT: This is Pe\u0161i\u0107\u2019s final roster for the match against Denmark! | Serbiantimes.info EN\" \/>\n\t\t<meta property=\"og:description\" content=\"The Serbian basketball team has traveled to Copenhagen where they will play against Denmark on Thursday at 6 PM in a live broadcast on Sport Club, as part of the 2025 European Championship qualifiers. Serbia&#039;s coach, Svetislav Pe\u0161i\u0107, has taken 14 players he will rely on for this match. Those who traveled to Copenhagen include:\" \/>\n\t\t<meta property=\"og:url\" content=\"https:\/\/serbiantimes.info\/en\/one-player-is-out-this-is-pesic-final-roster-for-the-match-against-denmark\/\" \/>\n\t\t<meta property=\"og:image\" content=\"https:\/\/serbiantimes.info\/en\/wp-content\/uploads\/sites\/2\/2024\/11\/image-1200x750-1-3.png\" \/>\n\t\t<meta property=\"og:image:secure_url\" content=\"https:\/\/serbiantimes.info\/en\/wp-content\/uploads\/sites\/2\/2024\/11\/image-1200x750-1-3.png\" \/>\n\t\t<meta property=\"og:image:width\" content=\"1200\" \/>\n\t\t<meta property=\"og:image:height\" content=\"750\" \/>\n\t\t<meta property=\"article:published_time\" content=\"2024-11-20T15:33:50+00:00\" \/>\n\t\t<meta property=\"article:modified_time\" content=\"2024-11-20T20:08:37+00:00\" \/>\n\t\t<meta name=\"twitter:card\" content=\"summary_large_image\" \/>\n\t\t<meta name=\"twitter:title\" content=\"ONE PLAYER IS OUT: This is Pe\u0161i\u0107\u2019s final roster for the match against Denmark! | Serbiantimes.info EN\" \/>\n\t\t<meta name=\"twitter:description\" content=\"The Serbian basketball team has traveled to Copenhagen where they will play against Denmark on Thursday at 6 PM in a live broadcast on Sport Club, as part of the 2025 European Championship qualifiers. Serbia&#039;s coach, Svetislav Pe\u0161i\u0107, has taken 14 players he will rely on for this match. Those who traveled to Copenhagen include:\" \/>\n\t\t<meta name=\"twitter:image\" content=\"https:\/\/serbiantimes.info\/en\/wp-content\/uploads\/sites\/2\/2024\/11\/image-1200x750-1-3.png\" \/>\n\t\t<script type=\"application\/ld+json\" class=\"aioseo-schema\">\n\t\t\t{\"@context\":\"https:\\\/\\\/schema.org\",\"@graph\":[{\"@type\":\"BlogPosting\",\"@id\":\"https:\\\/\\\/serbiantimes.info\\\/en\\\/one-player-is-out-this-is-pesic-final-roster-for-the-match-against-denmark\\\/#blogposting\",\"name\":\"ONE PLAYER IS OUT: This is Pe\\u0161i\\u0107\\u2019s final roster for the match against Denmark! | Serbiantimes.info EN\",\"headline\":\"ONE PLAYER IS OUT: This is Pe\\u0161i\\u0107&#8217;s final roster for the match against Denmark!\",\"author\":{\"@id\":\"https:\\\/\\\/serbiantimes.info\\\/en\\\/author\\\/serbiantimes-portal\\\/#author\"},\"publisher\":{\"@id\":\"https:\\\/\\\/serbiantimes.info\\\/en\\\/#organization\"},\"image\":{\"@type\":\"ImageObject\",\"url\":\"https:\\\/\\\/serbiantimes.info\\\/en\\\/wp-content\\\/uploads\\\/sites\\\/2\\\/2024\\\/11\\\/image-1200x750-1-3.png\",\"width\":1200,\"height\":750},\"datePublished\":\"2024-11-20T17:33:50+02:00\",\"dateModified\":\"2024-11-20T22:08:37+02:00\",\"inLanguage\":\"en-US\",\"mainEntityOfPage\":{\"@id\":\"https:\\\/\\\/serbiantimes.info\\\/en\\\/one-player-is-out-this-is-pesic-final-roster-for-the-match-against-denmark\\\/#webpage\"},\"isPartOf\":{\"@id\":\"https:\\\/\\\/serbiantimes.info\\\/en\\\/one-player-is-out-this-is-pesic-final-roster-for-the-match-against-denmark\\\/#webpage\"},\"articleSection\":\"SPORT, Danska, Evropsko prvenstvo, evropsko prvenstvo 2025, ko\\u0161arka\\u0161ka reprezentacija Srbije, kvalifikacije, Orlovi, sport, Svetislav Pe\\u0161i\\u0107\"},{\"@type\":\"BreadcrumbList\",\"@id\":\"https:\\\/\\\/serbiantimes.info\\\/en\\\/one-player-is-out-this-is-pesic-final-roster-for-the-match-against-denmark\\\/#breadcrumblist\",\"itemListElement\":[{\"@type\":\"ListItem\",\"@id\":\"https:\\\/\\\/serbiantimes.info\\\/en#listItem\",\"position\":1,\"name\":\"Home\",\"item\":\"https:\\\/\\\/serbiantimes.info\\\/en\",\"nextItem\":{\"@type\":\"ListItem\",\"@id\":\"https:\\\/\\\/serbiantimes.info\\\/en\\\/category\\\/sport\\\/#listItem\",\"name\":\"SPORT\"}},{\"@type\":\"ListItem\",\"@id\":\"https:\\\/\\\/serbiantimes.info\\\/en\\\/category\\\/sport\\\/#listItem\",\"position\":2,\"name\":\"SPORT\",\"item\":\"https:\\\/\\\/serbiantimes.info\\\/en\\\/category\\\/sport\\\/\",\"nextItem\":{\"@type\":\"ListItem\",\"@id\":\"https:\\\/\\\/serbiantimes.info\\\/en\\\/one-player-is-out-this-is-pesic-final-roster-for-the-match-against-denmark\\\/#listItem\",\"name\":\"ONE PLAYER IS OUT: This is Pe\\u0161i\\u0107&#8217;s final roster for the match against Denmark!\"},\"previousItem\":{\"@type\":\"ListItem\",\"@id\":\"https:\\\/\\\/serbiantimes.info\\\/en#listItem\",\"name\":\"Home\"}},{\"@type\":\"ListItem\",\"@id\":\"https:\\\/\\\/serbiantimes.info\\\/en\\\/one-player-is-out-this-is-pesic-final-roster-for-the-match-against-denmark\\\/#listItem\",\"position\":3,\"name\":\"ONE PLAYER IS OUT: This is Pe\\u0161i\\u0107&#8217;s final roster for the match against Denmark!\",\"previousItem\":{\"@type\":\"ListItem\",\"@id\":\"https:\\\/\\\/serbiantimes.info\\\/en\\\/category\\\/sport\\\/#listItem\",\"name\":\"SPORT\"}}]},{\"@type\":\"Organization\",\"@id\":\"https:\\\/\\\/serbiantimes.info\\\/en\\\/#organization\",\"name\":\"Serbiantimes.info EN\",\"url\":\"https:\\\/\\\/serbiantimes.info\\\/en\\\/\",\"logo\":{\"@type\":\"ImageObject\",\"url\":\"https:\\\/\\\/serbiantimes.info\\\/en\\\/wp-content\\\/uploads\\\/sites\\\/2\\\/2024\\\/10\\\/cropped-cropped-Serbian-Times-Header-Logo-1.png\",\"@id\":\"https:\\\/\\\/serbiantimes.info\\\/en\\\/one-player-is-out-this-is-pesic-final-roster-for-the-match-against-denmark\\\/#organizationLogo\",\"width\":480,\"height\":100},\"image\":{\"@id\":\"https:\\\/\\\/serbiantimes.info\\\/en\\\/one-player-is-out-this-is-pesic-final-roster-for-the-match-against-denmark\\\/#organizationLogo\"}},{\"@type\":\"Person\",\"@id\":\"https:\\\/\\\/serbiantimes.info\\\/en\\\/author\\\/serbiantimes-portal\\\/#author\",\"url\":\"https:\\\/\\\/serbiantimes.info\\\/en\\\/author\\\/serbiantimes-portal\\\/\",\"name\":\"Serbian Times\",\"image\":{\"@type\":\"ImageObject\",\"@id\":\"https:\\\/\\\/serbiantimes.info\\\/en\\\/one-player-is-out-this-is-pesic-final-roster-for-the-match-against-denmark\\\/#authorImage\",\"url\":\"https:\\\/\\\/secure.gravatar.com\\\/avatar\\\/ea76e009769270b4193e2bc7e032c096b4ae135483ec03b396fd0f520bc3dcfd?s=96&d=mm&r=g\",\"width\":96,\"height\":96,\"caption\":\"Serbian Times\"}},{\"@type\":\"WebPage\",\"@id\":\"https:\\\/\\\/serbiantimes.info\\\/en\\\/one-player-is-out-this-is-pesic-final-roster-for-the-match-against-denmark\\\/#webpage\",\"url\":\"https:\\\/\\\/serbiantimes.info\\\/en\\\/one-player-is-out-this-is-pesic-final-roster-for-the-match-against-denmark\\\/\",\"name\":\"ONE PLAYER IS OUT: This is Pe\\u0161i\\u0107\\u2019s final roster for the match against Denmark! | Serbiantimes.info EN\",\"description\":\"The Serbian basketball team has traveled to Copenhagen where they will play against Denmark on Thursday at 6 PM in a live broadcast on Sport Club, as part of the 2025 European Championship qualifiers. Serbia's coach, Svetislav Pe\\u0161i\\u0107, has taken 14 players he will rely on for this match. Those who traveled to Copenhagen include:\",\"inLanguage\":\"en-US\",\"isPartOf\":{\"@id\":\"https:\\\/\\\/serbiantimes.info\\\/en\\\/#website\"},\"breadcrumb\":{\"@id\":\"https:\\\/\\\/serbiantimes.info\\\/en\\\/one-player-is-out-this-is-pesic-final-roster-for-the-match-against-denmark\\\/#breadcrumblist\"},\"author\":{\"@id\":\"https:\\\/\\\/serbiantimes.info\\\/en\\\/author\\\/serbiantimes-portal\\\/#author\"},\"creator\":{\"@id\":\"https:\\\/\\\/serbiantimes.info\\\/en\\\/author\\\/serbiantimes-portal\\\/#author\"},\"image\":{\"@type\":\"ImageObject\",\"url\":\"https:\\\/\\\/serbiantimes.info\\\/en\\\/wp-content\\\/uploads\\\/sites\\\/2\\\/2024\\\/11\\\/image-1200x750-1-3.png\",\"@id\":\"https:\\\/\\\/serbiantimes.info\\\/en\\\/one-player-is-out-this-is-pesic-final-roster-for-the-match-against-denmark\\\/#mainImage\",\"width\":1200,\"height\":750},\"primaryImageOfPage\":{\"@id\":\"https:\\\/\\\/serbiantimes.info\\\/en\\\/one-player-is-out-this-is-pesic-final-roster-for-the-match-against-denmark\\\/#mainImage\"},\"datePublished\":\"2024-11-20T17:33:50+02:00\",\"dateModified\":\"2024-11-20T22:08:37+02:00\"},{\"@type\":\"WebSite\",\"@id\":\"https:\\\/\\\/serbiantimes.info\\\/en\\\/#website\",\"url\":\"https:\\\/\\\/serbiantimes.info\\\/en\\\/\",\"name\":\"Serbiantimes.info EN\",\"inLanguage\":\"en-US\",\"publisher\":{\"@id\":\"https:\\\/\\\/serbiantimes.info\\\/en\\\/#organization\"}}]}\n\t\t<\/script>\n\t\t<!-- All in One SEO -->\n\n","aioseo_head_json":{"title":"ONE PLAYER IS OUT: This is Pe\u0161i\u0107\u2019s final roster for the match against Denmark! | Serbiantimes.info EN","description":"The Serbian basketball team has traveled to Copenhagen where they will play against Denmark on Thursday at 6 PM in a live broadcast on Sport Club, as part of the 2025 European Championship qualifiers. Serbia's coach, Svetislav Pe\u0161i\u0107, has taken 14 players he will rely on for this match. Those who traveled to Copenhagen include:","canonical_url":"https:\/\/serbiantimes.info\/en\/one-player-is-out-this-is-pesic-final-roster-for-the-match-against-denmark\/","robots":"max-image-preview:large","keywords":"","webmasterTools":{"miscellaneous":""},"schema":{"@context":"https:\/\/schema.org","@graph":[{"@type":"BlogPosting","@id":"https:\/\/serbiantimes.info\/en\/one-player-is-out-this-is-pesic-final-roster-for-the-match-against-denmark\/#blogposting","name":"ONE PLAYER IS OUT: This is Pe\u0161i\u0107\u2019s final roster for the match against Denmark! | Serbiantimes.info EN","headline":"ONE PLAYER IS OUT: This is Pe\u0161i\u0107&#8217;s final roster for the match against Denmark!","author":{"@id":"https:\/\/serbiantimes.info\/en\/author\/serbiantimes-portal\/#author"},"publisher":{"@id":"https:\/\/serbiantimes.info\/en\/#organization"},"image":{"@type":"ImageObject","url":"https:\/\/serbiantimes.info\/en\/wp-content\/uploads\/sites\/2\/2024\/11\/image-1200x750-1-3.png","width":1200,"height":750},"datePublished":"2024-11-20T17:33:50+02:00","dateModified":"2024-11-20T22:08:37+02:00","inLanguage":"en-US","mainEntityOfPage":{"@id":"https:\/\/serbiantimes.info\/en\/one-player-is-out-this-is-pesic-final-roster-for-the-match-against-denmark\/#webpage"},"isPartOf":{"@id":"https:\/\/serbiantimes.info\/en\/one-player-is-out-this-is-pesic-final-roster-for-the-match-against-denmark\/#webpage"},"articleSection":"SPORT, Danska, Evropsko prvenstvo, evropsko prvenstvo 2025, ko\u0161arka\u0161ka reprezentacija Srbije, kvalifikacije, Orlovi, sport, Svetislav Pe\u0161i\u0107"},{"@type":"BreadcrumbList","@id":"https:\/\/serbiantimes.info\/en\/one-player-is-out-this-is-pesic-final-roster-for-the-match-against-denmark\/#breadcrumblist","itemListElement":[{"@type":"ListItem","@id":"https:\/\/serbiantimes.info\/en#listItem","position":1,"name":"Home","item":"https:\/\/serbiantimes.info\/en","nextItem":{"@type":"ListItem","@id":"https:\/\/serbiantimes.info\/en\/category\/sport\/#listItem","name":"SPORT"}},{"@type":"ListItem","@id":"https:\/\/serbiantimes.info\/en\/category\/sport\/#listItem","position":2,"name":"SPORT","item":"https:\/\/serbiantimes.info\/en\/category\/sport\/","nextItem":{"@type":"ListItem","@id":"https:\/\/serbiantimes.info\/en\/one-player-is-out-this-is-pesic-final-roster-for-the-match-against-denmark\/#listItem","name":"ONE PLAYER IS OUT: This is Pe\u0161i\u0107&#8217;s final roster for the match against Denmark!"},"previousItem":{"@type":"ListItem","@id":"https:\/\/serbiantimes.info\/en#listItem","name":"Home"}},{"@type":"ListItem","@id":"https:\/\/serbiantimes.info\/en\/one-player-is-out-this-is-pesic-final-roster-for-the-match-against-denmark\/#listItem","position":3,"name":"ONE PLAYER IS OUT: This is Pe\u0161i\u0107&#8217;s final roster for the match against Denmark!","previousItem":{"@type":"ListItem","@id":"https:\/\/serbiantimes.info\/en\/category\/sport\/#listItem","name":"SPORT"}}]},{"@type":"Organization","@id":"https:\/\/serbiantimes.info\/en\/#organization","name":"Serbiantimes.info EN","url":"https:\/\/serbiantimes.info\/en\/","logo":{"@type":"ImageObject","url":"https:\/\/serbiantimes.info\/en\/wp-content\/uploads\/sites\/2\/2024\/10\/cropped-cropped-Serbian-Times-Header-Logo-1.png","@id":"https:\/\/serbiantimes.info\/en\/one-player-is-out-this-is-pesic-final-roster-for-the-match-against-denmark\/#organizationLogo","width":480,"height":100},"image":{"@id":"https:\/\/serbiantimes.info\/en\/one-player-is-out-this-is-pesic-final-roster-for-the-match-against-denmark\/#organizationLogo"}},{"@type":"Person","@id":"https:\/\/serbiantimes.info\/en\/author\/serbiantimes-portal\/#author","url":"https:\/\/serbiantimes.info\/en\/author\/serbiantimes-portal\/","name":"Serbian Times","image":{"@type":"ImageObject","@id":"https:\/\/serbiantimes.info\/en\/one-player-is-out-this-is-pesic-final-roster-for-the-match-against-denmark\/#authorImage","url":"https:\/\/secure.gravatar.com\/avatar\/ea76e009769270b4193e2bc7e032c096b4ae135483ec03b396fd0f520bc3dcfd?s=96&d=mm&r=g","width":96,"height":96,"caption":"Serbian Times"}},{"@type":"WebPage","@id":"https:\/\/serbiantimes.info\/en\/one-player-is-out-this-is-pesic-final-roster-for-the-match-against-denmark\/#webpage","url":"https:\/\/serbiantimes.info\/en\/one-player-is-out-this-is-pesic-final-roster-for-the-match-against-denmark\/","name":"ONE PLAYER IS OUT: This is Pe\u0161i\u0107\u2019s final roster for the match against Denmark! | Serbiantimes.info EN","description":"The Serbian basketball team has traveled to Copenhagen where they will play against Denmark on Thursday at 6 PM in a live broadcast on Sport Club, as part of the 2025 European Championship qualifiers. Serbia's coach, Svetislav Pe\u0161i\u0107, has taken 14 players he will rely on for this match. Those who traveled to Copenhagen include:","inLanguage":"en-US","isPartOf":{"@id":"https:\/\/serbiantimes.info\/en\/#website"},"breadcrumb":{"@id":"https:\/\/serbiantimes.info\/en\/one-player-is-out-this-is-pesic-final-roster-for-the-match-against-denmark\/#breadcrumblist"},"author":{"@id":"https:\/\/serbiantimes.info\/en\/author\/serbiantimes-portal\/#author"},"creator":{"@id":"https:\/\/serbiantimes.info\/en\/author\/serbiantimes-portal\/#author"},"image":{"@type":"ImageObject","url":"https:\/\/serbiantimes.info\/en\/wp-content\/uploads\/sites\/2\/2024\/11\/image-1200x750-1-3.png","@id":"https:\/\/serbiantimes.info\/en\/one-player-is-out-this-is-pesic-final-roster-for-the-match-against-denmark\/#mainImage","width":1200,"height":750},"primaryImageOfPage":{"@id":"https:\/\/serbiantimes.info\/en\/one-player-is-out-this-is-pesic-final-roster-for-the-match-against-denmark\/#mainImage"},"datePublished":"2024-11-20T17:33:50+02:00","dateModified":"2024-11-20T22:08:37+02:00"},{"@type":"WebSite","@id":"https:\/\/serbiantimes.info\/en\/#website","url":"https:\/\/serbiantimes.info\/en\/","name":"Serbiantimes.info EN","inLanguage":"en-US","publisher":{"@id":"https:\/\/serbiantimes.info\/en\/#organization"}}]},"og:locale":"en_US","og:site_name":"Serbiantimes.info EN |","og:type":"article","og:title":"ONE PLAYER IS OUT: This is Pe\u0161i\u0107\u2019s final roster for the match against Denmark! | Serbiantimes.info EN","og:description":"The Serbian basketball team has traveled to Copenhagen where they will play against Denmark on Thursday at 6 PM in a live broadcast on Sport Club, as part of the 2025 European Championship qualifiers. Serbia's coach, Svetislav Pe\u0161i\u0107, has taken 14 players he will rely on for this match. Those who traveled to Copenhagen include:","og:url":"https:\/\/serbiantimes.info\/en\/one-player-is-out-this-is-pesic-final-roster-for-the-match-against-denmark\/","og:image":"https:\/\/serbiantimes.info\/en\/wp-content\/uploads\/sites\/2\/2024\/11\/image-1200x750-1-3.png","og:image:secure_url":"https:\/\/serbiantimes.info\/en\/wp-content\/uploads\/sites\/2\/2024\/11\/image-1200x750-1-3.png","og:image:width":1200,"og:image:height":750,"article:published_time":"2024-11-20T15:33:50+00:00","article:modified_time":"2024-11-20T20:08:37+00:00","twitter:card":"summary_large_image","twitter:title":"ONE PLAYER IS OUT: This is Pe\u0161i\u0107\u2019s final roster for the match against Denmark! | Serbiantimes.info EN","twitter:description":"The Serbian basketball team has traveled to Copenhagen where they will play against Denmark on Thursday at 6 PM in a live broadcast on Sport Club, as part of the 2025 European Championship qualifiers. Serbia's coach, Svetislav Pe\u0161i\u0107, has taken 14 players he will rely on for this match. Those who traveled to Copenhagen include:","twitter:image":"https:\/\/serbiantimes.info\/en\/wp-content\/uploads\/sites\/2\/2024\/11\/image-1200x750-1-3.png"},"aioseo_meta_data":{"post_id":"156691","title":null,"description":null,"keywords":null,"keyphrases":{"focus":{"keyphrase":"","score":0,"analysis":{"keyphraseInTitle":{"score":0,"maxScore":9,"error":1}}},"additional":[]},"primary_term":null,"canonical_url":null,"og_title":null,"og_description":null,"og_object_type":"default","og_image_type":"default","og_image_url":null,"og_image_width":null,"og_image_height":null,"og_image_custom_url":null,"og_image_custom_fields":null,"og_video":"","og_custom_url":null,"og_article_section":null,"og_article_tags":null,"twitter_use_og":false,"twitter_card":"default","twitter_image_type":"default","twitter_image_url":null,"twitter_image_custom_url":null,"twitter_image_custom_fields":null,"twitter_title":null,"twitter_description":null,"schema":{"blockGraphs":[],"customGraphs":[],"default":{"data":{"Article":[],"Course":[],"Dataset":[],"FAQPage":[],"Movie":[],"Person":[],"Product":[],"ProductReview":[],"Car":[],"Recipe":[],"Service":[],"SoftwareApplication":[],"WebPage":[]},"graphName":"BlogPosting","isEnabled":true},"graphs":[]},"schema_type":"default","schema_type_options":null,"pillar_content":false,"robots_default":true,"robots_noindex":false,"robots_noarchive":false,"robots_nosnippet":false,"robots_nofollow":false,"robots_noimageindex":false,"robots_noodp":false,"robots_notranslate":false,"robots_max_snippet":"-1","robots_max_videopreview":"-1","robots_max_imagepreview":"large","priority":null,"frequency":"default","local_seo":null,"breadcrumb_settings":null,"limit_modified_date":false,"ai":null,"created":"2024-11-20 15:33:51","updated":"2025-06-26 15:41:17","focus_keyword":null,"additional_keywords":null,"truseo_locale":null,"seo_analyzer_scan_date":null},"aioseo_breadcrumb":"<div class=\"aioseo-breadcrumbs\"><span class=\"aioseo-breadcrumb\">\n\t\t\t<a href=\"https:\/\/serbiantimes.info\/en\" title=\"Home\">Home<\/a>\n\t\t<\/span><span class=\"aioseo-breadcrumb-separator\">&raquo;<\/span><span class=\"aioseo-breadcrumb\">\n\t\t\t<a href=\"https:\/\/serbiantimes.info\/en\/category\/sport\/\" title=\"SPORT\">SPORT<\/a>\n\t\t<\/span><span class=\"aioseo-breadcrumb-separator\">&raquo;<\/span><span class=\"aioseo-breadcrumb\">\n\t\t\tONE PLAYER IS OUT: This is Pe\u0161i\u0107\u2019s final roster for the match against Denmark!\n\t\t<\/span><\/div>","aioseo_breadcrumb_json":[{"label":"Home","link":"https:\/\/serbiantimes.info\/en"},{"label":"SPORT","link":"https:\/\/serbiantimes.info\/en\/category\/sport\/"},{"label":"ONE PLAYER IS OUT: This is Pe\u0161i\u0107&#8217;s final roster for the match against Denmark!","link":"https:\/\/serbiantimes.info\/en\/one-player-is-out-this-is-pesic-final-roster-for-the-match-against-denmark\/"}],"distributor_meta":false,"distributor_terms":false,"distributor_media":false,"distributor_original_site_name":"Serbiantimes.info EN","distributor_original_site_url":"https:\/\/serbiantimes.info\/en","push-errors":false,"_links":{"self":[{"href":"https:\/\/serbiantimes.info\/en\/wp-json\/wp\/v2\/posts\/156691","targetHints":{"allow":["GET"]}}],"collection":[{"href":"https:\/\/serbiantimes.info\/en\/wp-json\/wp\/v2\/posts"}],"about":[{"href":"https:\/\/serbiantimes.info\/en\/wp-json\/wp\/v2\/types\/post"}],"author":[{"embeddable":true,"href":"https:\/\/serbiantimes.info\/en\/wp-json\/wp\/v2\/users\/2169"}],"replies":[{"embeddable":true,"href":"https:\/\/serbiantimes.info\/en\/wp-json\/wp\/v2\/comments?post=156691"}],"version-history":[{"count":2,"href":"https:\/\/serbiantimes.info\/en\/wp-json\/wp\/v2\/posts\/156691\/revisions"}],"predecessor-version":[{"id":156722,"href":"https:\/\/serbiantimes.info\/en\/wp-json\/wp\/v2\/posts\/156691\/revisions\/156722"}],"wp:featuredmedia":[{"embeddable":true,"href":"https:\/\/serbiantimes.info\/en\/wp-json\/wp\/v2\/media\/156692"}],"wp:attachment":[{"href":"https:\/\/serbiantimes.info\/en\/wp-json\/wp\/v2\/media?parent=156691"}],"wp:term":[{"taxonomy":"category","embeddable":true,"href":"https:\/\/serbiantimes.info\/en\/wp-json\/wp\/v2\/categories?post=156691"},{"taxonomy":"post_tag","embeddable":true,"href":"https:\/\/serbiantimes.info\/en\/wp-json\/wp\/v2\/tags?post=156691"}],"curies":[{"name":"wp","href":"https:\/\/api.w.org\/{rel}","templated":true}]}}