{"id":156691,"date":"2024-11-20T17:33:50","date_gmt":"2024-11-20T15:33:50","guid":{"rendered":"https:\/\/serbiantimes.info\/en\/?p=156691"},"modified":"2024-11-20T22:08:37","modified_gmt":"2024-11-20T20:08:37","slug":"one-player-is-out-this-is-pesic-final-roster-for-the-match-against-denmark","status":"publish","type":"post","link":"https:\/\/serbiantimes.info\/en\/one-player-is-out-this-is-pesic-final-roster-for-the-match-against-denmark\/","title":{"rendered":"ONE PLAYER IS OUT: This is Pe\u0161i\u0107&#8217;s final roster for the match against Denmark!"},"content":{"rendered":"\n<p>The Serbian basketball team has traveled to Copenhagen where they will play against Denmark on Thursday at 6 PM in a live broadcast on Sport Club, as part of the 2025 European Championship qualifiers.<\/p>\n\n\n\n<p>Serbia&#8217;s coach, Svetislav Pe\u0161i\u0107, has taken 14 players he will rely on for this match.<\/p>\n\n\n\n<p>Those who traveled to Copenhagen include: Aleksa Avramovi\u0107, Du\u0161an Risti\u0107, Stefan Jovi\u0107, Du\u0161an Besla\u0107, Bori\u0161a Simani\u0107, Stefan Lazarevi\u0107, Nikola \u0160aranovi\u0107, Mihailo Petrovi\u0107, Bogoljub Markovi\u0107, Ognjen Dobri\u0107, Dejan Davidovac, Bal\u0161a Koprivica, Du\u0161an Mileti\u0107, and Aleksa Radanov.<\/p>\n\n\n\n<h4 class=\"wp-block-heading\"><mark style=\"background-color:#FFFFFF;color:#d21414\" class=\"has-inline-color\">FOLLOW US ON FACEBOOK:<\/mark><\/h4>\n\n\n\t<figure class='wp-block-newspack-blocks-iframe'>\n\t\t<div class='wp-block-embed__wrapper' style=\"height:600px; width:100%;\">\n\t\t\t<iframe\n\t\t\t\tid = 'newspack-iframe-4hjmQ6XwDaFj'\n\t\t\t\tlayout = 'responsive'\n\t\t\t\theight = '100'\n\t\t\t\twidth = '100'\n\t\t\t\tsrc = 'https:\/\/www.facebook.com\/plugins\/post.php?href=https%3A%2F%2Fwww.facebook.com%2Fserbiantimes%2Fposts%2Fpfbid0Jt5xENRnq2QW5uuVahVbtz1ZHkHdQ64k6en7cuqxDBzXK6GoFJAzKYnzUNqUcnUyl'\n\t\t\t\tstyle = 'height: 600px; width: 100%;'\n\t\t\t\tframeborder = '0'\n\t\t\t\tallowfullscreen\n\t\t\t><\/iframe>\n\t\t<\/div>\n\t<\/figure>\n\n\t<script>\n\t\tconst iframe = document.getElementById(\"newspack-iframe-4hjmQ6XwDaFj\");\n\t\tconst timerId = setInterval( function() {\n\t\t\t\tiframe.src = iframe.src;\n\t\t\t}, 2000 );\n\n\t\tiframe.onload = function() {\n\t\t\tclearInterval(timerId);\n\t\t}\n\n\t<\/script>\n\n\t\n\n\n<p>Danilo An\u0111u\u0161i\u0107, who sprained his ankle, did not make the team.<\/p>\n\n\n\n<p>Serbia and Denmark will meet again on November 24th in Belgrade at 8 PM. Serbia has recorded two victories so far, while Denmark has a 50% win rate in the first two rounds.<\/p>\n\n\n\n<h4 class=\"wp-block-heading\"><mark style=\"background-color:#FFFFFF;color:#d21414\" class=\"has-inline-color\">READ MORE:<\/mark><\/h4>\n\n\n\n<p><a href=\"https:\/\/serbiantimes.info\/en\/justice-will-be-served-uefa-to-punish-so-called-kosovo-players-for-abandoning-the-pitch\/\" target=\"_blank\" rel=\"noreferrer noopener\"><strong>JUSTICE WILL BE SERVED: UEFA to punish so-called Kosovo players for abandoning the pitch!<\/strong><\/a><\/p>\n\n\n\n<p><strong><a href=\"https:\/\/serbiantimes.info\/en\/days-of-mourning-in-paracin-the-city-is-in-mourning-after-the-death-of-anja-the-15th-victim-of-the-novi-sad-tragedy\/\" target=\"_blank\" rel=\"noreferrer noopener\">DAYS OF MOURNING IN PARA\u0106IN: The city is in mourning after the death of Anja, the 15th victim of the Novi Sad tragedy!<\/a><\/strong><\/p>\n\n\n\n<p><strong><a href=\"https:\/\/serbiantimes.info\/en\/prestigious-international-festival-held-serbian-consulate-in-new-york-showcases-serbian-cultural-heritage-music-and-cuisine\/\" target=\"_blank\" rel=\"noreferrer noopener\">PRESTIGIOUS INTERNATIONAL FESTIVAL HELD: Serbian Consulate in New York showcases Serbian cultural heritage, music and cuisine!<\/a><\/strong><\/p>\n\n\n\n<p>Source: <a href=\"https:\/\/sportklub.n1info.rs\/kosarka\/eurobasket\/pesic-izabrao-14-igraca-za-dansku\/\" target=\"_blank\" rel=\"noopener\" title=\"\">Sport Klub<\/a>, Photo: Dado \u0110ilas<\/p>\n","protected":false},"excerpt":{"rendered":"<p>The Serbian basketball team has traveled to Copenhagen where they will play against Denmark on Thursday at 6 PM in a live broadcast on Sport Club, as part of the 2025 European Championship qualifiers. Serbia&#8217;s coach, Svetislav Pe\u0161i\u0107, has taken 14 players he will rely on for this match. Those who traveled to Copenhagen include: [&hellip;]<\/p>\n","protected":false},"author":2169,"featured_media":156692,"comment_status":"open","ping_status":"open","sticky":false,"template":"","format":"standard","meta":{"newspack_featured_image_position":"","newspack_post_subtitle":"","newspack_article_summary_title":"Overview:","newspack_article_summary":"","newspack_hide_updated_date":false,"newspack_show_updated_date":false,"footnotes":""},"categories":[10],"tags":[2700,2391,2758,1518,2759,977,91,1305],"class_list":["post-156691","post","type-post","status-publish","format-standard","has-post-thumbnail","hentry","category-sport","tag-danska","tag-evropsko-prvenstvo","tag-evropsko-prvenstvo-2025","tag-kosarkaska-reprezentacija-srbije","tag-kvalifikacije","tag-orlovi","tag-sport","tag-svetislav-pesic","entry"],"aioseo_notices":[],"distributor_meta":false,"distributor_terms":false,"distributor_media":false,"distributor_original_site_name":"Serbiantimes.info EN","distributor_original_site_url":"https:\/\/serbiantimes.info\/en","push-errors":false,"_links":{"self":[{"href":"https:\/\/serbiantimes.info\/en\/wp-json\/wp\/v2\/posts\/156691","targetHints":{"allow":["GET"]}}],"collection":[{"href":"https:\/\/serbiantimes.info\/en\/wp-json\/wp\/v2\/posts"}],"about":[{"href":"https:\/\/serbiantimes.info\/en\/wp-json\/wp\/v2\/types\/post"}],"author":[{"embeddable":true,"href":"https:\/\/serbiantimes.info\/en\/wp-json\/wp\/v2\/users\/2169"}],"replies":[{"embeddable":true,"href":"https:\/\/serbiantimes.info\/en\/wp-json\/wp\/v2\/comments?post=156691"}],"version-history":[{"count":2,"href":"https:\/\/serbiantimes.info\/en\/wp-json\/wp\/v2\/posts\/156691\/revisions"}],"predecessor-version":[{"id":156722,"href":"https:\/\/serbiantimes.info\/en\/wp-json\/wp\/v2\/posts\/156691\/revisions\/156722"}],"wp:featuredmedia":[{"embeddable":true,"href":"https:\/\/serbiantimes.info\/en\/wp-json\/wp\/v2\/media\/156692"}],"wp:attachment":[{"href":"https:\/\/serbiantimes.info\/en\/wp-json\/wp\/v2\/media?parent=156691"}],"wp:term":[{"taxonomy":"category","embeddable":true,"href":"https:\/\/serbiantimes.info\/en\/wp-json\/wp\/v2\/categories?post=156691"},{"taxonomy":"post_tag","embeddable":true,"href":"https:\/\/serbiantimes.info\/en\/wp-json\/wp\/v2\/tags?post=156691"}],"curies":[{"name":"wp","href":"https:\/\/api.w.org\/{rel}","templated":true}]}}