{"id":156598,"date":"2024-11-18T12:24:27","date_gmt":"2024-11-18T10:24:27","guid":{"rendered":"https:\/\/serbiantimes.info\/en\/?p=156598"},"modified":"2024-11-18T12:24:28","modified_gmt":"2024-11-18T10:24:28","slug":"romanian-pm-attacks-kurti-he-wants-to-politicize-the-match-events-threatens-with-penalties","status":"publish","type":"post","link":"https:\/\/serbiantimes.info\/en\/romanian-pm-attacks-kurti-he-wants-to-politicize-the-match-events-threatens-with-penalties\/","title":{"rendered":"ROMANIAN PM ATTACKS KURTI: He wants to politicize the match events, threatens with penalties!"},"content":{"rendered":"\n<p class=\"wp-block-paragraph\">The match between the Romanian national team and the so-called state of Kosovo was interrupted in Bucharest during stoppage time when the visiting players left the field due to chants from the home fans.<\/p>\n\n\n\n<p class=\"wp-block-paragraph\">Romanian fans chanted &#8220;Serbia, Serbia&#8221; and &#8220;Kosovo is Serbia,&#8221; which the visiting players characterized as racism.<\/p>\n\n\n\n<p class=\"wp-block-paragraph\">Although parts of the stands were later emptied, they refused to return to the field and continue the match, and it seems that this was a premeditated plan because they had ordered pizza in the meantime and left the locker room in a mess.<\/p>\n\n\n\n<p class=\"wp-block-paragraph\">However, they did not stop there, and after the scandal at the press conference, they continued in the same style, where the prime minister of the so-called state, Albin Kurti, joined in, praising the players for their decision not to return to the field.<\/p>\n\n\n\n<h4 class=\"wp-block-heading\"><mark style=\"background-color:#FFFFFF;color:#d21414\" class=\"has-inline-color\">FOLLOW US ON FACEBOOK:<\/mark><\/h4>\n\n\n\t<figure class='wp-block-newspack-blocks-iframe'>\n\t\t<div class='wp-block-embed__wrapper' style=\"height:600px; width:100%;\">\n\t\t\t<iframe\n\t\t\t\tid = 'newspack-iframe-4DLigkW9kmG0'\n\t\t\t\tlayout = 'responsive'\n\t\t\t\theight = '100'\n\t\t\t\twidth = '100'\n\t\t\t\tsrc = 'https:\/\/www.facebook.com\/plugins\/post.php?href=https%3A%2F%2Fwww.facebook.com%2Fserbiantimes%2Fposts%2Fpfbid0VSRdsnfiqZN1SUqnexmzoLsHdx4WXSFXDzs8HoUgmV6GermZoUKFhu6T4wfM1TF4l'\n\t\t\t\tstyle = 'height: 600px; width: 100%;'\n\t\t\t\tframeborder = '0'\n\t\t\t\tallowfullscreen\n\t\t\t><\/iframe>\n\t\t<\/div>\n\t<\/figure>\n\n\t<script>\n\t\tconst iframe = document.getElementById(\"newspack-iframe-4DLigkW9kmG0\");\n\t\tconst timerId = setInterval( function() {\n\t\t\t\tiframe.src = iframe.src;\n\t\t\t}, 2000 );\n\n\t\tiframe.onload = function() {\n\t\t\tclearInterval(timerId);\n\t\t}\n\n\t<\/script>\n\n\t\n\n\n<p class=\"wp-block-paragraph\">This angered the Romanian Prime Minister, Marcel Ciolacu.<\/p>\n\n\n\n<p class=\"wp-block-paragraph\">&#8220;It is totally unacceptable what the Kosovar Prime Minister is doing, mixing politics with sports and claiming, after his national football team&#8217;s move to abandon the match against Romania, that he will exert political and diplomatic pressure to punish us. His Excellency is trying in vain to present the culprit as a victim and &#8211; what&#8217;s worse &#8211; wants to exert political pressure on the European football body, hoping for an illusory decision! I tell him directly and clearly that, no matter how hard he tries, he cannot distort reality and that he is on the wrong path because politics has no place in sports. As for what happened on Friday evening, there is only one truth: the culprits are clear and they are not the Romanian players or the audience at the National Arena.&#8221;<\/p>\n\n\n\n<p class=\"wp-block-paragraph\">The Football Association of the so-called Kosovo announced an appeal to UEFA regarding this incident. They reported the incident to the delegate, who immediately began preparing the appeal.<\/p>\n\n\n\n<p class=\"wp-block-paragraph\">In their initial statement on Saturday, they used the word racism as many as nine times to describe the events at the match.<\/p>\n\n\n\n<h4 class=\"wp-block-heading\"><mark style=\"background-color:#FFFFFF;color:#d21414\" class=\"has-inline-color\">READ MORE: <\/mark><\/h4>\n\n\n\n<p class=\"wp-block-paragraph\"><strong><a href=\"https:\/\/serbiantimes.info\/en\/this-is-the-plan-for-dismantling-the-deep-state-trump-presents-an-agenda-to-fundamentally-change-the-us-video\/\">THIS IS THE PLAN FOR DISMANTLING THE \u201cDEEP STATE\u201d: Trump presents an agenda to fundamentally change the US! (VIDEO)<\/a><\/strong><\/p>\n\n\n\n<p class=\"wp-block-paragraph\"><strong><a href=\"https:\/\/serbiantimes.info\/en\/trump-thanks-serbs-for-their-great-support-a-chicago-businessman-reveals-what-the-celebration-looked-like-at-the-headquarters-of-the-new-us-president\/\">\u201cTRUMP THANKS SERBS FOR THEIR GREAT SUPPORT\u201d: A Chicago businessman reveals what the celebration looked like at the headquarters of the new US president!<\/a><\/strong><\/p>\n\n\n\n<p class=\"wp-block-paragraph\"><strong><a href=\"https:\/\/serbiantimes.info\/en\/demanding-accountability-novi-sad-residents-stand-in-silence-for-14-minutes-belgrade-joins-in-solidarity-video\/\">DEMANDING ACCOUNTABILITY: Novi Sad residents stand in silence for 14 minutes, Belgrade joins in solidarity (VIDEO)<\/a><\/strong><\/p>\n\n\n\n<p class=\"wp-block-paragraph\">Source: <a href=\"https:\/\/nova.rs\/sport\/fudbal\/marsel-colaku-kritikovao-aljbina-kurtija\/\" target=\"_blank\" rel=\"noopener\" title=\"\">Nova.rs<\/a>, Photo: Profimedia<\/p>\n","protected":false},"excerpt":{"rendered":"<p>The match between the Romanian national team and the so-called state of Kosovo was interrupted in Bucharest during stoppage time when the visiting players left the field due to chants from the home fans. Romanian fans chanted &#8220;Serbia, Serbia&#8221; and &#8220;Kosovo is Serbia,&#8221; which the visiting players characterized as racism. Although parts of the stands [&hellip;]<\/p>\n","protected":false},"author":2169,"featured_media":156599,"comment_status":"open","ping_status":"open","sticky":false,"template":"","format":"standard","meta":{"newspack_featured_image_position":"","newspack_post_subtitle":"","newspack_article_summary_title":"Overview:","newspack_article_summary":"","newspack_hide_updated_date":false,"newspack_show_updated_date":false,"footnotes":""},"categories":[10],"tags":[1092,2672,86,1356,107,108,109,2673,525,2674,1080,1665,426,2675],"class_list":["post-156598","post","type-post","status-publish","format-standard","has-post-thumbnail","hentry","category-sport","tag-aljbin-kurti","tag-bukurest","tag-fudbal","tag-kazna","tag-kim","tag-kosovo","tag-kosovo-i-metohija","tag-kosovo-je-srbija","tag-liga-nacija","tag-marsel-colaku","tag-navijaci","tag-rasizam","tag-rumunija","tag-utakmica","entry"],"aioseo_notices":[],"aioseo_head":"\n\t\t<!-- All in One SEO 5.0.1.1 - aioseo.com -->\n\t<meta name=\"description\" content=\"The match between the Romanian national team and the so-called state of Kosovo was interrupted in Bucharest during stoppage time when the visiting players left the field due to chants from the home fans. Romanian fans chanted &quot;Serbia, Serbia&quot; and &quot;Kosovo is Serbia,&quot; which the visiting players characterized as racism. Although parts of the stands\" \/>\n\t<meta name=\"robots\" content=\"max-image-preview:large\" \/>\n\t<meta name=\"author\" content=\"Serbian Times\"\/>\n\t<link rel=\"canonical\" href=\"https:\/\/serbiantimes.info\/en\/romanian-pm-attacks-kurti-he-wants-to-politicize-the-match-events-threatens-with-penalties\/\" \/>\n\t<meta name=\"generator\" content=\"All in One SEO (AIOSEO) 5.0.1.1\" \/>\n\t\t<meta property=\"og:locale\" content=\"en_US\" \/>\n\t\t<meta property=\"og:site_name\" content=\"Serbiantimes.info EN |\" \/>\n\t\t<meta property=\"og:type\" content=\"article\" \/>\n\t\t<meta property=\"og:title\" content=\"ROMANIAN PM ATTACKS KURTI: He wants to politicize the match events, threatens with penalties! | Serbiantimes.info EN\" \/>\n\t\t<meta property=\"og:description\" content=\"The match between the Romanian national team and the so-called state of Kosovo was interrupted in Bucharest during stoppage time when the visiting players left the field due to chants from the home fans. Romanian fans chanted &quot;Serbia, Serbia&quot; and &quot;Kosovo is Serbia,&quot; which the visiting players characterized as racism. Although parts of the stands\" \/>\n\t\t<meta property=\"og:url\" content=\"https:\/\/serbiantimes.info\/en\/romanian-pm-attacks-kurti-he-wants-to-politicize-the-match-events-threatens-with-penalties\/\" \/>\n\t\t<meta property=\"og:image\" content=\"https:\/\/serbiantimes.info\/en\/wp-content\/uploads\/sites\/2\/2024\/11\/rumunija-kosovo.jpg\" \/>\n\t\t<meta property=\"og:image:secure_url\" content=\"https:\/\/serbiantimes.info\/en\/wp-content\/uploads\/sites\/2\/2024\/11\/rumunija-kosovo.jpg\" \/>\n\t\t<meta property=\"og:image:width\" content=\"1202\" \/>\n\t\t<meta property=\"og:image:height\" content=\"750\" \/>\n\t\t<meta property=\"article:published_time\" content=\"2024-11-18T10:24:27+00:00\" \/>\n\t\t<meta property=\"article:modified_time\" content=\"2024-11-18T10:24:28+00:00\" \/>\n\t\t<meta name=\"twitter:card\" content=\"summary_large_image\" \/>\n\t\t<meta name=\"twitter:title\" content=\"ROMANIAN PM ATTACKS KURTI: He wants to politicize the match events, threatens with penalties! | Serbiantimes.info EN\" \/>\n\t\t<meta name=\"twitter:description\" content=\"The match between the Romanian national team and the so-called state of Kosovo was interrupted in Bucharest during stoppage time when the visiting players left the field due to chants from the home fans. Romanian fans chanted &quot;Serbia, Serbia&quot; and &quot;Kosovo is Serbia,&quot; which the visiting players characterized as racism. Although parts of the stands\" \/>\n\t\t<meta name=\"twitter:image\" content=\"https:\/\/serbiantimes.info\/en\/wp-content\/uploads\/sites\/2\/2024\/11\/rumunija-kosovo.jpg\" \/>\n\t\t<script type=\"application\/ld+json\" class=\"aioseo-schema\">\n\t\t\t{\"@context\":\"https:\\\/\\\/schema.org\",\"@graph\":[{\"@type\":\"BlogPosting\",\"@id\":\"https:\\\/\\\/serbiantimes.info\\\/en\\\/romanian-pm-attacks-kurti-he-wants-to-politicize-the-match-events-threatens-with-penalties\\\/#blogposting\",\"name\":\"ROMANIAN PM ATTACKS KURTI: He wants to politicize the match events, threatens with penalties! | Serbiantimes.info EN\",\"headline\":\"ROMANIAN PM ATTACKS KURTI: He wants to politicize the match events, threatens with penalties!\",\"author\":{\"@id\":\"https:\\\/\\\/serbiantimes.info\\\/en\\\/author\\\/serbiantimes-portal\\\/#author\"},\"publisher\":{\"@id\":\"https:\\\/\\\/serbiantimes.info\\\/en\\\/#organization\"},\"image\":{\"@type\":\"ImageObject\",\"url\":\"https:\\\/\\\/serbiantimes.info\\\/en\\\/wp-content\\\/uploads\\\/sites\\\/2\\\/2024\\\/11\\\/rumunija-kosovo.jpg\",\"width\":1202,\"height\":750},\"datePublished\":\"2024-11-18T12:24:27+02:00\",\"dateModified\":\"2024-11-18T12:24:28+02:00\",\"inLanguage\":\"en-US\",\"mainEntityOfPage\":{\"@id\":\"https:\\\/\\\/serbiantimes.info\\\/en\\\/romanian-pm-attacks-kurti-he-wants-to-politicize-the-match-events-threatens-with-penalties\\\/#webpage\"},\"isPartOf\":{\"@id\":\"https:\\\/\\\/serbiantimes.info\\\/en\\\/romanian-pm-attacks-kurti-he-wants-to-politicize-the-match-events-threatens-with-penalties\\\/#webpage\"},\"articleSection\":\"SPORT, aljbin kurti, Bukure\\u0161t, Fudbal, kazna, KiM, Kosovo, Kosovo i Metohija, Kosovo je Srbija, Liga nacija, Marsel \\u010colaku, navija\\u010di, rasizam, Rumunija, utakmica\"},{\"@type\":\"BreadcrumbList\",\"@id\":\"https:\\\/\\\/serbiantimes.info\\\/en\\\/romanian-pm-attacks-kurti-he-wants-to-politicize-the-match-events-threatens-with-penalties\\\/#breadcrumblist\",\"itemListElement\":[{\"@type\":\"ListItem\",\"@id\":\"https:\\\/\\\/serbiantimes.info\\\/en#listItem\",\"position\":1,\"name\":\"Home\",\"item\":\"https:\\\/\\\/serbiantimes.info\\\/en\",\"nextItem\":{\"@type\":\"ListItem\",\"@id\":\"https:\\\/\\\/serbiantimes.info\\\/en\\\/category\\\/sport\\\/#listItem\",\"name\":\"SPORT\"}},{\"@type\":\"ListItem\",\"@id\":\"https:\\\/\\\/serbiantimes.info\\\/en\\\/category\\\/sport\\\/#listItem\",\"position\":2,\"name\":\"SPORT\",\"item\":\"https:\\\/\\\/serbiantimes.info\\\/en\\\/category\\\/sport\\\/\",\"nextItem\":{\"@type\":\"ListItem\",\"@id\":\"https:\\\/\\\/serbiantimes.info\\\/en\\\/romanian-pm-attacks-kurti-he-wants-to-politicize-the-match-events-threatens-with-penalties\\\/#listItem\",\"name\":\"ROMANIAN PM ATTACKS KURTI: He wants to politicize the match events, threatens with penalties!\"},\"previousItem\":{\"@type\":\"ListItem\",\"@id\":\"https:\\\/\\\/serbiantimes.info\\\/en#listItem\",\"name\":\"Home\"}},{\"@type\":\"ListItem\",\"@id\":\"https:\\\/\\\/serbiantimes.info\\\/en\\\/romanian-pm-attacks-kurti-he-wants-to-politicize-the-match-events-threatens-with-penalties\\\/#listItem\",\"position\":3,\"name\":\"ROMANIAN PM ATTACKS KURTI: He wants to politicize the match events, threatens with penalties!\",\"previousItem\":{\"@type\":\"ListItem\",\"@id\":\"https:\\\/\\\/serbiantimes.info\\\/en\\\/category\\\/sport\\\/#listItem\",\"name\":\"SPORT\"}}]},{\"@type\":\"Organization\",\"@id\":\"https:\\\/\\\/serbiantimes.info\\\/en\\\/#organization\",\"name\":\"Serbiantimes.info EN\",\"url\":\"https:\\\/\\\/serbiantimes.info\\\/en\\\/\",\"logo\":{\"@type\":\"ImageObject\",\"url\":\"https:\\\/\\\/serbiantimes.info\\\/en\\\/wp-content\\\/uploads\\\/sites\\\/2\\\/2024\\\/10\\\/cropped-cropped-Serbian-Times-Header-Logo-1.png\",\"@id\":\"https:\\\/\\\/serbiantimes.info\\\/en\\\/romanian-pm-attacks-kurti-he-wants-to-politicize-the-match-events-threatens-with-penalties\\\/#organizationLogo\",\"width\":480,\"height\":100},\"image\":{\"@id\":\"https:\\\/\\\/serbiantimes.info\\\/en\\\/romanian-pm-attacks-kurti-he-wants-to-politicize-the-match-events-threatens-with-penalties\\\/#organizationLogo\"}},{\"@type\":\"Person\",\"@id\":\"https:\\\/\\\/serbiantimes.info\\\/en\\\/author\\\/serbiantimes-portal\\\/#author\",\"url\":\"https:\\\/\\\/serbiantimes.info\\\/en\\\/author\\\/serbiantimes-portal\\\/\",\"name\":\"Serbian Times\",\"image\":{\"@type\":\"ImageObject\",\"@id\":\"https:\\\/\\\/serbiantimes.info\\\/en\\\/romanian-pm-attacks-kurti-he-wants-to-politicize-the-match-events-threatens-with-penalties\\\/#authorImage\",\"url\":\"https:\\\/\\\/secure.gravatar.com\\\/avatar\\\/ea76e009769270b4193e2bc7e032c096b4ae135483ec03b396fd0f520bc3dcfd?s=96&d=mm&r=g\",\"width\":96,\"height\":96,\"caption\":\"Serbian Times\"}},{\"@type\":\"WebPage\",\"@id\":\"https:\\\/\\\/serbiantimes.info\\\/en\\\/romanian-pm-attacks-kurti-he-wants-to-politicize-the-match-events-threatens-with-penalties\\\/#webpage\",\"url\":\"https:\\\/\\\/serbiantimes.info\\\/en\\\/romanian-pm-attacks-kurti-he-wants-to-politicize-the-match-events-threatens-with-penalties\\\/\",\"name\":\"ROMANIAN PM ATTACKS KURTI: He wants to politicize the match events, threatens with penalties! | Serbiantimes.info EN\",\"description\":\"The match between the Romanian national team and the so-called state of Kosovo was interrupted in Bucharest during stoppage time when the visiting players left the field due to chants from the home fans. Romanian fans chanted \\\"Serbia, Serbia\\\" and \\\"Kosovo is Serbia,\\\" which the visiting players characterized as racism. Although parts of the stands\",\"inLanguage\":\"en-US\",\"isPartOf\":{\"@id\":\"https:\\\/\\\/serbiantimes.info\\\/en\\\/#website\"},\"breadcrumb\":{\"@id\":\"https:\\\/\\\/serbiantimes.info\\\/en\\\/romanian-pm-attacks-kurti-he-wants-to-politicize-the-match-events-threatens-with-penalties\\\/#breadcrumblist\"},\"author\":{\"@id\":\"https:\\\/\\\/serbiantimes.info\\\/en\\\/author\\\/serbiantimes-portal\\\/#author\"},\"creator\":{\"@id\":\"https:\\\/\\\/serbiantimes.info\\\/en\\\/author\\\/serbiantimes-portal\\\/#author\"},\"image\":{\"@type\":\"ImageObject\",\"url\":\"https:\\\/\\\/serbiantimes.info\\\/en\\\/wp-content\\\/uploads\\\/sites\\\/2\\\/2024\\\/11\\\/rumunija-kosovo.jpg\",\"@id\":\"https:\\\/\\\/serbiantimes.info\\\/en\\\/romanian-pm-attacks-kurti-he-wants-to-politicize-the-match-events-threatens-with-penalties\\\/#mainImage\",\"width\":1202,\"height\":750},\"primaryImageOfPage\":{\"@id\":\"https:\\\/\\\/serbiantimes.info\\\/en\\\/romanian-pm-attacks-kurti-he-wants-to-politicize-the-match-events-threatens-with-penalties\\\/#mainImage\"},\"datePublished\":\"2024-11-18T12:24:27+02:00\",\"dateModified\":\"2024-11-18T12:24:28+02:00\"},{\"@type\":\"WebSite\",\"@id\":\"https:\\\/\\\/serbiantimes.info\\\/en\\\/#website\",\"url\":\"https:\\\/\\\/serbiantimes.info\\\/en\\\/\",\"name\":\"Serbiantimes.info EN\",\"inLanguage\":\"en-US\",\"publisher\":{\"@id\":\"https:\\\/\\\/serbiantimes.info\\\/en\\\/#organization\"}}]}\n\t\t<\/script>\n\t\t<!-- All in One SEO -->\n\n","aioseo_head_json":{"title":"ROMANIAN PM ATTACKS KURTI: He wants to politicize the match events, threatens with penalties! | Serbiantimes.info EN","description":"The match between the Romanian national team and the so-called state of Kosovo was interrupted in Bucharest during stoppage time when the visiting players left the field due to chants from the home fans. Romanian fans chanted \"Serbia, Serbia\" and \"Kosovo is Serbia,\" which the visiting players characterized as racism. Although parts of the stands","canonical_url":"https:\/\/serbiantimes.info\/en\/romanian-pm-attacks-kurti-he-wants-to-politicize-the-match-events-threatens-with-penalties\/","robots":"max-image-preview:large","keywords":"","webmasterTools":{"miscellaneous":""},"schema":{"@context":"https:\/\/schema.org","@graph":[{"@type":"BlogPosting","@id":"https:\/\/serbiantimes.info\/en\/romanian-pm-attacks-kurti-he-wants-to-politicize-the-match-events-threatens-with-penalties\/#blogposting","name":"ROMANIAN PM ATTACKS KURTI: He wants to politicize the match events, threatens with penalties! | Serbiantimes.info EN","headline":"ROMANIAN PM ATTACKS KURTI: He wants to politicize the match events, threatens with penalties!","author":{"@id":"https:\/\/serbiantimes.info\/en\/author\/serbiantimes-portal\/#author"},"publisher":{"@id":"https:\/\/serbiantimes.info\/en\/#organization"},"image":{"@type":"ImageObject","url":"https:\/\/serbiantimes.info\/en\/wp-content\/uploads\/sites\/2\/2024\/11\/rumunija-kosovo.jpg","width":1202,"height":750},"datePublished":"2024-11-18T12:24:27+02:00","dateModified":"2024-11-18T12:24:28+02:00","inLanguage":"en-US","mainEntityOfPage":{"@id":"https:\/\/serbiantimes.info\/en\/romanian-pm-attacks-kurti-he-wants-to-politicize-the-match-events-threatens-with-penalties\/#webpage"},"isPartOf":{"@id":"https:\/\/serbiantimes.info\/en\/romanian-pm-attacks-kurti-he-wants-to-politicize-the-match-events-threatens-with-penalties\/#webpage"},"articleSection":"SPORT, aljbin kurti, Bukure\u0161t, Fudbal, kazna, KiM, Kosovo, Kosovo i Metohija, Kosovo je Srbija, Liga nacija, Marsel \u010colaku, navija\u010di, rasizam, Rumunija, utakmica"},{"@type":"BreadcrumbList","@id":"https:\/\/serbiantimes.info\/en\/romanian-pm-attacks-kurti-he-wants-to-politicize-the-match-events-threatens-with-penalties\/#breadcrumblist","itemListElement":[{"@type":"ListItem","@id":"https:\/\/serbiantimes.info\/en#listItem","position":1,"name":"Home","item":"https:\/\/serbiantimes.info\/en","nextItem":{"@type":"ListItem","@id":"https:\/\/serbiantimes.info\/en\/category\/sport\/#listItem","name":"SPORT"}},{"@type":"ListItem","@id":"https:\/\/serbiantimes.info\/en\/category\/sport\/#listItem","position":2,"name":"SPORT","item":"https:\/\/serbiantimes.info\/en\/category\/sport\/","nextItem":{"@type":"ListItem","@id":"https:\/\/serbiantimes.info\/en\/romanian-pm-attacks-kurti-he-wants-to-politicize-the-match-events-threatens-with-penalties\/#listItem","name":"ROMANIAN PM ATTACKS KURTI: He wants to politicize the match events, threatens with penalties!"},"previousItem":{"@type":"ListItem","@id":"https:\/\/serbiantimes.info\/en#listItem","name":"Home"}},{"@type":"ListItem","@id":"https:\/\/serbiantimes.info\/en\/romanian-pm-attacks-kurti-he-wants-to-politicize-the-match-events-threatens-with-penalties\/#listItem","position":3,"name":"ROMANIAN PM ATTACKS KURTI: He wants to politicize the match events, threatens with penalties!","previousItem":{"@type":"ListItem","@id":"https:\/\/serbiantimes.info\/en\/category\/sport\/#listItem","name":"SPORT"}}]},{"@type":"Organization","@id":"https:\/\/serbiantimes.info\/en\/#organization","name":"Serbiantimes.info EN","url":"https:\/\/serbiantimes.info\/en\/","logo":{"@type":"ImageObject","url":"https:\/\/serbiantimes.info\/en\/wp-content\/uploads\/sites\/2\/2024\/10\/cropped-cropped-Serbian-Times-Header-Logo-1.png","@id":"https:\/\/serbiantimes.info\/en\/romanian-pm-attacks-kurti-he-wants-to-politicize-the-match-events-threatens-with-penalties\/#organizationLogo","width":480,"height":100},"image":{"@id":"https:\/\/serbiantimes.info\/en\/romanian-pm-attacks-kurti-he-wants-to-politicize-the-match-events-threatens-with-penalties\/#organizationLogo"}},{"@type":"Person","@id":"https:\/\/serbiantimes.info\/en\/author\/serbiantimes-portal\/#author","url":"https:\/\/serbiantimes.info\/en\/author\/serbiantimes-portal\/","name":"Serbian Times","image":{"@type":"ImageObject","@id":"https:\/\/serbiantimes.info\/en\/romanian-pm-attacks-kurti-he-wants-to-politicize-the-match-events-threatens-with-penalties\/#authorImage","url":"https:\/\/secure.gravatar.com\/avatar\/ea76e009769270b4193e2bc7e032c096b4ae135483ec03b396fd0f520bc3dcfd?s=96&d=mm&r=g","width":96,"height":96,"caption":"Serbian Times"}},{"@type":"WebPage","@id":"https:\/\/serbiantimes.info\/en\/romanian-pm-attacks-kurti-he-wants-to-politicize-the-match-events-threatens-with-penalties\/#webpage","url":"https:\/\/serbiantimes.info\/en\/romanian-pm-attacks-kurti-he-wants-to-politicize-the-match-events-threatens-with-penalties\/","name":"ROMANIAN PM ATTACKS KURTI: He wants to politicize the match events, threatens with penalties! | Serbiantimes.info EN","description":"The match between the Romanian national team and the so-called state of Kosovo was interrupted in Bucharest during stoppage time when the visiting players left the field due to chants from the home fans. Romanian fans chanted \"Serbia, Serbia\" and \"Kosovo is Serbia,\" which the visiting players characterized as racism. Although parts of the stands","inLanguage":"en-US","isPartOf":{"@id":"https:\/\/serbiantimes.info\/en\/#website"},"breadcrumb":{"@id":"https:\/\/serbiantimes.info\/en\/romanian-pm-attacks-kurti-he-wants-to-politicize-the-match-events-threatens-with-penalties\/#breadcrumblist"},"author":{"@id":"https:\/\/serbiantimes.info\/en\/author\/serbiantimes-portal\/#author"},"creator":{"@id":"https:\/\/serbiantimes.info\/en\/author\/serbiantimes-portal\/#author"},"image":{"@type":"ImageObject","url":"https:\/\/serbiantimes.info\/en\/wp-content\/uploads\/sites\/2\/2024\/11\/rumunija-kosovo.jpg","@id":"https:\/\/serbiantimes.info\/en\/romanian-pm-attacks-kurti-he-wants-to-politicize-the-match-events-threatens-with-penalties\/#mainImage","width":1202,"height":750},"primaryImageOfPage":{"@id":"https:\/\/serbiantimes.info\/en\/romanian-pm-attacks-kurti-he-wants-to-politicize-the-match-events-threatens-with-penalties\/#mainImage"},"datePublished":"2024-11-18T12:24:27+02:00","dateModified":"2024-11-18T12:24:28+02:00"},{"@type":"WebSite","@id":"https:\/\/serbiantimes.info\/en\/#website","url":"https:\/\/serbiantimes.info\/en\/","name":"Serbiantimes.info EN","inLanguage":"en-US","publisher":{"@id":"https:\/\/serbiantimes.info\/en\/#organization"}}]},"og:locale":"en_US","og:site_name":"Serbiantimes.info EN |","og:type":"article","og:title":"ROMANIAN PM ATTACKS KURTI: He wants to politicize the match events, threatens with penalties! | Serbiantimes.info EN","og:description":"The match between the Romanian national team and the so-called state of Kosovo was interrupted in Bucharest during stoppage time when the visiting players left the field due to chants from the home fans. Romanian fans chanted &quot;Serbia, Serbia&quot; and &quot;Kosovo is Serbia,&quot; which the visiting players characterized as racism. Although parts of the stands","og:url":"https:\/\/serbiantimes.info\/en\/romanian-pm-attacks-kurti-he-wants-to-politicize-the-match-events-threatens-with-penalties\/","og:image":"https:\/\/serbiantimes.info\/en\/wp-content\/uploads\/sites\/2\/2024\/11\/rumunija-kosovo.jpg","og:image:secure_url":"https:\/\/serbiantimes.info\/en\/wp-content\/uploads\/sites\/2\/2024\/11\/rumunija-kosovo.jpg","og:image:width":1202,"og:image:height":750,"article:published_time":"2024-11-18T10:24:27+00:00","article:modified_time":"2024-11-18T10:24:28+00:00","twitter:card":"summary_large_image","twitter:title":"ROMANIAN PM ATTACKS KURTI: He wants to politicize the match events, threatens with penalties! | Serbiantimes.info EN","twitter:description":"The match between the Romanian national team and the so-called state of Kosovo was interrupted in Bucharest during stoppage time when the visiting players left the field due to chants from the home fans. Romanian fans chanted &quot;Serbia, Serbia&quot; and &quot;Kosovo is Serbia,&quot; which the visiting players characterized as racism. Although parts of the stands","twitter:image":"https:\/\/serbiantimes.info\/en\/wp-content\/uploads\/sites\/2\/2024\/11\/rumunija-kosovo.jpg"},"aioseo_meta_data":{"post_id":"156598","title":null,"description":null,"keywords":null,"keyphrases":{"focus":{"keyphrase":"","score":0,"analysis":{"keyphraseInTitle":{"score":0,"maxScore":9,"error":1}}},"additional":[]},"primary_term":null,"canonical_url":null,"og_title":null,"og_description":null,"og_object_type":"default","og_image_type":"default","og_image_url":null,"og_image_width":null,"og_image_height":null,"og_image_custom_url":null,"og_image_custom_fields":null,"og_video":"","og_custom_url":null,"og_article_section":null,"og_article_tags":null,"twitter_use_og":false,"twitter_card":"default","twitter_image_type":"default","twitter_image_url":null,"twitter_image_custom_url":null,"twitter_image_custom_fields":null,"twitter_title":null,"twitter_description":null,"schema":{"blockGraphs":[],"customGraphs":[],"default":{"data":{"Article":[],"Course":[],"Dataset":[],"FAQPage":[],"Movie":[],"Person":[],"Product":[],"ProductReview":[],"Car":[],"Recipe":[],"Service":[],"SoftwareApplication":[],"WebPage":[]},"graphName":"BlogPosting","isEnabled":true},"graphs":[]},"schema_type":"default","schema_type_options":null,"pillar_content":false,"robots_default":true,"robots_noindex":false,"robots_noarchive":false,"robots_nosnippet":false,"robots_nofollow":false,"robots_noimageindex":false,"robots_noodp":false,"robots_notranslate":false,"robots_max_snippet":"-1","robots_max_videopreview":"-1","robots_max_imagepreview":"large","priority":null,"frequency":"default","local_seo":null,"breadcrumb_settings":null,"limit_modified_date":false,"ai":null,"created":"2024-11-18 10:24:28","updated":"2025-06-26 15:38:05","focus_keyword":null,"additional_keywords":null,"truseo_locale":null,"seo_analyzer_scan_date":null},"aioseo_breadcrumb":"<div class=\"aioseo-breadcrumbs\"><span class=\"aioseo-breadcrumb\">\n\t\t\t<a href=\"https:\/\/serbiantimes.info\/en\" title=\"Home\">Home<\/a>\n\t\t<\/span><span class=\"aioseo-breadcrumb-separator\">&raquo;<\/span><span class=\"aioseo-breadcrumb\">\n\t\t\t<a href=\"https:\/\/serbiantimes.info\/en\/category\/sport\/\" title=\"SPORT\">SPORT<\/a>\n\t\t<\/span><span class=\"aioseo-breadcrumb-separator\">&raquo;<\/span><span class=\"aioseo-breadcrumb\">\n\t\t\tROMANIAN PM ATTACKS KURTI: He wants to politicize the match events, threatens with penalties!\n\t\t<\/span><\/div>","aioseo_breadcrumb_json":[{"label":"Home","link":"https:\/\/serbiantimes.info\/en"},{"label":"SPORT","link":"https:\/\/serbiantimes.info\/en\/category\/sport\/"},{"label":"ROMANIAN PM ATTACKS KURTI: He wants to politicize the match events, threatens with penalties!","link":"https:\/\/serbiantimes.info\/en\/romanian-pm-attacks-kurti-he-wants-to-politicize-the-match-events-threatens-with-penalties\/"}],"distributor_meta":false,"distributor_terms":false,"distributor_media":false,"distributor_original_site_name":"Serbiantimes.info EN","distributor_original_site_url":"https:\/\/serbiantimes.info\/en","push-errors":false,"_links":{"self":[{"href":"https:\/\/serbiantimes.info\/en\/wp-json\/wp\/v2\/posts\/156598","targetHints":{"allow":["GET"]}}],"collection":[{"href":"https:\/\/serbiantimes.info\/en\/wp-json\/wp\/v2\/posts"}],"about":[{"href":"https:\/\/serbiantimes.info\/en\/wp-json\/wp\/v2\/types\/post"}],"author":[{"embeddable":true,"href":"https:\/\/serbiantimes.info\/en\/wp-json\/wp\/v2\/users\/2169"}],"replies":[{"embeddable":true,"href":"https:\/\/serbiantimes.info\/en\/wp-json\/wp\/v2\/comments?post=156598"}],"version-history":[{"count":1,"href":"https:\/\/serbiantimes.info\/en\/wp-json\/wp\/v2\/posts\/156598\/revisions"}],"predecessor-version":[{"id":156603,"href":"https:\/\/serbiantimes.info\/en\/wp-json\/wp\/v2\/posts\/156598\/revisions\/156603"}],"wp:featuredmedia":[{"embeddable":true,"href":"https:\/\/serbiantimes.info\/en\/wp-json\/wp\/v2\/media\/156599"}],"wp:attachment":[{"href":"https:\/\/serbiantimes.info\/en\/wp-json\/wp\/v2\/media?parent=156598"}],"wp:term":[{"taxonomy":"category","embeddable":true,"href":"https:\/\/serbiantimes.info\/en\/wp-json\/wp\/v2\/categories?post=156598"},{"taxonomy":"post_tag","embeddable":true,"href":"https:\/\/serbiantimes.info\/en\/wp-json\/wp\/v2\/tags?post=156598"}],"curies":[{"name":"wp","href":"https:\/\/api.w.org\/{rel}","templated":true}]}}