{"id":156534,"date":"2024-11-16T19:24:14","date_gmt":"2024-11-16T17:24:14","guid":{"rendered":"https:\/\/serbiantimes.info\/en\/?p=156534"},"modified":"2024-11-16T19:24:14","modified_gmt":"2024-11-16T17:24:14","slug":"kosovo-serbs-continue-to-face-persecution-another-serb-arrested-and-imprisoned-in-kosovo-and-metohija","status":"publish","type":"post","link":"https:\/\/serbiantimes.info\/en\/kosovo-serbs-continue-to-face-persecution-another-serb-arrested-and-imprisoned-in-kosovo-and-metohija\/","title":{"rendered":"KOSOVO SERBS CONTINUE TO FACE PERSECUTION: Another Serb Arrested and Imprisoned in Kosovo and Metohija"},"content":{"rendered":"\n<p><strong><em>M.D. from Babin Most, who was arrested in North Mitrovica in Kosovo and Metohija, has been ordered to be detained for 30 days, his lawyer Neboj\u0161a Dan\u010detovi\u0107 confirmed today.<\/em><\/strong><\/p>\n\n\n\n<p>M.D. is accused of participating in events in front of the Zvecan municipality in May of last year, and the prosecution charges him with four criminal offenses: attack on the constitutional order of so-called Kosovo, endangering a person under international protection, assault on an official, and participation in a crowd that committed the criminal offense of hooliganism. <\/p>\n\n\n\n<p>Dan\u010detovi\u0107 said that the prosecution&#8217;s evidence is unfounded and that these are some fabricated photographs &#8211; that he was seen in a yellow sweater at the protest, holding something in his hand, but it is not visible whether it is a water bottle.<\/p>\n\n\n\n<p>He confirmed that his client was at the protest that day, but that he did so because of political disagreement and that this cannot be qualified as an attack on the constitutional order.<\/p>\n\n\n\n<p>&#8220;It is true that he was at the protest, but he did not injure any soldier, nor did he participate in the attack on international officials,&#8221; Dan\u010detovi\u0107 said, adding that the court will only deliver the detention order in Serbian on Monday and that he will file an appeal.<\/p>\n\n\n\n<h4 class=\"wp-block-heading\"><mark>READ MORE:<\/mark><\/h4>\n\n\n\n<p><strong><a href=\"https:\/\/serbiantimes.info\/en\/unforgettable-crime-brutal-murder-in-novi-sad-son-hacks-mother-to-death-with-a-chainsaw\/\">GRUESOME CRIME: Brutal murder in Novi Sad, son hacks mother to death with a chainsaw!<\/a><\/strong><\/p>\n\n\n\n<p><strong><a href=\"https:\/\/serbiantimes.info\/en\/this-is-the-plan-for-dismantling-the-deep-state-trump-presents-an-agenda-to-fundamentally-change-the-us-video\/\">THIS IS THE PLAN FOR DISMANTLING THE \u201cDEEP STATE\u201d: Trump presents an agenda to fundamentally change the US! (VIDEO)<\/a><\/strong><\/p>\n\n\n\n<p><strong><a href=\"https:\/\/serbiantimes.info\/en\/trump-thanks-serbs-for-their-great-support-a-chicago-businessman-reveals-what-the-celebration-looked-like-at-the-headquarters-of-the-new-us-president\/\">\u201cTRUMP THANKS SERBS FOR THEIR GREAT SUPPORT\u201d: A Chicago businessman reveals what the celebration looked like at the headquarters of the new US president!<\/a><\/strong><\/p>\n\n\n\n<p><strong><a href=\"https:\/\/serbiantimes.info\/en\/demanding-accountability-novi-sad-residents-stand-in-silence-for-14-minutes-belgrade-joins-in-solidarity-video\/\">DEMANDING ACCOUNTABILITY: Novi Sad residents stand in silence for 14 minutes, Belgrade joins in solidarity (VIDEO)<\/a><\/strong><\/p>\n","protected":false},"excerpt":{"rendered":"<p>M.D. from Babin Most, who was arrested in North Mitrovica in Kosovo and Metohija, has been ordered to be detained for 30 days, his lawyer Neboj\u0161a Dan\u010detovi\u0107 confirmed today. M.D. is accused of participating in events in front of the Zvecan municipality in May of last year, and the prosecution charges him with four criminal [&hellip;]<\/p>\n","protected":false},"author":8,"featured_media":100000152672,"comment_status":"open","ping_status":"open","sticky":false,"template":"","format":"standard","meta":{"newspack_featured_image_position":"","newspack_post_subtitle":"","newspack_article_summary_title":"Overview:","newspack_article_summary":"","newspack_hide_updated_date":false,"newspack_show_updated_date":false,"footnotes":""},"categories":[7],"tags":[136,2261,2624],"class_list":["post-156534","post","type-post","status-publish","format-standard","has-post-thumbnail","hentry","category-serbia","tag-kosovo-and-metohija","tag-kosovo-serbs","tag-serb-imprisoned","entry"],"aioseo_notices":[],"distributor_meta":false,"distributor_terms":false,"distributor_media":false,"distributor_original_site_name":"Serbiantimes.info EN","distributor_original_site_url":"https:\/\/serbiantimes.info\/en","push-errors":false,"_links":{"self":[{"href":"https:\/\/serbiantimes.info\/en\/wp-json\/wp\/v2\/posts\/156534","targetHints":{"allow":["GET"]}}],"collection":[{"href":"https:\/\/serbiantimes.info\/en\/wp-json\/wp\/v2\/posts"}],"about":[{"href":"https:\/\/serbiantimes.info\/en\/wp-json\/wp\/v2\/types\/post"}],"author":[{"embeddable":true,"href":"https:\/\/serbiantimes.info\/en\/wp-json\/wp\/v2\/users\/8"}],"replies":[{"embeddable":true,"href":"https:\/\/serbiantimes.info\/en\/wp-json\/wp\/v2\/comments?post=156534"}],"version-history":[{"count":1,"href":"https:\/\/serbiantimes.info\/en\/wp-json\/wp\/v2\/posts\/156534\/revisions"}],"predecessor-version":[{"id":156535,"href":"https:\/\/serbiantimes.info\/en\/wp-json\/wp\/v2\/posts\/156534\/revisions\/156535"}],"wp:featuredmedia":[{"embeddable":true,"href":"https:\/\/serbiantimes.info\/en\/wp-json\/"}],"wp:attachment":[{"href":"https:\/\/serbiantimes.info\/en\/wp-json\/wp\/v2\/media?parent=156534"}],"wp:term":[{"taxonomy":"category","embeddable":true,"href":"https:\/\/serbiantimes.info\/en\/wp-json\/wp\/v2\/categories?post=156534"},{"taxonomy":"post_tag","embeddable":true,"href":"https:\/\/serbiantimes.info\/en\/wp-json\/wp\/v2\/tags?post=156534"}],"curies":[{"name":"wp","href":"https:\/\/api.w.org\/{rel}","templated":true}]}}