{"id":155890,"date":"2024-11-02T20:07:47","date_gmt":"2024-11-02T18:07:47","guid":{"rendered":"https:\/\/serbiantimes.info\/en\/?p=155890"},"modified":"2024-11-02T20:07:48","modified_gmt":"2024-11-02T18:07:48","slug":"engineer-involved-in-railway-station-renovation-instead-of-repairs-they-just-painted-over-it-everyone-should-resign","status":"publish","type":"post","link":"https:\/\/serbiantimes.info\/en\/engineer-involved-in-railway-station-renovation-instead-of-repairs-they-just-painted-over-it-everyone-should-resign\/","title":{"rendered":"ENGINEER INVOLVED IN RAILWAY STATION RENOVATION: &#8220;Instead of repairs, they just painted over it, everyone should resign!&#8221;"},"content":{"rendered":"\n<p>Zoran \u0110aji\u0107, a geological engineer who worked on the renovation of the <strong><a href=\"https:\/\/serbiantimes.info\/en\/tag\/novi-sad\" target=\"_blank\" rel=\"noopener\" title=\"\">Novi Sad<\/a><\/strong> Railway Station until March 2023, claims that work was done on the canopy and that Minister Vesi\u0107&#8217;s statements are inaccurate. He further states that despite sending numerous letters requesting the removal of the facade plates to inspect the underlying structure, he received no response.<\/p>\n\n\n\n<p>In one of the photographs included in his report, \u0110aji\u0107 pointed out a section of concrete behind one of these plates. Part of the concrete was missing, and in its place were &#8220;crumpled cement bags to reduce the amount of concrete used.&#8221;<\/p>\n\n\n\n<h4 class=\"wp-block-heading\"><mark style=\"background-color:#FFFFFF;color:#d21414\" class=\"has-inline-color\">FOLLOW US ON FACEBOOK:<\/mark><\/h4>\n\n\n\n<iframe loading=\"lazy\" src=\"https:\/\/www.facebook.com\/plugins\/post.php?href=https%3A%2F%2Fwww.facebook.com%2Fserbiantimes%2Fposts%2Fpfbid02DjGxy1DqEE9W4pdWXaqbAvu9yH99RwqZbEFjaMd7AWr6spNcMNGiQVN81r7GhUfkl&#038;show_text=true&#038;width=500\" width=\"500\" height=\"250\" style=\"border:none;overflow:hidden\" scrolling=\"no\" frameborder=\"0\" allowfullscreen=\"true\" allow=\"autoplay; clipboard-write; encrypted-media; picture-in-picture; web-share\"><\/iframe>\n\n\n\n<p>Zoran \u0110aji\u0107 worked as a consultant for the CIP Traffic Institute during the development of the renovation project for the Novi Sad Railway Station.<\/p>\n\n\n\n<p>&#8220;I think the answers are there. I don&#8217;t see why or what we&#8217;re waiting for. First of all, what the officials are saying is not true. Work was done on the canopy. In the first phase, the ceramic tiles on the ceiling were repaired, and the canopy was merely given a facelift. In the second phase, while working on the building&#8217;s facade and the reconstruction of the stone cladding, I sent a report in March 2023 to the contractors, and everyone from the ministry down received these reports, in which I requested that the marble plates be removed from the building&#8217;s facade to check the condition of the underlying surface, repair the substrate, and install new marble plates, which was originally planned in the project,&#8221; he said in an interview with N1.<\/p>\n\n\n\n<figure class=\"wp-block-image\" id=\"attachment_9725797\"><img decoding=\"async\" src=\"https:\/\/nova.rs\/wp-content\/uploads\/2024\/11\/01\/1730490827-Novi-Sad-paljenje-sveca-na-trgu-foto-nenad-mihajlovic-4-1024x768.jpg\" alt=\"\" class=\"wp-image-9725797\"\/><figcaption class=\"wp-element-caption\">U Novom Sadu gra\u0111ani ve\u010deras pale sve\u0107e za \u017ertve nesre\u0107e koja se dogodila na \u017delezni\u010dkoj stanici Foto:Nenad Mihajlovi\u0107<\/figcaption><\/figure>\n\n\n\n<p>He explained that there were weights on that facade that held up the canopies.<\/p>\n\n\n\n<p>&#8220;These were cables that descended from the roof structure to strengthen the canopy&#8217;s console. It didn&#8217;t have any columns. It stood with the console attached to the building, and the entire canopy was supported by weights attached to the top of the building, specifically at that distinctive jagged part. If those plates had been removed then, they would probably have noticed that the substrate was not good and might have noticed that these weights might have corroded,&#8221; said \u0110aji\u0107.<\/p>\n\n\n\n<p>The geological engineer emphasized that he doesn&#8217;t know what the condition was there, but &#8220;the fact is that that part wasn&#8217;t done, and the contractor decided to simply repaint the plates that should have been replaced.&#8221;<\/p>\n\n\n\n<p>&#8220;The substrate of those plates should have been repaired. It&#8217;s not true that no work was done on the canopy because the canopy was later covered with glass, and the designer in 1965, when he was working on the station, made consoles, and the front part was connected, and there were empty spaces between them, and those weights held that amount of concrete and that material,&#8221; he said.<\/p>\n\n\n\n<p>He doesn&#8217;t know who decided to cover everything up and in what way.<\/p>\n\n\n\n<p>&#8220;But whoever did, they should have checked the load-bearing capacity of those weights beforehand \u2013 a static analysis must be done, complete calculations must be done to see if that canopy could be further loaded or not. I was there from the official stone supervision until June 2023 when my contract expired, they didn&#8217;t hire me anymore. This work was done later, so I don&#8217;t have direct insight into who exactly did it, but it is known who the contractor was, it is known which companies were doing the work at that time, so we have official supervision, we have a design house, we have contractors, and we have former Minister Tomislav Momirovi\u0107 who visited the building while we were working and the current minister. The primary and main responsibility lies with the minister, and he must resign, and then down the line, everyone else,&#8221; he said.<\/p>\n\n\n\n<figure class=\"wp-block-image\" id=\"attachment_9724469\"><img decoding=\"async\" src=\"https:\/\/nova.rs\/wp-content\/uploads\/2024\/11\/01\/1730476631-Beta-mzdjpa7n8v-1024x683.jpg\" alt=\"\" class=\"wp-image-9724469\"\/><figcaption class=\"wp-element-caption\">\u017delezni\u010dka stanica u Novom Sadu Foto:BETAPHOTO\/DRAGAN GOJIC<\/figcaption><\/figure>\n\n\n\n<p>\u0110aji\u0107 says he contacted the media because he also feels responsible for the victims and the accident that happened.<\/p>\n\n\n\n<p>&#8220;I constantly think about the fact that if those plates had been removed, maybe they would have seen what condition those weights were in. I feel my responsibility there, maybe I could have insisted on it further. However, of course, I wrote recommendations on what to do, I sent reports to 20 addresses, all of my reports are available, and in one of those reports, it&#8217;s February 2023, I wrote that those plates must be removed and the substrate under those plates must be fixed,&#8221; he emphasized.<\/p>\n\n\n\n<p>In one of the photographs he published in that report, he said, you can see that behind one of those plates there is a part of the concrete, and part of the concrete is missing and instead of it &#8220;crumpled cement bags were stuffed in to put less concrete inside.&#8221;<\/p>\n\n\n\n<p>&#8220;You can imagine what the substrate was like, in what condition that concrete was for which those weights were pressed! Maybe they gave way because they corroded in the meantime, or maybe they gave way because that concrete could no longer support all that. Of course, it will be determined, now that everything is looked at, it will be determined what gave way, the weights or the concrete,&#8221; he said.<\/p>\n\n\n\n<figure class=\"wp-block-image\" id=\"attachment_9724452\"><img decoding=\"async\" src=\"https:\/\/nova.rs\/wp-content\/uploads\/2024\/11\/01\/1730476601-45764c777a04455b8dd733cdbef1af95-2-cb0df89ee1e8423e9a8f50a8af831f0d-1024x655.jpg\" alt=\"\" class=\"wp-image-9724452\"\/><figcaption class=\"wp-element-caption\">\u017delezni\u010dka stanica u Novom Sadu Foto:Interior Ministry of Serbia via AP<\/figcaption><\/figure>\n\n\n\n<p>The engineer adds that three days before that, he and his grandchildren were in that station and sitting under the canopies.<\/p>\n\n\n\n<p>When asked if he received any response to his letters and reports, he replied \u2013 no.<\/p>\n\n\n\n<p>&#8220;No one did, I insisted several times that those plates be removed. All other parts, facades and floors and so on, were all done according to the project and according to my reports. No one wanted to do that part. And it was painted before one visit by the president, they often came there, of course, the current prime minister also came who bears absolute responsibility for all of that, because at that time he was the mayor. Whenever they came, they would bring companies from Novi Sad, who would make up the building, paint, and of course charge,&#8221; he said.<\/p>\n\n\n\n<p>He says it is absolutely impossible to reconstruct such a large object without one such part of it.<\/p>\n\n\n\n<p>&#8220;That&#8217;s why I&#8217;m saying, the minister is not telling the truth,&#8221; he said.<\/p>\n\n\n\n<figure class=\"wp-block-image\" id=\"attachment_9723117\"><img decoding=\"async\" src=\"https:\/\/nova.rs\/wp-content\/uploads\/2024\/11\/01\/1730466439-Beta-6u8oekrvkg-1024x683.jpg\" alt=\"\" class=\"wp-image-9723117\"\/><figcaption class=\"wp-element-caption\">\u017delezni\u010dka stanica u Novom Sadu Foto:BETAPHOTO\/DRAGAN GOJIC<\/figcaption><\/figure>\n\n\n\n<h4 class=\"wp-block-heading\"><mark><mark style=\"background-color:rgba(0, 0, 0, 0);color:#cb3737\" class=\"has-inline-color\">READ MORE:<\/mark><\/mark><\/h4>\n\n\n\n<p><a href=\"https:\/\/serbiantimes.info\/en\/terrible-accident-in-novi-sad-the-roof-of-the-railway-station-collapsed-and-all-emergency-services-are-on-the-scene-video\/\" target=\"_blank\" rel=\"noreferrer noopener\">TERRIBLE ACCIDENT IN NOVI SAD: The roof of the Railway Station collapsed, and all emergency services are on the scene! (VIDEO)<\/a><\/p>\n\n\n\n<p><a href=\"https:\/\/serbiantimes.info\/en\/eight-bodies-recovered-from-rubble-in-novi-sad-two-people-urgently-taken-to-hospital\/\" target=\"_blank\" rel=\"noreferrer noopener\">EIGHT BODIES RECOVERED FROM RUBBLE IN NOVI SAD: Two people urgently taken to hospital!<\/a><\/p>\n\n\n\n<p><a href=\"https:\/\/serbiantimes.info\/en\/serbia-in-tears-three-day-mourning-declared-in-novi-sad-due-to-the-terrible-tragedy-at-the-railway-station\/\" target=\"_blank\" rel=\"noreferrer noopener\">SERBIA IN TEARS: Three-day mourning declared in Novi Sad due to the terrible tragedy at the Railway Station!<\/a><\/p>\n\n\n\n<p>izvor: Nova.rs<br>foto: AP Photo\/Interior Ministry of Serbia\/HO<\/p>\n","protected":false},"excerpt":{"rendered":"<p>Zoran \u0110aji\u0107, a geological engineer who worked on the renovation of the Novi Sad Railway Station until March 2023, claims that work was done on the canopy and that Minister Vesi\u0107&#8217;s statements are inaccurate. He further states that despite sending numerous letters requesting the removal of the facade plates to inspect the underlying structure, he [&hellip;]<\/p>\n","protected":false},"author":2169,"featured_media":155891,"comment_status":"open","ping_status":"open","sticky":false,"template":"","format":"standard","meta":{"newspack_featured_image_position":"","newspack_post_subtitle":"","newspack_article_summary_title":"Overview:","newspack_article_summary":"","newspack_hide_updated_date":false,"newspack_show_updated_date":false,"footnotes":""},"categories":[7],"tags":[2088,2089,2090,2048,806,2091,2064,2096,262,2065,2092,2095],"class_list":["post-155890","post","type-post","status-publish","format-standard","has-post-thumbnail","hentry","category-serbia","tag-goranv-esic","tag-inzinjer","tag-ministar-goran-vesic","tag-nadstresnica","tag-novi-sad","tag-ostavke","tag-railway-station","tag-serbian-railway","tag-tragedija","tag-train-station","tag-zeleznicka-stanica-3","tag-zoran-dajic","entry"],"aioseo_notices":[],"distributor_meta":false,"distributor_terms":false,"distributor_media":false,"distributor_original_site_name":"Serbiantimes.info EN","distributor_original_site_url":"https:\/\/serbiantimes.info\/en","push-errors":false,"_links":{"self":[{"href":"https:\/\/serbiantimes.info\/en\/wp-json\/wp\/v2\/posts\/155890","targetHints":{"allow":["GET"]}}],"collection":[{"href":"https:\/\/serbiantimes.info\/en\/wp-json\/wp\/v2\/posts"}],"about":[{"href":"https:\/\/serbiantimes.info\/en\/wp-json\/wp\/v2\/types\/post"}],"author":[{"embeddable":true,"href":"https:\/\/serbiantimes.info\/en\/wp-json\/wp\/v2\/users\/2169"}],"replies":[{"embeddable":true,"href":"https:\/\/serbiantimes.info\/en\/wp-json\/wp\/v2\/comments?post=155890"}],"version-history":[{"count":1,"href":"https:\/\/serbiantimes.info\/en\/wp-json\/wp\/v2\/posts\/155890\/revisions"}],"predecessor-version":[{"id":155896,"href":"https:\/\/serbiantimes.info\/en\/wp-json\/wp\/v2\/posts\/155890\/revisions\/155896"}],"wp:featuredmedia":[{"embeddable":true,"href":"https:\/\/serbiantimes.info\/en\/wp-json\/wp\/v2\/media\/155891"}],"wp:attachment":[{"href":"https:\/\/serbiantimes.info\/en\/wp-json\/wp\/v2\/media?parent=155890"}],"wp:term":[{"taxonomy":"category","embeddable":true,"href":"https:\/\/serbiantimes.info\/en\/wp-json\/wp\/v2\/categories?post=155890"},{"taxonomy":"post_tag","embeddable":true,"href":"https:\/\/serbiantimes.info\/en\/wp-json\/wp\/v2\/tags?post=155890"}],"curies":[{"name":"wp","href":"https:\/\/api.w.org\/{rel}","templated":true}]}}