{"id":155754,"date":"2024-10-31T17:55:04","date_gmt":"2024-10-31T15:55:04","guid":{"rendered":"https:\/\/serbiantimes.info\/en\/?p=155754"},"modified":"2024-10-31T17:55:06","modified_gmt":"2024-10-31T15:55:06","slug":"the-post-mortem-ordeal-of-the-great-vladika-njegos-left-a-testament-to-the-montenegrins-that-remains-unfulfilled-to-this-day","status":"publish","type":"post","link":"https:\/\/serbiantimes.info\/en\/the-post-mortem-ordeal-of-the-great-vladika-njegos-left-a-testament-to-the-montenegrins-that-remains-unfulfilled-to-this-day\/","title":{"rendered":"THE POST-MORTEM ORDEAL OF THE GREAT VLADIKA: Njego\u0161 left a testament to the Montenegrins that remains unfulfilled to this day!"},"content":{"rendered":"\n<p class=\"wp-block-paragraph\">Njego\u0161&#8217;s mausoleum on Lov\u0107en is today one of the most recognizable symbols of Montenegro, visited by thousands of tourists annually. Here rest the remains of one of Montenegro&#8217;s greatest spiritual and secular rulers, as well as one of the greatest Serbian poets and philosophers. However, few people know that the path of the esteemed Vladika to this place was long, thorny, and even extremely humiliating.<\/p>\n\n\n\n<p class=\"wp-block-paragraph\">Near the end of his life in 1845, the same year his masterpiece &#8220;The Mountain Wreath&#8221; was printed in Belgrade, Vladika Petar II Petrovi\u0107 Njego\u0161 ordered a modest chapel to be built on Lov\u0107en, at Jezerski vrh. He dedicated the church to his uncle, Saint Peter of Cetinje, and expressed his wish to be buried there, without much pomp and ceremony.<\/p>\n\n\n\n<figure class=\"wp-block-image size-large\"><img decoding=\"async\" src=\"http:\/\/serbiantimes.info\/wp-content\/uploads\/2020\/10\/Clipboard01-26-1024x667.jpg\" alt=\"\" class=\"wp-image-23235\"\/><figcaption class=\"wp-element-caption\">Mauzolej Petra II Petrovi\u0107a Njego\u0161a na Lov\u0107enu \/ Wikimedia Creative Commons<\/figcaption><\/figure>\n\n\n\n<p class=\"wp-block-paragraph\">At that time, no one could have imagined that this last wish of the great Vladika would be incredibly difficult to fulfill and that Njego\u0161 would face a real ordeal only after his death.<\/p>\n\n\n\n<figure class=\"wp-block-image size-large\"><img decoding=\"async\" src=\"http:\/\/serbiantimes.info\/wp-content\/uploads\/2020\/10\/Njegosh_vladika-1024x722.jpg\" alt=\"\" class=\"wp-image-23236\"\/><figcaption class=\"wp-element-caption\">Petar II Petrovi\u0107 Njego\u0161 \/ Wikimedia Creative Commons<\/figcaption><\/figure>\n\n\n\n<p class=\"wp-block-paragraph\">Njego\u0161&#8217;s Testament and &#8220;Curse&#8221; Milorad Medakovi\u0107, Njego\u0161&#8217;s adjutant and friend, recorded the words with which the Vladika obliged the Montenegrins to bury him in his church on Lov\u0107en: &#8220;This is my last wish, which I ask you to fulfill, and if you do not give me God&#8217;s faith that you will do so, as I want, then I will leave you before a curse, and my last hour will be the saddest for me, and I place this sorrow of mine on your conscience.&#8221;<\/p>\n\n\n\n<figure class=\"wp-block-image size-large\"><img decoding=\"async\" src=\"http:\/\/serbiantimes.info\/wp-content\/uploads\/2020\/10\/Cetinje_monastery-1024x768.jpg\" alt=\"\" class=\"wp-image-23234\"\/><\/figure>\n\n\n\n<p class=\"wp-block-paragraph\">Five Graves for Petar II Petrovi\u0107 Njego\u0161 Petar II Petrovi\u0107 Njego\u0161 died on this day, October 31, 1851, but his testament could not be immediately fulfilled. &#8220;Although Njego\u0161 explicitly left instructions to be buried on Lov\u0107en, the Montenegrins feared that the Turks might reach the mountain and desecrate his mortal remains. Therefore, instead of his own chapel, Njego\u0161 was first buried in the Cetinje monastery where the relics of his uncle, Saint Peter of Cetinje, rested,&#8221; says historian Dobrica Jovi\u010di\u0107. Four years later, in 1855, it was assessed that there was no longer any danger from the Turks, so Njego\u0161&#8217;s remains were transferred to Lov\u0107en, thus fulfilling his last wish for the first time.<\/p>\n\n\n\n<figure class=\"wp-block-image size-large\"><img decoding=\"async\" src=\"http:\/\/serbiantimes.info\/wp-content\/uploads\/2020\/10\/Tablja_tower-1024x823.jpg\" alt=\"\" class=\"wp-image-23240\"\/><figcaption class=\"wp-element-caption\">Tvr\u0111ava Tablja \/ Wikimedia Creative Commons<\/figcaption><\/figure>\n\n\n\n<p class=\"wp-block-paragraph\">It seemed that the Vladika had finally found eternal peace, but it turned out that the worst years were yet to come&#8230; &#8220;During the First World War, the Austro-Hungarians heavily bombed Lov\u0107en and the chapel, probably knowing the importance that the Serbs and Montenegrins attached to this place. After the Battle of Mojkovac and the occupation in 1916, the Austro-Hungarians desecrated Njego\u0161&#8217;s grave and ordered his remains to be transferred back to Cetinje,&#8221; explains Jovi\u010di\u0107, adding that the occupiers planned to completely destroy the chapel and build a monument on that site as a sign of Austrian conquest of Lov\u0107en. According to some records, the exhumation of Njego\u0161&#8217;s bones was carried out secretly, at night, and since the grave was dug by soldiers, many bones were lost due to carelessness. The story goes that an Austrian soldier of Serbian origin later found three bones in the ruined grave, kept them throughout the war, and only then delivered them to Cetinje.<\/p>\n\n\n\n<figure class=\"wp-block-embed is-type-video is-provider-youtube wp-block-embed-youtube wp-embed-aspect-4-3 wp-has-aspect-ratio\"><div class=\"wp-block-embed__wrapper\">\n<iframe loading=\"lazy\" title=\"Ru\u0161enje Kapele na Lov\u0107enu 1974 (Demolition of the chapel on Lovcen 1974)\" width=\"500\" height=\"375\" src=\"https:\/\/www.youtube.com\/embed\/outDDWU4TcU?feature=oembed\" frameborder=\"0\" allow=\"accelerometer; autoplay; clipboard-write; encrypted-media; gyroscope; picture-in-picture; web-share\" referrerpolicy=\"strict-origin-when-cross-origin\" allowfullscreen><\/iframe>\n<\/div><\/figure>\n\n\n\n<p class=\"wp-block-paragraph\">The rest of the article details the subsequent moves of Njego\u0161&#8217;s remains due to various historical events, including their relocation during the Second World War and the eventual construction of the large mausoleum by Ivan Me\u0161trovi\u0107 in the 1970s. The article concludes by noting that Njego\u0161&#8217;s original wish for a simple chapel has never been fully realized, and his remains have been subject to numerous disturbances over the years.<\/p>\n\n\n\n<figure class=\"wp-block-image size-large\"><img decoding=\"async\" src=\"http:\/\/serbiantimes.info\/wp-content\/uploads\/2020\/10\/Srpski_bukvar-1024x835.jpg\" alt=\"\" class=\"wp-image-23239\"\/><figcaption class=\"wp-element-caption\">Prva izdanja Gorskog vijenca i Srbskog bukvara, Petar II Petrovi\u0107 Njego\u0161\/ Wikimedia Creative Commons<\/figcaption><\/figure>\n\n\n\n<p class=\"wp-block-paragraph\"><\/p>\n\n\n\n<figure class=\"wp-block-image size-large\"><img decoding=\"async\" src=\"http:\/\/serbiantimes.info\/wp-content\/uploads\/2020\/10\/Pero_Tomov_Petrovic-Njegos-1024x679.jpg\" alt=\"\" class=\"wp-image-23237\"\/><figcaption class=\"wp-element-caption\">Petar II Petrovi\u0107 Njego\u0161 \/ Wikimedia Creative Commons<\/figcaption><\/figure>\n\n\n\n<h4 class=\"wp-block-heading\"><mark>READ MORE:<\/mark><\/h4>\n\n\n\n<p class=\"wp-block-paragraph\"><a href=\"https:\/\/serbiantimes.info\/en\/brankica-is-the-best-nurse-in-serbia-she-has-been-working-in-healthcare-for-almost-three-decades-and-has-now-won-a-prestigious-award\/\" target=\"_blank\" rel=\"noreferrer noopener\"><strong>BRANKICA IS THE BEST NURSE IN SERBIA: She has been working in healthcare for almost three decades and has now won a prestigious award!<\/strong><\/a><\/p>\n\n\n\n<p class=\"wp-block-paragraph\"><a href=\"https:\/\/serbiantimes.info\/en\/veliki-uspeh-srpskih-rediteljki-sanja-i-emilija-osvojile-nagrade-na-filmskom-festivalu-u-vankuveru\/\" target=\"_blank\" rel=\"noreferrer noopener\"><strong>GREAT SUCCESS FOR SERBIAN FEMALE DIRECTORS: Sanja and Emilija Win Awards at Vancouver Film Festival!<\/strong><\/a><\/p>\n\n\n\n<p class=\"wp-block-paragraph\"><a href=\"https:\/\/serbiantimes.info\/en\/neverovatan-uspeh-srpskih-lekara-prvi-na-svetu-ugradili-petostruki-bajpas-ovom-metodom\/\"><strong>SERBIAN SURGEONS \u2013 FIRST IN THE WORLD TO ACHIEVE THIS: Innovative five-bypass surgery<\/strong><\/a><\/p>\n\n\n\n<p class=\"wp-block-paragraph\">Source: <a href=\"https:\/\/www.istorijskizabavnik.rs\/blog\/gde-je-sahranjen-njegos\" target=\"_blank\" rel=\"noreferrer noopener\">Istorijski Zabavnik<\/a><br>Photo: Wikimedia Creative Commons<\/p>\n","protected":false},"excerpt":{"rendered":"<p>Njego\u0161&#8217;s mausoleum on Lov\u0107en is today one of the most recognizable symbols of Montenegro, visited by thousands of tourists annually. Here rest the remains of one of Montenegro&#8217;s greatest spiritual and secular rulers, as well as one of the greatest Serbian poets and philosophers. However, few people know that the path of the esteemed Vladika [&hellip;]<\/p>\n","protected":false},"author":2169,"featured_media":155761,"comment_status":"open","ping_status":"open","sticky":false,"template":"","format":"standard","meta":{"newspack_featured_image_position":"","newspack_post_subtitle":"","newspack_article_summary_title":"Overview:","newspack_article_summary":"","newspack_hide_updated_date":false,"newspack_show_updated_date":false,"footnotes":""},"categories":[11],"tags":[2004,159,554,2005,2006,2007,64,2008],"class_list":["post-155754","post","type-post","status-publish","format-standard","has-post-thumbnail","hentry","category-history","tag-cetinje","tag-crna-gora","tag-istorija-srbije","tag-ivan-mestrovic","tag-lovcen","tag-mauzolej-na-lovcenu","tag-montenegro","tag-petar-ii-petrovic-njegos","entry"],"aioseo_notices":[],"aioseo_head":"\n\t\t<!-- All in One SEO 5.0.1.1 - aioseo.com -->\n\t<meta name=\"description\" content=\"Njego\u0161&#039;s mausoleum on Lov\u0107en is today one of the most recognizable symbols of Montenegro, visited by thousands of tourists annually. Here rest the remains of one of Montenegro&#039;s greatest spiritual and secular rulers, as well as one of the greatest Serbian poets and philosophers. However, few people know that the path of the esteemed Vladika\" \/>\n\t<meta name=\"robots\" content=\"max-image-preview:large\" \/>\n\t<meta name=\"author\" content=\"Serbian Times\"\/>\n\t<link rel=\"canonical\" href=\"https:\/\/serbiantimes.info\/en\/the-post-mortem-ordeal-of-the-great-vladika-njegos-left-a-testament-to-the-montenegrins-that-remains-unfulfilled-to-this-day\/\" \/>\n\t<meta name=\"generator\" content=\"All in One SEO (AIOSEO) 5.0.1.1\" \/>\n\t\t<meta property=\"og:locale\" content=\"en_US\" \/>\n\t\t<meta property=\"og:site_name\" content=\"Serbiantimes.info EN |\" \/>\n\t\t<meta property=\"og:type\" content=\"article\" \/>\n\t\t<meta property=\"og:title\" content=\"THE POST-MORTEM ORDEAL OF THE GREAT VLADIKA: Njego\u0161 left a testament to the Montenegrins that remains unfulfilled to this day! | Serbiantimes.info EN\" \/>\n\t\t<meta property=\"og:description\" content=\"Njego\u0161&#039;s mausoleum on Lov\u0107en is today one of the most recognizable symbols of Montenegro, visited by thousands of tourists annually. Here rest the remains of one of Montenegro&#039;s greatest spiritual and secular rulers, as well as one of the greatest Serbian poets and philosophers. However, few people know that the path of the esteemed Vladika\" \/>\n\t\t<meta property=\"og:url\" content=\"https:\/\/serbiantimes.info\/en\/the-post-mortem-ordeal-of-the-great-vladika-njegos-left-a-testament-to-the-montenegrins-that-remains-unfulfilled-to-this-day\/\" \/>\n\t\t<meta property=\"og:image\" content=\"https:\/\/serbiantimes.info\/en\/wp-content\/uploads\/sites\/2\/2024\/10\/Petar_II_Petrovic-Njegos-st.jpg\" \/>\n\t\t<meta property=\"og:image:secure_url\" content=\"https:\/\/serbiantimes.info\/en\/wp-content\/uploads\/sites\/2\/2024\/10\/Petar_II_Petrovic-Njegos-st.jpg\" \/>\n\t\t<meta property=\"og:image:width\" content=\"1200\" \/>\n\t\t<meta property=\"og:image:height\" content=\"751\" \/>\n\t\t<meta property=\"article:published_time\" content=\"2024-10-31T15:55:04+00:00\" \/>\n\t\t<meta property=\"article:modified_time\" content=\"2024-10-31T15:55:06+00:00\" \/>\n\t\t<meta name=\"twitter:card\" content=\"summary_large_image\" \/>\n\t\t<meta name=\"twitter:title\" content=\"THE POST-MORTEM ORDEAL OF THE GREAT VLADIKA: Njego\u0161 left a testament to the Montenegrins that remains unfulfilled to this day! | Serbiantimes.info EN\" \/>\n\t\t<meta name=\"twitter:description\" content=\"Njego\u0161&#039;s mausoleum on Lov\u0107en is today one of the most recognizable symbols of Montenegro, visited by thousands of tourists annually. Here rest the remains of one of Montenegro&#039;s greatest spiritual and secular rulers, as well as one of the greatest Serbian poets and philosophers. However, few people know that the path of the esteemed Vladika\" \/>\n\t\t<meta name=\"twitter:image\" content=\"https:\/\/serbiantimes.info\/en\/wp-content\/uploads\/sites\/2\/2024\/10\/Petar_II_Petrovic-Njegos-st.jpg\" \/>\n\t\t<script type=\"application\/ld+json\" class=\"aioseo-schema\">\n\t\t\t{\"@context\":\"https:\\\/\\\/schema.org\",\"@graph\":[{\"@type\":\"BlogPosting\",\"@id\":\"https:\\\/\\\/serbiantimes.info\\\/en\\\/the-post-mortem-ordeal-of-the-great-vladika-njegos-left-a-testament-to-the-montenegrins-that-remains-unfulfilled-to-this-day\\\/#blogposting\",\"name\":\"THE POST-MORTEM ORDEAL OF THE GREAT VLADIKA: Njego\\u0161 left a testament to the Montenegrins that remains unfulfilled to this day! | Serbiantimes.info EN\",\"headline\":\"THE POST-MORTEM ORDEAL OF THE GREAT VLADIKA: Njego\\u0161 left a testament to the Montenegrins that remains unfulfilled to this day!\",\"author\":{\"@id\":\"https:\\\/\\\/serbiantimes.info\\\/en\\\/author\\\/serbiantimes-portal\\\/#author\"},\"publisher\":{\"@id\":\"https:\\\/\\\/serbiantimes.info\\\/en\\\/#organization\"},\"image\":{\"@type\":\"ImageObject\",\"url\":\"https:\\\/\\\/serbiantimes.info\\\/en\\\/wp-content\\\/uploads\\\/sites\\\/2\\\/2024\\\/10\\\/Petar_II_Petrovic-Njegos-st.jpg\",\"width\":1200,\"height\":751,\"caption\":\"Petar II Petrovi\\u0107 Njego\\u0161 \\\/ Wikimedia Creative Commons\"},\"datePublished\":\"2024-10-31T17:55:04+02:00\",\"dateModified\":\"2024-10-31T17:55:06+02:00\",\"inLanguage\":\"en-US\",\"mainEntityOfPage\":{\"@id\":\"https:\\\/\\\/serbiantimes.info\\\/en\\\/the-post-mortem-ordeal-of-the-great-vladika-njegos-left-a-testament-to-the-montenegrins-that-remains-unfulfilled-to-this-day\\\/#webpage\"},\"isPartOf\":{\"@id\":\"https:\\\/\\\/serbiantimes.info\\\/en\\\/the-post-mortem-ordeal-of-the-great-vladika-njegos-left-a-testament-to-the-montenegrins-that-remains-unfulfilled-to-this-day\\\/#webpage\"},\"articleSection\":\"HISTORY, cetinje, Crna Gora, istorija srbije, Ivan Me\\u0161trovi\\u0107, lov\\u0107en, mauzolej na lov\\u0107enu, Montenegro, Petar II Petrovi\\u0107 Njego\\u0161\"},{\"@type\":\"BreadcrumbList\",\"@id\":\"https:\\\/\\\/serbiantimes.info\\\/en\\\/the-post-mortem-ordeal-of-the-great-vladika-njegos-left-a-testament-to-the-montenegrins-that-remains-unfulfilled-to-this-day\\\/#breadcrumblist\",\"itemListElement\":[{\"@type\":\"ListItem\",\"@id\":\"https:\\\/\\\/serbiantimes.info\\\/en#listItem\",\"position\":1,\"name\":\"Home\",\"item\":\"https:\\\/\\\/serbiantimes.info\\\/en\",\"nextItem\":{\"@type\":\"ListItem\",\"@id\":\"https:\\\/\\\/serbiantimes.info\\\/en\\\/category\\\/history\\\/#listItem\",\"name\":\"HISTORY\"}},{\"@type\":\"ListItem\",\"@id\":\"https:\\\/\\\/serbiantimes.info\\\/en\\\/category\\\/history\\\/#listItem\",\"position\":2,\"name\":\"HISTORY\",\"item\":\"https:\\\/\\\/serbiantimes.info\\\/en\\\/category\\\/history\\\/\",\"nextItem\":{\"@type\":\"ListItem\",\"@id\":\"https:\\\/\\\/serbiantimes.info\\\/en\\\/the-post-mortem-ordeal-of-the-great-vladika-njegos-left-a-testament-to-the-montenegrins-that-remains-unfulfilled-to-this-day\\\/#listItem\",\"name\":\"THE POST-MORTEM ORDEAL OF THE GREAT VLADIKA: Njego\\u0161 left a testament to the Montenegrins that remains unfulfilled to this day!\"},\"previousItem\":{\"@type\":\"ListItem\",\"@id\":\"https:\\\/\\\/serbiantimes.info\\\/en#listItem\",\"name\":\"Home\"}},{\"@type\":\"ListItem\",\"@id\":\"https:\\\/\\\/serbiantimes.info\\\/en\\\/the-post-mortem-ordeal-of-the-great-vladika-njegos-left-a-testament-to-the-montenegrins-that-remains-unfulfilled-to-this-day\\\/#listItem\",\"position\":3,\"name\":\"THE POST-MORTEM ORDEAL OF THE GREAT VLADIKA: Njego\\u0161 left a testament to the Montenegrins that remains unfulfilled to this day!\",\"previousItem\":{\"@type\":\"ListItem\",\"@id\":\"https:\\\/\\\/serbiantimes.info\\\/en\\\/category\\\/history\\\/#listItem\",\"name\":\"HISTORY\"}}]},{\"@type\":\"Organization\",\"@id\":\"https:\\\/\\\/serbiantimes.info\\\/en\\\/#organization\",\"name\":\"Serbiantimes.info EN\",\"url\":\"https:\\\/\\\/serbiantimes.info\\\/en\\\/\",\"logo\":{\"@type\":\"ImageObject\",\"url\":\"https:\\\/\\\/serbiantimes.info\\\/en\\\/wp-content\\\/uploads\\\/sites\\\/2\\\/2024\\\/10\\\/cropped-cropped-Serbian-Times-Header-Logo-1.png\",\"@id\":\"https:\\\/\\\/serbiantimes.info\\\/en\\\/the-post-mortem-ordeal-of-the-great-vladika-njegos-left-a-testament-to-the-montenegrins-that-remains-unfulfilled-to-this-day\\\/#organizationLogo\",\"width\":480,\"height\":100},\"image\":{\"@id\":\"https:\\\/\\\/serbiantimes.info\\\/en\\\/the-post-mortem-ordeal-of-the-great-vladika-njegos-left-a-testament-to-the-montenegrins-that-remains-unfulfilled-to-this-day\\\/#organizationLogo\"}},{\"@type\":\"Person\",\"@id\":\"https:\\\/\\\/serbiantimes.info\\\/en\\\/author\\\/serbiantimes-portal\\\/#author\",\"url\":\"https:\\\/\\\/serbiantimes.info\\\/en\\\/author\\\/serbiantimes-portal\\\/\",\"name\":\"Serbian Times\",\"image\":{\"@type\":\"ImageObject\",\"@id\":\"https:\\\/\\\/serbiantimes.info\\\/en\\\/the-post-mortem-ordeal-of-the-great-vladika-njegos-left-a-testament-to-the-montenegrins-that-remains-unfulfilled-to-this-day\\\/#authorImage\",\"url\":\"https:\\\/\\\/secure.gravatar.com\\\/avatar\\\/ea76e009769270b4193e2bc7e032c096b4ae135483ec03b396fd0f520bc3dcfd?s=96&d=mm&r=g\",\"width\":96,\"height\":96,\"caption\":\"Serbian Times\"}},{\"@type\":\"WebPage\",\"@id\":\"https:\\\/\\\/serbiantimes.info\\\/en\\\/the-post-mortem-ordeal-of-the-great-vladika-njegos-left-a-testament-to-the-montenegrins-that-remains-unfulfilled-to-this-day\\\/#webpage\",\"url\":\"https:\\\/\\\/serbiantimes.info\\\/en\\\/the-post-mortem-ordeal-of-the-great-vladika-njegos-left-a-testament-to-the-montenegrins-that-remains-unfulfilled-to-this-day\\\/\",\"name\":\"THE POST-MORTEM ORDEAL OF THE GREAT VLADIKA: Njego\\u0161 left a testament to the Montenegrins that remains unfulfilled to this day! | Serbiantimes.info EN\",\"description\":\"Njego\\u0161's mausoleum on Lov\\u0107en is today one of the most recognizable symbols of Montenegro, visited by thousands of tourists annually. Here rest the remains of one of Montenegro's greatest spiritual and secular rulers, as well as one of the greatest Serbian poets and philosophers. However, few people know that the path of the esteemed Vladika\",\"inLanguage\":\"en-US\",\"isPartOf\":{\"@id\":\"https:\\\/\\\/serbiantimes.info\\\/en\\\/#website\"},\"breadcrumb\":{\"@id\":\"https:\\\/\\\/serbiantimes.info\\\/en\\\/the-post-mortem-ordeal-of-the-great-vladika-njegos-left-a-testament-to-the-montenegrins-that-remains-unfulfilled-to-this-day\\\/#breadcrumblist\"},\"author\":{\"@id\":\"https:\\\/\\\/serbiantimes.info\\\/en\\\/author\\\/serbiantimes-portal\\\/#author\"},\"creator\":{\"@id\":\"https:\\\/\\\/serbiantimes.info\\\/en\\\/author\\\/serbiantimes-portal\\\/#author\"},\"image\":{\"@type\":\"ImageObject\",\"url\":\"https:\\\/\\\/serbiantimes.info\\\/en\\\/wp-content\\\/uploads\\\/sites\\\/2\\\/2024\\\/10\\\/Petar_II_Petrovic-Njegos-st.jpg\",\"@id\":\"https:\\\/\\\/serbiantimes.info\\\/en\\\/the-post-mortem-ordeal-of-the-great-vladika-njegos-left-a-testament-to-the-montenegrins-that-remains-unfulfilled-to-this-day\\\/#mainImage\",\"width\":1200,\"height\":751,\"caption\":\"Petar II Petrovi\\u0107 Njego\\u0161 \\\/ Wikimedia Creative Commons\"},\"primaryImageOfPage\":{\"@id\":\"https:\\\/\\\/serbiantimes.info\\\/en\\\/the-post-mortem-ordeal-of-the-great-vladika-njegos-left-a-testament-to-the-montenegrins-that-remains-unfulfilled-to-this-day\\\/#mainImage\"},\"datePublished\":\"2024-10-31T17:55:04+02:00\",\"dateModified\":\"2024-10-31T17:55:06+02:00\"},{\"@type\":\"WebSite\",\"@id\":\"https:\\\/\\\/serbiantimes.info\\\/en\\\/#website\",\"url\":\"https:\\\/\\\/serbiantimes.info\\\/en\\\/\",\"name\":\"Serbiantimes.info EN\",\"inLanguage\":\"en-US\",\"publisher\":{\"@id\":\"https:\\\/\\\/serbiantimes.info\\\/en\\\/#organization\"}}]}\n\t\t<\/script>\n\t\t<!-- All in One SEO -->\n\n","aioseo_head_json":{"title":"THE POST-MORTEM ORDEAL OF THE GREAT VLADIKA: Njego\u0161 left a testament to the Montenegrins that remains unfulfilled to this day! | Serbiantimes.info EN","description":"Njego\u0161's mausoleum on Lov\u0107en is today one of the most recognizable symbols of Montenegro, visited by thousands of tourists annually. Here rest the remains of one of Montenegro's greatest spiritual and secular rulers, as well as one of the greatest Serbian poets and philosophers. However, few people know that the path of the esteemed Vladika","canonical_url":"https:\/\/serbiantimes.info\/en\/the-post-mortem-ordeal-of-the-great-vladika-njegos-left-a-testament-to-the-montenegrins-that-remains-unfulfilled-to-this-day\/","robots":"max-image-preview:large","keywords":"","webmasterTools":{"miscellaneous":""},"schema":{"@context":"https:\/\/schema.org","@graph":[{"@type":"BlogPosting","@id":"https:\/\/serbiantimes.info\/en\/the-post-mortem-ordeal-of-the-great-vladika-njegos-left-a-testament-to-the-montenegrins-that-remains-unfulfilled-to-this-day\/#blogposting","name":"THE POST-MORTEM ORDEAL OF THE GREAT VLADIKA: Njego\u0161 left a testament to the Montenegrins that remains unfulfilled to this day! | Serbiantimes.info EN","headline":"THE POST-MORTEM ORDEAL OF THE GREAT VLADIKA: Njego\u0161 left a testament to the Montenegrins that remains unfulfilled to this day!","author":{"@id":"https:\/\/serbiantimes.info\/en\/author\/serbiantimes-portal\/#author"},"publisher":{"@id":"https:\/\/serbiantimes.info\/en\/#organization"},"image":{"@type":"ImageObject","url":"https:\/\/serbiantimes.info\/en\/wp-content\/uploads\/sites\/2\/2024\/10\/Petar_II_Petrovic-Njegos-st.jpg","width":1200,"height":751,"caption":"Petar II Petrovi\u0107 Njego\u0161 \/ Wikimedia Creative Commons"},"datePublished":"2024-10-31T17:55:04+02:00","dateModified":"2024-10-31T17:55:06+02:00","inLanguage":"en-US","mainEntityOfPage":{"@id":"https:\/\/serbiantimes.info\/en\/the-post-mortem-ordeal-of-the-great-vladika-njegos-left-a-testament-to-the-montenegrins-that-remains-unfulfilled-to-this-day\/#webpage"},"isPartOf":{"@id":"https:\/\/serbiantimes.info\/en\/the-post-mortem-ordeal-of-the-great-vladika-njegos-left-a-testament-to-the-montenegrins-that-remains-unfulfilled-to-this-day\/#webpage"},"articleSection":"HISTORY, cetinje, Crna Gora, istorija srbije, Ivan Me\u0161trovi\u0107, lov\u0107en, mauzolej na lov\u0107enu, Montenegro, Petar II Petrovi\u0107 Njego\u0161"},{"@type":"BreadcrumbList","@id":"https:\/\/serbiantimes.info\/en\/the-post-mortem-ordeal-of-the-great-vladika-njegos-left-a-testament-to-the-montenegrins-that-remains-unfulfilled-to-this-day\/#breadcrumblist","itemListElement":[{"@type":"ListItem","@id":"https:\/\/serbiantimes.info\/en#listItem","position":1,"name":"Home","item":"https:\/\/serbiantimes.info\/en","nextItem":{"@type":"ListItem","@id":"https:\/\/serbiantimes.info\/en\/category\/history\/#listItem","name":"HISTORY"}},{"@type":"ListItem","@id":"https:\/\/serbiantimes.info\/en\/category\/history\/#listItem","position":2,"name":"HISTORY","item":"https:\/\/serbiantimes.info\/en\/category\/history\/","nextItem":{"@type":"ListItem","@id":"https:\/\/serbiantimes.info\/en\/the-post-mortem-ordeal-of-the-great-vladika-njegos-left-a-testament-to-the-montenegrins-that-remains-unfulfilled-to-this-day\/#listItem","name":"THE POST-MORTEM ORDEAL OF THE GREAT VLADIKA: Njego\u0161 left a testament to the Montenegrins that remains unfulfilled to this day!"},"previousItem":{"@type":"ListItem","@id":"https:\/\/serbiantimes.info\/en#listItem","name":"Home"}},{"@type":"ListItem","@id":"https:\/\/serbiantimes.info\/en\/the-post-mortem-ordeal-of-the-great-vladika-njegos-left-a-testament-to-the-montenegrins-that-remains-unfulfilled-to-this-day\/#listItem","position":3,"name":"THE POST-MORTEM ORDEAL OF THE GREAT VLADIKA: Njego\u0161 left a testament to the Montenegrins that remains unfulfilled to this day!","previousItem":{"@type":"ListItem","@id":"https:\/\/serbiantimes.info\/en\/category\/history\/#listItem","name":"HISTORY"}}]},{"@type":"Organization","@id":"https:\/\/serbiantimes.info\/en\/#organization","name":"Serbiantimes.info EN","url":"https:\/\/serbiantimes.info\/en\/","logo":{"@type":"ImageObject","url":"https:\/\/serbiantimes.info\/en\/wp-content\/uploads\/sites\/2\/2024\/10\/cropped-cropped-Serbian-Times-Header-Logo-1.png","@id":"https:\/\/serbiantimes.info\/en\/the-post-mortem-ordeal-of-the-great-vladika-njegos-left-a-testament-to-the-montenegrins-that-remains-unfulfilled-to-this-day\/#organizationLogo","width":480,"height":100},"image":{"@id":"https:\/\/serbiantimes.info\/en\/the-post-mortem-ordeal-of-the-great-vladika-njegos-left-a-testament-to-the-montenegrins-that-remains-unfulfilled-to-this-day\/#organizationLogo"}},{"@type":"Person","@id":"https:\/\/serbiantimes.info\/en\/author\/serbiantimes-portal\/#author","url":"https:\/\/serbiantimes.info\/en\/author\/serbiantimes-portal\/","name":"Serbian Times","image":{"@type":"ImageObject","@id":"https:\/\/serbiantimes.info\/en\/the-post-mortem-ordeal-of-the-great-vladika-njegos-left-a-testament-to-the-montenegrins-that-remains-unfulfilled-to-this-day\/#authorImage","url":"https:\/\/secure.gravatar.com\/avatar\/ea76e009769270b4193e2bc7e032c096b4ae135483ec03b396fd0f520bc3dcfd?s=96&d=mm&r=g","width":96,"height":96,"caption":"Serbian Times"}},{"@type":"WebPage","@id":"https:\/\/serbiantimes.info\/en\/the-post-mortem-ordeal-of-the-great-vladika-njegos-left-a-testament-to-the-montenegrins-that-remains-unfulfilled-to-this-day\/#webpage","url":"https:\/\/serbiantimes.info\/en\/the-post-mortem-ordeal-of-the-great-vladika-njegos-left-a-testament-to-the-montenegrins-that-remains-unfulfilled-to-this-day\/","name":"THE POST-MORTEM ORDEAL OF THE GREAT VLADIKA: Njego\u0161 left a testament to the Montenegrins that remains unfulfilled to this day! | Serbiantimes.info EN","description":"Njego\u0161's mausoleum on Lov\u0107en is today one of the most recognizable symbols of Montenegro, visited by thousands of tourists annually. Here rest the remains of one of Montenegro's greatest spiritual and secular rulers, as well as one of the greatest Serbian poets and philosophers. However, few people know that the path of the esteemed Vladika","inLanguage":"en-US","isPartOf":{"@id":"https:\/\/serbiantimes.info\/en\/#website"},"breadcrumb":{"@id":"https:\/\/serbiantimes.info\/en\/the-post-mortem-ordeal-of-the-great-vladika-njegos-left-a-testament-to-the-montenegrins-that-remains-unfulfilled-to-this-day\/#breadcrumblist"},"author":{"@id":"https:\/\/serbiantimes.info\/en\/author\/serbiantimes-portal\/#author"},"creator":{"@id":"https:\/\/serbiantimes.info\/en\/author\/serbiantimes-portal\/#author"},"image":{"@type":"ImageObject","url":"https:\/\/serbiantimes.info\/en\/wp-content\/uploads\/sites\/2\/2024\/10\/Petar_II_Petrovic-Njegos-st.jpg","@id":"https:\/\/serbiantimes.info\/en\/the-post-mortem-ordeal-of-the-great-vladika-njegos-left-a-testament-to-the-montenegrins-that-remains-unfulfilled-to-this-day\/#mainImage","width":1200,"height":751,"caption":"Petar II Petrovi\u0107 Njego\u0161 \/ Wikimedia Creative Commons"},"primaryImageOfPage":{"@id":"https:\/\/serbiantimes.info\/en\/the-post-mortem-ordeal-of-the-great-vladika-njegos-left-a-testament-to-the-montenegrins-that-remains-unfulfilled-to-this-day\/#mainImage"},"datePublished":"2024-10-31T17:55:04+02:00","dateModified":"2024-10-31T17:55:06+02:00"},{"@type":"WebSite","@id":"https:\/\/serbiantimes.info\/en\/#website","url":"https:\/\/serbiantimes.info\/en\/","name":"Serbiantimes.info EN","inLanguage":"en-US","publisher":{"@id":"https:\/\/serbiantimes.info\/en\/#organization"}}]},"og:locale":"en_US","og:site_name":"Serbiantimes.info EN |","og:type":"article","og:title":"THE POST-MORTEM ORDEAL OF THE GREAT VLADIKA: Njego\u0161 left a testament to the Montenegrins that remains unfulfilled to this day! | Serbiantimes.info EN","og:description":"Njego\u0161's mausoleum on Lov\u0107en is today one of the most recognizable symbols of Montenegro, visited by thousands of tourists annually. Here rest the remains of one of Montenegro's greatest spiritual and secular rulers, as well as one of the greatest Serbian poets and philosophers. However, few people know that the path of the esteemed Vladika","og:url":"https:\/\/serbiantimes.info\/en\/the-post-mortem-ordeal-of-the-great-vladika-njegos-left-a-testament-to-the-montenegrins-that-remains-unfulfilled-to-this-day\/","og:image":"https:\/\/serbiantimes.info\/en\/wp-content\/uploads\/sites\/2\/2024\/10\/Petar_II_Petrovic-Njegos-st.jpg","og:image:secure_url":"https:\/\/serbiantimes.info\/en\/wp-content\/uploads\/sites\/2\/2024\/10\/Petar_II_Petrovic-Njegos-st.jpg","og:image:width":1200,"og:image:height":751,"article:published_time":"2024-10-31T15:55:04+00:00","article:modified_time":"2024-10-31T15:55:06+00:00","twitter:card":"summary_large_image","twitter:title":"THE POST-MORTEM ORDEAL OF THE GREAT VLADIKA: Njego\u0161 left a testament to the Montenegrins that remains unfulfilled to this day! | Serbiantimes.info EN","twitter:description":"Njego\u0161's mausoleum on Lov\u0107en is today one of the most recognizable symbols of Montenegro, visited by thousands of tourists annually. Here rest the remains of one of Montenegro's greatest spiritual and secular rulers, as well as one of the greatest Serbian poets and philosophers. However, few people know that the path of the esteemed Vladika","twitter:image":"https:\/\/serbiantimes.info\/en\/wp-content\/uploads\/sites\/2\/2024\/10\/Petar_II_Petrovic-Njegos-st.jpg"},"aioseo_meta_data":{"post_id":"155754","title":null,"description":null,"keywords":null,"keyphrases":{"focus":{"keyphrase":"","score":0,"analysis":{"keyphraseInTitle":{"score":0,"maxScore":9,"error":1}}},"additional":[]},"primary_term":null,"canonical_url":null,"og_title":null,"og_description":null,"og_object_type":"default","og_image_type":"default","og_image_url":null,"og_image_width":null,"og_image_height":null,"og_image_custom_url":null,"og_image_custom_fields":null,"og_video":"","og_custom_url":null,"og_article_section":null,"og_article_tags":null,"twitter_use_og":false,"twitter_card":"default","twitter_image_type":"default","twitter_image_url":null,"twitter_image_custom_url":null,"twitter_image_custom_fields":null,"twitter_title":null,"twitter_description":null,"schema":{"blockGraphs":[],"customGraphs":[],"default":{"data":{"Article":[],"Course":[],"Dataset":[],"FAQPage":[],"Movie":[],"Person":[],"Product":[],"ProductReview":[],"Car":[],"Recipe":[],"Service":[],"SoftwareApplication":[],"WebPage":[]},"graphName":"BlogPosting","isEnabled":true},"graphs":[]},"schema_type":"default","schema_type_options":null,"pillar_content":false,"robots_default":true,"robots_noindex":false,"robots_noarchive":false,"robots_nosnippet":false,"robots_nofollow":false,"robots_noimageindex":false,"robots_noodp":false,"robots_notranslate":false,"robots_max_snippet":"-1","robots_max_videopreview":"-1","robots_max_imagepreview":"large","priority":null,"frequency":"default","local_seo":null,"breadcrumb_settings":null,"limit_modified_date":false,"ai":null,"created":"2024-10-31 15:55:06","updated":"2025-06-26 15:18:51","focus_keyword":null,"additional_keywords":null,"truseo_locale":null,"seo_analyzer_scan_date":null},"aioseo_breadcrumb":"<div class=\"aioseo-breadcrumbs\"><span class=\"aioseo-breadcrumb\">\n\t\t\t<a href=\"https:\/\/serbiantimes.info\/en\" title=\"Home\">Home<\/a>\n\t\t<\/span><span class=\"aioseo-breadcrumb-separator\">&raquo;<\/span><span class=\"aioseo-breadcrumb\">\n\t\t\t<a href=\"https:\/\/serbiantimes.info\/en\/category\/history\/\" title=\"HISTORY\">HISTORY<\/a>\n\t\t<\/span><span class=\"aioseo-breadcrumb-separator\">&raquo;<\/span><span class=\"aioseo-breadcrumb\">\n\t\t\tTHE POST-MORTEM ORDEAL OF THE GREAT VLADIKA: Njego\u0161 left a testament to the Montenegrins that remains unfulfilled to this day!\n\t\t<\/span><\/div>","aioseo_breadcrumb_json":[{"label":"Home","link":"https:\/\/serbiantimes.info\/en"},{"label":"HISTORY","link":"https:\/\/serbiantimes.info\/en\/category\/history\/"},{"label":"THE POST-MORTEM ORDEAL OF THE GREAT VLADIKA: Njego\u0161 left a testament to the Montenegrins that remains unfulfilled to this day!","link":"https:\/\/serbiantimes.info\/en\/the-post-mortem-ordeal-of-the-great-vladika-njegos-left-a-testament-to-the-montenegrins-that-remains-unfulfilled-to-this-day\/"}],"distributor_meta":false,"distributor_terms":false,"distributor_media":false,"distributor_original_site_name":"Serbiantimes.info EN","distributor_original_site_url":"https:\/\/serbiantimes.info\/en","push-errors":false,"_links":{"self":[{"href":"https:\/\/serbiantimes.info\/en\/wp-json\/wp\/v2\/posts\/155754","targetHints":{"allow":["GET"]}}],"collection":[{"href":"https:\/\/serbiantimes.info\/en\/wp-json\/wp\/v2\/posts"}],"about":[{"href":"https:\/\/serbiantimes.info\/en\/wp-json\/wp\/v2\/types\/post"}],"author":[{"embeddable":true,"href":"https:\/\/serbiantimes.info\/en\/wp-json\/wp\/v2\/users\/2169"}],"replies":[{"embeddable":true,"href":"https:\/\/serbiantimes.info\/en\/wp-json\/wp\/v2\/comments?post=155754"}],"version-history":[{"count":1,"href":"https:\/\/serbiantimes.info\/en\/wp-json\/wp\/v2\/posts\/155754\/revisions"}],"predecessor-version":[{"id":155777,"href":"https:\/\/serbiantimes.info\/en\/wp-json\/wp\/v2\/posts\/155754\/revisions\/155777"}],"wp:featuredmedia":[{"embeddable":true,"href":"https:\/\/serbiantimes.info\/en\/wp-json\/wp\/v2\/media\/155761"}],"wp:attachment":[{"href":"https:\/\/serbiantimes.info\/en\/wp-json\/wp\/v2\/media?parent=155754"}],"wp:term":[{"taxonomy":"category","embeddable":true,"href":"https:\/\/serbiantimes.info\/en\/wp-json\/wp\/v2\/categories?post=155754"},{"taxonomy":"post_tag","embeddable":true,"href":"https:\/\/serbiantimes.info\/en\/wp-json\/wp\/v2\/tags?post=155754"}],"curies":[{"name":"wp","href":"https:\/\/api.w.org\/{rel}","templated":true}]}}