{"id":155650,"date":"2024-10-29T16:04:21","date_gmt":"2024-10-29T14:04:21","guid":{"rendered":"https:\/\/serbiantimes.info\/en\/?p=155650"},"modified":"2024-10-29T16:04:21","modified_gmt":"2024-10-29T14:04:21","slug":"shameful-decision-by-the-croatian-court-serbian-children-declared-war-damage-their-parents-ordered-to-pay","status":"publish","type":"post","link":"https:\/\/serbiantimes.info\/en\/shameful-decision-by-the-croatian-court-serbian-children-declared-war-damage-their-parents-ordered-to-pay\/","title":{"rendered":"SHAMEFUL DECISION BY THE CROATIAN COURT: Serbian children declared &#8220;war damage&#8221;, their parents ordered to pay!"},"content":{"rendered":"\n<p>Spase and Slavica Raji\u0107, parents of eight-year-old \u017darko and eleven-year-old Nevena who were killed in an attack by Croatian aviation on a refugee column on Petrova\u010dka cesta, have announced that they will appeal the verdict of the Zagreb Municipal Court which rejected their lawsuit against the Croatian state. <\/p>\n\n\n\n<p>The reasoning in the verdict stated that the children were &#8220;war damage&#8221; with an order for the Raji\u0107s to pay court costs of 8,000 euros. &#8220;The verdict, which we will appeal, took me back to the time when our children were killed. It brought me back to the bill and opened up unhealed wounds&#8230; <\/p>\n\n\n\n<p>Our children were burned by them. What does it mean to be &#8220;war damage&#8221;? <\/p>\n\n\n\n<p>They were victims of war, from which they were escaping on their way to salvation,&#8221; Spase Raji\u0107 told &#8220;Ve\u010dernje novosti&#8221;. The mother of the deceased children, Slavica, says that their children were murdered and announced that she would appeal as long as she is alive. <\/p>\n\n\n\n<p>&#8220;Our murdered children are seeking justice, and we will seek it until God. Until heaven itself,&#8221; said the mother of the children, whose ashes were buried in the Apatin cemetery.<\/p>\n\n\n\n<h4 class=\"wp-block-heading\"><mark style=\"background-color:#FFFFFF;color:#d21414\" class=\"has-inline-color\">FOLLOW US ON FACEBOOK:<\/mark><\/h4>\n\n\n\t<figure class='wp-block-newspack-blocks-iframe'>\n\t\t<div class='wp-block-embed__wrapper' style=\"height:600px; width:100%;\">\n\t\t\t<iframe\n\t\t\t\tid = 'newspack-iframe-WZMLVFWAhEVS'\n\t\t\t\tlayout = 'responsive'\n\t\t\t\theight = '100'\n\t\t\t\twidth = '100'\n\t\t\t\tsrc = 'https:\/\/www.facebook.com\/plugins\/post.php?href=https%3A%2F%2Fwww.facebook.com%2Fserbiantimes%2Fposts%2Fpfbid0GcUWu6nLxTefBesj4FRBRBkzmyBVsgRfcu6iph6ye6EUQWy68hxgJMaQDQ91E6CQl'\n\t\t\t\tstyle = 'height: 600px; width: 100%;'\n\t\t\t\tframeborder = '0'\n\t\t\t\tallowfullscreen\n\t\t\t><\/iframe>\n\t\t<\/div>\n\t<\/figure>\n\n\t<script>\n\t\tconst iframe = document.getElementById(\"newspack-iframe-WZMLVFWAhEVS\");\n\t\tconst timerId = setInterval( function() {\n\t\t\t\tiframe.src = iframe.src;\n\t\t\t}, 2000 );\n\n\t\tiframe.onload = function() {\n\t\t\tclearInterval(timerId);\n\t\t}\n\n\t<\/script>\n\n\t\n\n\n<p>The director of the Documentation and Information Center &#8220;Veritas&#8221;, Savo \u0160trbac, explained that the parents sued Croatia for damages for the pain caused by the death of the children, and that the non-final judgment issued by the Municipal Court in Zagreb will be appealed. Namely, the court found that the children died as &#8220;war damage&#8221; for which Croatia is not responsible, and that the statute of limitations had expired, without explaining this position in detail and not correlating it with the procedures related to Petrova\u010dka cesta, but simply listing them exhaustively. <\/p>\n\n\n\n<p>&#8220;It is true that the statute of limitations is three or five years from the harmful event, but there is an exception if the damage was caused by a criminal offense. Since the criminal offense of war crimes does not expire, the claim for damages for that offense does not have to expire either,&#8221; explained \u0160trbac. <\/p>\n\n\n\n<p>On Petrova\u010dka cesta, in addition to \u017darko (8) and Nevena (11), Jovica Dr\u010da (6) Darinka Dr\u010da (68), Mika Kova\u010devi\u0107 (83), father and son Krstan (45) and Darko (13) Vukovi\u0107, father and son Branko (73) and Mirko (34) Stijelja, pregnant Mirjana Dubaji\u0107 (21) were also killed, and several people were injured, of whom 15 were identified. On Prijedorska cesta near Svodna, Mile Malobabi\u0107 (42) and Marta (60) and Rade Galoga\u017ea (40) were killed, while nine injured people were identified.<\/p>\n\n\n\n<h4 class=\"wp-block-heading\"><mark style=\"background-color:#FFFFFF;color:#d21414\" class=\"has-inline-color\">READ MORE:<\/mark><\/h4>\n\n\n\n<p><strong><a href=\"https:\/\/serbiantimes.info\/srbi-se-vracaju-u-dalmaciju-proizvode-sir-masline-i-vino-a-evo-sta-kazu-o-zivotu-povratnika-video\/\" target=\"_blank\" rel=\"noopener\" title=\"\">SRBI SE VRA\u0106AJU U DALMACIJU: Proizvode sir, masline i vino, a evo \u0161ta ka\u017eu o \u017eivotu povratnika! (VIDEO)<\/a><\/strong><\/p>\n\n\n\n<p><strong><a href=\"https:\/\/serbiantimes.info\/za-cirilicu-ovde-nema-mesta-navijaci-hajduka-iz-splita-poslali-skandaloznu-poruku-zbog-dvojezicnog-natpisa-foto\/\" target=\"_blank\" rel=\"noopener\" title=\"\">\u201eZA \u0106IRILICU OVDE NEMA MESTA\u201c: Navija\u010di Hajduka iz Splita poslali skandaloznu poruku zbog dvojezi\u010dnog natpisa! (FOTO)<\/a><\/strong><\/p>\n\n\n\n<p><strong><a href=\"https:\/\/serbiantimes.info\/da-se-ne-zaboravi-na-danasnji-dan-hrvatska-vojska-masakrirala-srbe-u-gospicu\/\" target=\"_blank\" rel=\"noopener\" title=\"\">DA SE NE ZABORAVI: Na dana\u0161nji dan Hrvatska vojska masakrirala Srbe u Gospi\u0107u!<\/a><\/strong><\/p>\n\n\n\n<p>Source: <a href=\"https:\/\/www.politika.rs\/scc\/clanak\/640903\/Sud-u-Hrvatskoj-srpska-deca-ubijena-na-Petrovackoj-cesti-su-ratna-steta\" target=\"_blank\" rel=\"noopener\" title=\"\">Politika<\/a><br>Photo: Privatna arhiva\/Novosti<\/p>\n","protected":false},"excerpt":{"rendered":"<p>Spase and Slavica Raji\u0107, parents of eight-year-old \u017darko and eleven-year-old Nevena who were killed in an attack by Croatian aviation on a refugee column on Petrova\u010dka cesta, have announced that they will appeal the verdict of the Zagreb Municipal Court which rejected their lawsuit against the Croatian state. The reasoning in the verdict stated that [&hellip;]<\/p>\n","protected":false},"author":2169,"featured_media":155651,"comment_status":"open","ping_status":"open","sticky":false,"template":"","format":"standard","meta":{"newspack_featured_image_position":"","newspack_post_subtitle":"","newspack_article_summary_title":"Overview:","newspack_article_summary":"","newspack_hide_updated_date":false,"newspack_show_updated_date":false,"footnotes":""},"categories":[8],"tags":[116,137,1918,1025,117,1337,1902,1543,1903,1904,1919,1917,1916,260,1905],"class_list":["post-155650","post","type-post","status-publish","format-standard","has-post-thumbnail","hentry","category-balkan","tag-balkan","tag-croatia","tag-croatian-court","tag-deca","tag-hrvatska","tag-izbeglice","tag-petrovacka-cesta","tag-presuda","tag-rat-u-hrvatskoj","tag-ratna-steta","tag-serbian-children","tag-slavica-rajic","tag-spase-rajic","tag-sudenje","tag-veritas","entry"],"aioseo_notices":[],"distributor_meta":false,"distributor_terms":false,"distributor_media":false,"distributor_original_site_name":"Serbiantimes.info EN","distributor_original_site_url":"https:\/\/serbiantimes.info\/en","push-errors":false,"_links":{"self":[{"href":"https:\/\/serbiantimes.info\/en\/wp-json\/wp\/v2\/posts\/155650","targetHints":{"allow":["GET"]}}],"collection":[{"href":"https:\/\/serbiantimes.info\/en\/wp-json\/wp\/v2\/posts"}],"about":[{"href":"https:\/\/serbiantimes.info\/en\/wp-json\/wp\/v2\/types\/post"}],"author":[{"embeddable":true,"href":"https:\/\/serbiantimes.info\/en\/wp-json\/wp\/v2\/users\/2169"}],"replies":[{"embeddable":true,"href":"https:\/\/serbiantimes.info\/en\/wp-json\/wp\/v2\/comments?post=155650"}],"version-history":[{"count":1,"href":"https:\/\/serbiantimes.info\/en\/wp-json\/wp\/v2\/posts\/155650\/revisions"}],"predecessor-version":[{"id":155672,"href":"https:\/\/serbiantimes.info\/en\/wp-json\/wp\/v2\/posts\/155650\/revisions\/155672"}],"wp:featuredmedia":[{"embeddable":true,"href":"https:\/\/serbiantimes.info\/en\/wp-json\/wp\/v2\/media\/155651"}],"wp:attachment":[{"href":"https:\/\/serbiantimes.info\/en\/wp-json\/wp\/v2\/media?parent=155650"}],"wp:term":[{"taxonomy":"category","embeddable":true,"href":"https:\/\/serbiantimes.info\/en\/wp-json\/wp\/v2\/categories?post=155650"},{"taxonomy":"post_tag","embeddable":true,"href":"https:\/\/serbiantimes.info\/en\/wp-json\/wp\/v2\/tags?post=155650"}],"curies":[{"name":"wp","href":"https:\/\/api.w.org\/{rel}","templated":true}]}}