{"id":155422,"date":"2024-10-24T18:52:48","date_gmt":"2024-10-24T16:52:48","guid":{"rendered":"https:\/\/serbiantimes.info\/en\/?p=155422"},"modified":"2024-10-24T19:26:28","modified_gmt":"2024-10-24T17:26:28","slug":"op-ed-serbias-diplomatic-voice-in-new-york-city","status":"publish","type":"post","link":"https:\/\/serbiantimes.info\/en\/op-ed-serbias-diplomatic-voice-in-new-york-city\/","title":{"rendered":"CONSUL WITH A CRITICAL ROLE: Meet Vladimir Bo\u017eovi\u0107, Serbia\u2019s diplomatic voice in New York City"},"content":{"rendered":"\n<p class=\"wp-block-paragraph\">In his Op-Ed featured in The Pavlovic Today, <strong><a href=\"https:\/\/serbiantimes.info\/tag\/vladimir-bozovic\/\" target=\"_blank\" rel=\"noopener\" title=\"\">Vladimir Bo\u017eovi\u0107<\/a><\/strong>, Serbia\u2019s Consul General in New York City, highlights the critical role of diplomacy in strengthening bilateral relations between Serbia and the United States:<\/p>\n\n\n\n<p class=\"wp-block-paragraph\">My appointment as the Consul General of the Republic of Serbia in New York is a profound honor and a significant responsibility. It presents a vital opportunity to deepen Serbia-U.S. relations and strengthen ties between the Serbian community in the U.S. and our homeland. With decades of experience in politics and diplomacy, I am ready to represent Serbia in this global hub and to advance the bond between our diaspora and the nation, ensuring both bilateral relations and cultural connections continue to flourish.<\/p>\n\n\n\n<p class=\"wp-block-paragraph\">This wasn\u2019t my first time in New York. My initial visit was connected to Dr. Du\u0161an Kosovi\u0107, a renowned psychoanalyst and neuropsychiatrist who earned a place in the prestigious Who\u2019s Who in America.<\/p>\n\n\n\n<p class=\"wp-block-paragraph\">Dr. Kosovi\u0107, after completing his medical studies in Yugoslavia, recognized that his professional growth was limited in his homeland and moved to the U.S. in 1965. He went on to publish several distinguished works, including Problems of Adaptation of Yugoslavs to American Culture. Despite the challenges others faced, Dr. Kosovi\u0107 thrived, becoming a member of the American academies for psychoanalysis, clinical psychiatry, and the New York Academy of Sciences. His success and character left a profound impact on me, and I was fortunate to be influenced by him during my formative years. This connection gave me firsthand insight into what it means for Serbians to succeed in the U.S. and the vital role that human capital plays in advancing Serbian-American relations.<\/p>\n\n\n\n<figure class=\"wp-block-image size-large\"><img decoding=\"async\" src=\"https:\/\/serbiantimes.info\/en\/wp-content\/uploads\/2023\/12\/Vladimir-Bozovic-1024x641.jpg\" alt=\"\" class=\"wp-image-100000125329\" srcset=\"https:\/\/serbiantimes.info\/en\/wp-content\/uploads\/2023\/12\/Vladimir-Bozovic-1024x641.jpg 1024w, https:\/\/serbiantimes.info\/en\/wp-content\/uploads\/2023\/12\/Vladimir-Bozovic-300x188.jpg 300w, https:\/\/serbiantimes.info\/en\/wp-content\/uploads\/2023\/12\/Vladimir-Bozovic-768x481.jpg 768w, https:\/\/serbiantimes.info\/en\/wp-content\/uploads\/2023\/12\/Vladimir-Bozovic.jpg 1200w\" sizes=\"(max-width: 1024px) 100vw, 1024px\" \/><\/figure>\n\n\n\n<p class=\"wp-block-paragraph\">I view the role of Serbia\u2019s Consul General in New York as more than a position \u2014 it\u2019s a mission shaped by the deep history of U.S.-Serbia relations and the invaluable contributions of the Serbian community to America.<\/p>\n\n\n\n<p class=\"wp-block-paragraph\">The first wave of Serbian immigration to America, involving approximately 150,000 people, occurred before World War I. Initially, many settled in California, with Serbian pioneers establishing communities in Los Angeles and San Francisco. However, as industrialization surged in the early 20th century, American Serbs began migrating eastward, particularly to states like Pennsylvania and Illinois.<\/p>\n\n\n\n<p class=\"wp-block-paragraph\">In 1899, New York\u2019s \u201cSociety of United Serbs\u201d hosted an annual event featuring the \u201cNew York Serbian Singing Society\u201d and a \u201cguslar\u201d performing Serbian heroic songs. By 1905, newspapers reported on prominent Serbian millionaires such as Toma Srzenti\u0107, a financier originally from the Bay of Kotor, and Mita Lujanovi\u0107 from Or\u0161ava, who achieved success after immigrating to New York.<\/p>\n\n\n\n<p class=\"wp-block-paragraph\">Following World War II, a third wave of Serbian immigration saw around 250,000 individuals\u2014including former prisoners of war, refugees, and political emigrants\u2014arrive in America, with New York serving as a major port of entry.<\/p>\n\n\n\n<p class=\"wp-block-paragraph\">During the 1990s, after the dissolution of socialist Yugoslavia, professionals, refugees, and young intellectuals from Serbia continued to enrich the American Serbian community. Over two centuries, Serbs have woven themselves into U.S. history through figures like Nikola Tesla, Mihailo Pupin, Karl Malden, and Marina Abramovi\u0107.<\/p>\n\n\n\n<p class=\"wp-block-paragraph\">Today, the Serbian community in the U.S. holds impressive economic, cultural, and intellectual potential. As Serbia continues to develop, many are returning with fresh ideas and experiences, contributing to the country\u2019s growth. Thousands of Serbian students are also pursuing higher education in American universities, further strengthening the bond between our nations. This is why I believe there will be no room for the regressive policies that once divided Serbia and the U.S.<\/p>\n\n\n\n<figure class=\"wp-block-image size-large\"><img decoding=\"async\" src=\"https:\/\/serbiantimes.info\/en\/wp-content\/uploads\/2024\/04\/Gradonacelnik-Njujorka-Vladimir-Bozovic-1024x640.jpg\" alt=\"\" class=\"wp-image-100000136705\" srcset=\"https:\/\/serbiantimes.info\/en\/wp-content\/uploads\/2024\/04\/Gradonacelnik-Njujorka-Vladimir-Bozovic-1024x640.jpg 1024w, https:\/\/serbiantimes.info\/en\/wp-content\/uploads\/2024\/04\/Gradonacelnik-Njujorka-Vladimir-Bozovic-300x188.jpg 300w, https:\/\/serbiantimes.info\/en\/wp-content\/uploads\/2024\/04\/Gradonacelnik-Njujorka-Vladimir-Bozovic-768x480.jpg 768w, https:\/\/serbiantimes.info\/en\/wp-content\/uploads\/2024\/04\/Gradonacelnik-Njujorka-Vladimir-Bozovic.jpg 1200w\" sizes=\"(max-width: 1024px) 100vw, 1024px\" \/><\/figure>\n\n\n\n<p class=\"wp-block-paragraph\">Serbia\u2019s forward momentum, epitomized by Steve Wozniak\u2019s interest in obtaining Serbian citizenship, underscores this belief. Wozniak\u2019s recognition of Serbia\u2019s promise, supported by President Vu\u010di\u0107, allowed me the honor of presenting Serbian passports to both him and his wife.<\/p>\n\n\n\n<p class=\"wp-block-paragraph\">Though the path forward is not without challenges, I am confident that our relations with the U.S. will continue to strengthen. As significant as the U.S. is for Serbia\u2019s interests, there is no more natural partner for the U.S. in the Balkans than the Republic of Serbia, which remains the center of the region geographically, economically, diplomatically, and politically.<\/p>\n\n\n\n<p class=\"wp-block-paragraph\">In this context, the Serbian community in the U.S. plays an indispensable and irreplaceable role, acting as a bridge that strengthens ties between our two nations.<\/p>\n\n\n\n<h2 class=\"wp-block-heading\"><mark style=\"background-color:rgba(0, 0, 0, 0);color:#ae2323\" class=\"has-inline-color\">READ MORE:<\/mark><\/h2>\n\n\n\n<p class=\"wp-block-paragraph\"><strong><a href=\"https:\/\/serbiantimes.info\/en\/cuvena-srpkinja-podrzala-trampa-automobilska-zvezda-danica-patrik-prvi-put-ce-glasati-u-zivotu-video\/\" target=\"_blank\" rel=\"noreferrer noopener\">FAMOUS SERBIAN SUPPORTS TRUMP: Racing Star Danica Patrick to vote for the first time ever! (VIDEO)<\/a><\/strong><\/p>\n\n\n\n<p class=\"wp-block-paragraph\"><strong><a href=\"https:\/\/serbiantimes.info\/en\/who-do-you-think-you-are-a-princess-serb-from-abroad-shares-what-annoys-him-most-about-his-homeland-and-faces-condemnation\/\" target=\"_blank\" rel=\"noreferrer noopener\">\u201cWHO DO YOU THINK YOU ARE, A PRINCESS?\u201d: Serb from abroad shares what annoys him most about his homeland, and faces condemnation!<\/a><\/strong><\/p>\n\n\n\n<p class=\"wp-block-paragraph\"><strong><a href=\"https:\/\/serbiantimes.info\/en\/serbian-brother-gives-everything-for-trump-aleksandar-turns-his-250000-porsche-into-a-trumpmobile-video\/\" target=\"_blank\" rel=\"noreferrer noopener\">\u201cSERBIAN BROTHER\u201d GIVES EVERYTHING FOR TRUMP: Aleksandar turns his $250,000 Porsche into a Trumpmobile! (VIDEO)<\/a><\/strong><\/p>\n\n\n\n<p class=\"wp-block-paragraph\">Source: thepavlovictoday.com<br>Photo: Kurir<\/p>\n","protected":false},"excerpt":{"rendered":"<p>In his Op-Ed featured in The Pavlovic Today, Vladimir Bo\u017eovi\u0107, Serbia\u2019s Consul General in New York City, highlights the critical role of diplomacy in strengthening bilateral relations between Serbia and the United States: My appointment as the Consul General of the Republic of Serbia in New York is a profound honor and a significant responsibility. [&hellip;]<\/p>\n","protected":false},"author":29076,"featured_media":100000126110,"comment_status":"open","ping_status":"open","sticky":false,"template":"","format":"standard","meta":{"newspack_featured_image_position":"","newspack_post_subtitle":"","newspack_article_summary_title":"Overview:","newspack_article_summary":"","newspack_hide_updated_date":false,"newspack_show_updated_date":false,"footnotes":""},"categories":[5],"tags":[684,327,1670,135,1669],"class_list":["post-155422","post","type-post","status-publish","format-standard","has-post-thumbnail","hentry","category-diaspora","tag-america","tag-new-york","tag-serbias-consul-general","tag-usa","tag-vladimir-bozovic","entry"],"aioseo_notices":[],"aioseo_head":"\n\t\t<!-- All in One SEO 5.0.1.1 - aioseo.com -->\n\t<meta name=\"description\" content=\"In his Op-Ed featured in The Pavlovic Today, Vladimir Bo\u017eovi\u0107, Serbia\u2019s Consul General in New York City, highlights the critical role of diplomacy in strengthening bilateral relations between Serbia and the United States: My appointment as the Consul General of the Republic of Serbia in New York is a profound honor and a significant responsibility.\" \/>\n\t<meta name=\"robots\" content=\"max-image-preview:large\" \/>\n\t<meta name=\"author\" content=\"Radosavljevic Aleksa\"\/>\n\t<link rel=\"canonical\" href=\"https:\/\/serbiantimes.info\/en\/op-ed-serbias-diplomatic-voice-in-new-york-city\/\" \/>\n\t<meta name=\"generator\" content=\"All in One SEO (AIOSEO) 5.0.1.1\" \/>\n\t\t<meta property=\"og:locale\" content=\"en_US\" \/>\n\t\t<meta property=\"og:site_name\" content=\"Serbiantimes.info EN |\" \/>\n\t\t<meta property=\"og:type\" content=\"article\" \/>\n\t\t<meta property=\"og:title\" content=\"CONSUL WITH A CRITICAL ROLE: Meet Vladimir Bo\u017eovi\u0107, Serbia\u2019s diplomatic voice in New York City | Serbiantimes.info EN\" \/>\n\t\t<meta property=\"og:description\" content=\"In his Op-Ed featured in The Pavlovic Today, Vladimir Bo\u017eovi\u0107, Serbia\u2019s Consul General in New York City, highlights the critical role of diplomacy in strengthening bilateral relations between Serbia and the United States: My appointment as the Consul General of the Republic of Serbia in New York is a profound honor and a significant responsibility.\" \/>\n\t\t<meta property=\"og:url\" content=\"https:\/\/serbiantimes.info\/en\/op-ed-serbias-diplomatic-voice-in-new-york-city\/\" \/>\n\t\t<meta property=\"og:image\" content=\"https:\/\/serbiantimes.info\/en\/wp-content\/uploads\/2023\/12\/62362.jpg\" \/>\n\t\t<meta property=\"og:image:secure_url\" content=\"https:\/\/serbiantimes.info\/en\/wp-content\/uploads\/2023\/12\/62362.jpg\" \/>\n\t\t<meta property=\"og:image:width\" content=\"1200\" \/>\n\t\t<meta property=\"og:image:height\" content=\"750\" \/>\n\t\t<meta property=\"article:published_time\" content=\"2024-10-24T16:52:48+00:00\" \/>\n\t\t<meta property=\"article:modified_time\" content=\"2024-10-24T17:26:28+00:00\" \/>\n\t\t<meta name=\"twitter:card\" content=\"summary_large_image\" \/>\n\t\t<meta name=\"twitter:title\" content=\"CONSUL WITH A CRITICAL ROLE: Meet Vladimir Bo\u017eovi\u0107, Serbia\u2019s diplomatic voice in New York City | Serbiantimes.info EN\" \/>\n\t\t<meta name=\"twitter:description\" content=\"In his Op-Ed featured in The Pavlovic Today, Vladimir Bo\u017eovi\u0107, Serbia\u2019s Consul General in New York City, highlights the critical role of diplomacy in strengthening bilateral relations between Serbia and the United States: My appointment as the Consul General of the Republic of Serbia in New York is a profound honor and a significant responsibility.\" \/>\n\t\t<meta name=\"twitter:image\" content=\"https:\/\/serbiantimes.info\/en\/wp-content\/uploads\/2023\/12\/62362.jpg\" \/>\n\t\t<script type=\"application\/ld+json\" class=\"aioseo-schema\">\n\t\t\t{\"@context\":\"https:\\\/\\\/schema.org\",\"@graph\":[{\"@type\":\"BlogPosting\",\"@id\":\"https:\\\/\\\/serbiantimes.info\\\/en\\\/op-ed-serbias-diplomatic-voice-in-new-york-city\\\/#blogposting\",\"name\":\"CONSUL WITH A CRITICAL ROLE: Meet Vladimir Bo\\u017eovi\\u0107, Serbia\\u2019s diplomatic voice in New York City | Serbiantimes.info EN\",\"headline\":\"CONSUL WITH A CRITICAL ROLE: Meet Vladimir Bo\\u017eovi\\u0107, Serbia\\u2019s diplomatic voice in New York City\",\"author\":{\"@id\":\"https:\\\/\\\/serbiantimes.info\\\/en\\\/author\\\/aleksaradosavljevic\\\/#author\"},\"publisher\":{\"@id\":\"https:\\\/\\\/serbiantimes.info\\\/en\\\/#organization\"},\"image\":{\"@type\":\"ImageObject\",\"url\":\"https:\\\/\\\/serbiantimes.info\\\/en\\\/wp-content\\\/uploads\\\/2023\\\/12\\\/62362.jpg\"},\"datePublished\":\"2024-10-24T18:52:48+02:00\",\"dateModified\":\"2024-10-24T19:26:28+02:00\",\"inLanguage\":\"en-US\",\"mainEntityOfPage\":{\"@id\":\"https:\\\/\\\/serbiantimes.info\\\/en\\\/op-ed-serbias-diplomatic-voice-in-new-york-city\\\/#webpage\"},\"isPartOf\":{\"@id\":\"https:\\\/\\\/serbiantimes.info\\\/en\\\/op-ed-serbias-diplomatic-voice-in-new-york-city\\\/#webpage\"},\"articleSection\":\"DIASPORA, america, New York, Serbia's Consul General, USA, Vladimir Bo\\u017eovi\\u0107\"},{\"@type\":\"BreadcrumbList\",\"@id\":\"https:\\\/\\\/serbiantimes.info\\\/en\\\/op-ed-serbias-diplomatic-voice-in-new-york-city\\\/#breadcrumblist\",\"itemListElement\":[{\"@type\":\"ListItem\",\"@id\":\"https:\\\/\\\/serbiantimes.info\\\/en#listItem\",\"position\":1,\"name\":\"Home\",\"item\":\"https:\\\/\\\/serbiantimes.info\\\/en\",\"nextItem\":{\"@type\":\"ListItem\",\"@id\":\"https:\\\/\\\/serbiantimes.info\\\/en\\\/category\\\/diaspora\\\/#listItem\",\"name\":\"DIASPORA\"}},{\"@type\":\"ListItem\",\"@id\":\"https:\\\/\\\/serbiantimes.info\\\/en\\\/category\\\/diaspora\\\/#listItem\",\"position\":2,\"name\":\"DIASPORA\",\"item\":\"https:\\\/\\\/serbiantimes.info\\\/en\\\/category\\\/diaspora\\\/\",\"nextItem\":{\"@type\":\"ListItem\",\"@id\":\"https:\\\/\\\/serbiantimes.info\\\/en\\\/op-ed-serbias-diplomatic-voice-in-new-york-city\\\/#listItem\",\"name\":\"CONSUL WITH A CRITICAL ROLE: Meet Vladimir Bo\\u017eovi\\u0107, Serbia\\u2019s diplomatic voice in New York City\"},\"previousItem\":{\"@type\":\"ListItem\",\"@id\":\"https:\\\/\\\/serbiantimes.info\\\/en#listItem\",\"name\":\"Home\"}},{\"@type\":\"ListItem\",\"@id\":\"https:\\\/\\\/serbiantimes.info\\\/en\\\/op-ed-serbias-diplomatic-voice-in-new-york-city\\\/#listItem\",\"position\":3,\"name\":\"CONSUL WITH A CRITICAL ROLE: Meet Vladimir Bo\\u017eovi\\u0107, Serbia\\u2019s diplomatic voice in New York City\",\"previousItem\":{\"@type\":\"ListItem\",\"@id\":\"https:\\\/\\\/serbiantimes.info\\\/en\\\/category\\\/diaspora\\\/#listItem\",\"name\":\"DIASPORA\"}}]},{\"@type\":\"Organization\",\"@id\":\"https:\\\/\\\/serbiantimes.info\\\/en\\\/#organization\",\"name\":\"Serbiantimes.info EN\",\"url\":\"https:\\\/\\\/serbiantimes.info\\\/en\\\/\",\"logo\":{\"@type\":\"ImageObject\",\"url\":\"https:\\\/\\\/serbiantimes.info\\\/en\\\/wp-content\\\/uploads\\\/sites\\\/2\\\/2024\\\/10\\\/cropped-cropped-Serbian-Times-Header-Logo-1.png\",\"@id\":\"https:\\\/\\\/serbiantimes.info\\\/en\\\/op-ed-serbias-diplomatic-voice-in-new-york-city\\\/#organizationLogo\",\"width\":480,\"height\":100},\"image\":{\"@id\":\"https:\\\/\\\/serbiantimes.info\\\/en\\\/op-ed-serbias-diplomatic-voice-in-new-york-city\\\/#organizationLogo\"}},{\"@type\":\"Person\",\"@id\":\"https:\\\/\\\/serbiantimes.info\\\/en\\\/author\\\/aleksaradosavljevic\\\/#author\",\"url\":\"https:\\\/\\\/serbiantimes.info\\\/en\\\/author\\\/aleksaradosavljevic\\\/\",\"name\":\"Radosavljevic Aleksa\",\"image\":{\"@type\":\"ImageObject\",\"@id\":\"https:\\\/\\\/serbiantimes.info\\\/en\\\/op-ed-serbias-diplomatic-voice-in-new-york-city\\\/#authorImage\",\"url\":\"https:\\\/\\\/secure.gravatar.com\\\/avatar\\\/eb6facce51715e18ff6a6dc7b9ed8fd167892725ec03f301a42f786f687a07ec?s=96&d=mm&r=g\",\"width\":96,\"height\":96,\"caption\":\"Radosavljevic Aleksa\"}},{\"@type\":\"WebPage\",\"@id\":\"https:\\\/\\\/serbiantimes.info\\\/en\\\/op-ed-serbias-diplomatic-voice-in-new-york-city\\\/#webpage\",\"url\":\"https:\\\/\\\/serbiantimes.info\\\/en\\\/op-ed-serbias-diplomatic-voice-in-new-york-city\\\/\",\"name\":\"CONSUL WITH A CRITICAL ROLE: Meet Vladimir Bo\\u017eovi\\u0107, Serbia\\u2019s diplomatic voice in New York City | Serbiantimes.info EN\",\"description\":\"In his Op-Ed featured in The Pavlovic Today, Vladimir Bo\\u017eovi\\u0107, Serbia\\u2019s Consul General in New York City, highlights the critical role of diplomacy in strengthening bilateral relations between Serbia and the United States: My appointment as the Consul General of the Republic of Serbia in New York is a profound honor and a significant responsibility.\",\"inLanguage\":\"en-US\",\"isPartOf\":{\"@id\":\"https:\\\/\\\/serbiantimes.info\\\/en\\\/#website\"},\"breadcrumb\":{\"@id\":\"https:\\\/\\\/serbiantimes.info\\\/en\\\/op-ed-serbias-diplomatic-voice-in-new-york-city\\\/#breadcrumblist\"},\"author\":{\"@id\":\"https:\\\/\\\/serbiantimes.info\\\/en\\\/author\\\/aleksaradosavljevic\\\/#author\"},\"creator\":{\"@id\":\"https:\\\/\\\/serbiantimes.info\\\/en\\\/author\\\/aleksaradosavljevic\\\/#author\"},\"image\":{\"@type\":\"ImageObject\",\"url\":\"https:\\\/\\\/serbiantimes.info\\\/en\\\/wp-content\\\/uploads\\\/2023\\\/12\\\/62362.jpg\",\"@id\":\"https:\\\/\\\/serbiantimes.info\\\/en\\\/op-ed-serbias-diplomatic-voice-in-new-york-city\\\/#mainImage\"},\"primaryImageOfPage\":{\"@id\":\"https:\\\/\\\/serbiantimes.info\\\/en\\\/op-ed-serbias-diplomatic-voice-in-new-york-city\\\/#mainImage\"},\"datePublished\":\"2024-10-24T18:52:48+02:00\",\"dateModified\":\"2024-10-24T19:26:28+02:00\"},{\"@type\":\"WebSite\",\"@id\":\"https:\\\/\\\/serbiantimes.info\\\/en\\\/#website\",\"url\":\"https:\\\/\\\/serbiantimes.info\\\/en\\\/\",\"name\":\"Serbiantimes.info EN\",\"inLanguage\":\"en-US\",\"publisher\":{\"@id\":\"https:\\\/\\\/serbiantimes.info\\\/en\\\/#organization\"}}]}\n\t\t<\/script>\n\t\t<!-- All in One SEO -->\n\n","aioseo_head_json":{"title":"CONSUL WITH A CRITICAL ROLE: Meet Vladimir Bo\u017eovi\u0107, Serbia\u2019s diplomatic voice in New York City | Serbiantimes.info EN","description":"In his Op-Ed featured in The Pavlovic Today, Vladimir Bo\u017eovi\u0107, Serbia\u2019s Consul General in New York City, highlights the critical role of diplomacy in strengthening bilateral relations between Serbia and the United States: My appointment as the Consul General of the Republic of Serbia in New York is a profound honor and a significant responsibility.","canonical_url":"https:\/\/serbiantimes.info\/en\/op-ed-serbias-diplomatic-voice-in-new-york-city\/","robots":"max-image-preview:large","keywords":"","webmasterTools":{"miscellaneous":""},"schema":{"@context":"https:\/\/schema.org","@graph":[{"@type":"BlogPosting","@id":"https:\/\/serbiantimes.info\/en\/op-ed-serbias-diplomatic-voice-in-new-york-city\/#blogposting","name":"CONSUL WITH A CRITICAL ROLE: Meet Vladimir Bo\u017eovi\u0107, Serbia\u2019s diplomatic voice in New York City | Serbiantimes.info EN","headline":"CONSUL WITH A CRITICAL ROLE: Meet Vladimir Bo\u017eovi\u0107, Serbia\u2019s diplomatic voice in New York City","author":{"@id":"https:\/\/serbiantimes.info\/en\/author\/aleksaradosavljevic\/#author"},"publisher":{"@id":"https:\/\/serbiantimes.info\/en\/#organization"},"image":{"@type":"ImageObject","url":"https:\/\/serbiantimes.info\/en\/wp-content\/uploads\/2023\/12\/62362.jpg"},"datePublished":"2024-10-24T18:52:48+02:00","dateModified":"2024-10-24T19:26:28+02:00","inLanguage":"en-US","mainEntityOfPage":{"@id":"https:\/\/serbiantimes.info\/en\/op-ed-serbias-diplomatic-voice-in-new-york-city\/#webpage"},"isPartOf":{"@id":"https:\/\/serbiantimes.info\/en\/op-ed-serbias-diplomatic-voice-in-new-york-city\/#webpage"},"articleSection":"DIASPORA, america, New York, Serbia's Consul General, USA, Vladimir Bo\u017eovi\u0107"},{"@type":"BreadcrumbList","@id":"https:\/\/serbiantimes.info\/en\/op-ed-serbias-diplomatic-voice-in-new-york-city\/#breadcrumblist","itemListElement":[{"@type":"ListItem","@id":"https:\/\/serbiantimes.info\/en#listItem","position":1,"name":"Home","item":"https:\/\/serbiantimes.info\/en","nextItem":{"@type":"ListItem","@id":"https:\/\/serbiantimes.info\/en\/category\/diaspora\/#listItem","name":"DIASPORA"}},{"@type":"ListItem","@id":"https:\/\/serbiantimes.info\/en\/category\/diaspora\/#listItem","position":2,"name":"DIASPORA","item":"https:\/\/serbiantimes.info\/en\/category\/diaspora\/","nextItem":{"@type":"ListItem","@id":"https:\/\/serbiantimes.info\/en\/op-ed-serbias-diplomatic-voice-in-new-york-city\/#listItem","name":"CONSUL WITH A CRITICAL ROLE: Meet Vladimir Bo\u017eovi\u0107, Serbia\u2019s diplomatic voice in New York City"},"previousItem":{"@type":"ListItem","@id":"https:\/\/serbiantimes.info\/en#listItem","name":"Home"}},{"@type":"ListItem","@id":"https:\/\/serbiantimes.info\/en\/op-ed-serbias-diplomatic-voice-in-new-york-city\/#listItem","position":3,"name":"CONSUL WITH A CRITICAL ROLE: Meet Vladimir Bo\u017eovi\u0107, Serbia\u2019s diplomatic voice in New York City","previousItem":{"@type":"ListItem","@id":"https:\/\/serbiantimes.info\/en\/category\/diaspora\/#listItem","name":"DIASPORA"}}]},{"@type":"Organization","@id":"https:\/\/serbiantimes.info\/en\/#organization","name":"Serbiantimes.info EN","url":"https:\/\/serbiantimes.info\/en\/","logo":{"@type":"ImageObject","url":"https:\/\/serbiantimes.info\/en\/wp-content\/uploads\/sites\/2\/2024\/10\/cropped-cropped-Serbian-Times-Header-Logo-1.png","@id":"https:\/\/serbiantimes.info\/en\/op-ed-serbias-diplomatic-voice-in-new-york-city\/#organizationLogo","width":480,"height":100},"image":{"@id":"https:\/\/serbiantimes.info\/en\/op-ed-serbias-diplomatic-voice-in-new-york-city\/#organizationLogo"}},{"@type":"Person","@id":"https:\/\/serbiantimes.info\/en\/author\/aleksaradosavljevic\/#author","url":"https:\/\/serbiantimes.info\/en\/author\/aleksaradosavljevic\/","name":"Radosavljevic Aleksa","image":{"@type":"ImageObject","@id":"https:\/\/serbiantimes.info\/en\/op-ed-serbias-diplomatic-voice-in-new-york-city\/#authorImage","url":"https:\/\/secure.gravatar.com\/avatar\/eb6facce51715e18ff6a6dc7b9ed8fd167892725ec03f301a42f786f687a07ec?s=96&d=mm&r=g","width":96,"height":96,"caption":"Radosavljevic Aleksa"}},{"@type":"WebPage","@id":"https:\/\/serbiantimes.info\/en\/op-ed-serbias-diplomatic-voice-in-new-york-city\/#webpage","url":"https:\/\/serbiantimes.info\/en\/op-ed-serbias-diplomatic-voice-in-new-york-city\/","name":"CONSUL WITH A CRITICAL ROLE: Meet Vladimir Bo\u017eovi\u0107, Serbia\u2019s diplomatic voice in New York City | Serbiantimes.info EN","description":"In his Op-Ed featured in The Pavlovic Today, Vladimir Bo\u017eovi\u0107, Serbia\u2019s Consul General in New York City, highlights the critical role of diplomacy in strengthening bilateral relations between Serbia and the United States: My appointment as the Consul General of the Republic of Serbia in New York is a profound honor and a significant responsibility.","inLanguage":"en-US","isPartOf":{"@id":"https:\/\/serbiantimes.info\/en\/#website"},"breadcrumb":{"@id":"https:\/\/serbiantimes.info\/en\/op-ed-serbias-diplomatic-voice-in-new-york-city\/#breadcrumblist"},"author":{"@id":"https:\/\/serbiantimes.info\/en\/author\/aleksaradosavljevic\/#author"},"creator":{"@id":"https:\/\/serbiantimes.info\/en\/author\/aleksaradosavljevic\/#author"},"image":{"@type":"ImageObject","url":"https:\/\/serbiantimes.info\/en\/wp-content\/uploads\/2023\/12\/62362.jpg","@id":"https:\/\/serbiantimes.info\/en\/op-ed-serbias-diplomatic-voice-in-new-york-city\/#mainImage"},"primaryImageOfPage":{"@id":"https:\/\/serbiantimes.info\/en\/op-ed-serbias-diplomatic-voice-in-new-york-city\/#mainImage"},"datePublished":"2024-10-24T18:52:48+02:00","dateModified":"2024-10-24T19:26:28+02:00"},{"@type":"WebSite","@id":"https:\/\/serbiantimes.info\/en\/#website","url":"https:\/\/serbiantimes.info\/en\/","name":"Serbiantimes.info EN","inLanguage":"en-US","publisher":{"@id":"https:\/\/serbiantimes.info\/en\/#organization"}}]},"og:locale":"en_US","og:site_name":"Serbiantimes.info EN |","og:type":"article","og:title":"CONSUL WITH A CRITICAL ROLE: Meet Vladimir Bo\u017eovi\u0107, Serbia\u2019s diplomatic voice in New York City | Serbiantimes.info EN","og:description":"In his Op-Ed featured in The Pavlovic Today, Vladimir Bo\u017eovi\u0107, Serbia\u2019s Consul General in New York City, highlights the critical role of diplomacy in strengthening bilateral relations between Serbia and the United States: My appointment as the Consul General of the Republic of Serbia in New York is a profound honor and a significant responsibility.","og:url":"https:\/\/serbiantimes.info\/en\/op-ed-serbias-diplomatic-voice-in-new-york-city\/","og:image":"https:\/\/serbiantimes.info\/en\/wp-content\/uploads\/2023\/12\/62362.jpg","og:image:secure_url":"https:\/\/serbiantimes.info\/en\/wp-content\/uploads\/2023\/12\/62362.jpg","og:image:width":1200,"og:image:height":750,"article:published_time":"2024-10-24T16:52:48+00:00","article:modified_time":"2024-10-24T17:26:28+00:00","twitter:card":"summary_large_image","twitter:title":"CONSUL WITH A CRITICAL ROLE: Meet Vladimir Bo\u017eovi\u0107, Serbia\u2019s diplomatic voice in New York City | Serbiantimes.info EN","twitter:description":"In his Op-Ed featured in The Pavlovic Today, Vladimir Bo\u017eovi\u0107, Serbia\u2019s Consul General in New York City, highlights the critical role of diplomacy in strengthening bilateral relations between Serbia and the United States: My appointment as the Consul General of the Republic of Serbia in New York is a profound honor and a significant responsibility.","twitter:image":"https:\/\/serbiantimes.info\/en\/wp-content\/uploads\/2023\/12\/62362.jpg"},"aioseo_meta_data":{"post_id":"155422","title":null,"description":null,"keywords":null,"keyphrases":{"focus":{"keyphrase":"","score":0,"analysis":{"keyphraseInTitle":{"score":0,"maxScore":9,"error":1}}},"additional":[]},"primary_term":null,"canonical_url":null,"og_title":null,"og_description":null,"og_object_type":"default","og_image_type":"default","og_image_url":null,"og_image_width":null,"og_image_height":null,"og_image_custom_url":null,"og_image_custom_fields":null,"og_video":"","og_custom_url":null,"og_article_section":null,"og_article_tags":null,"twitter_use_og":false,"twitter_card":"default","twitter_image_type":"default","twitter_image_url":null,"twitter_image_custom_url":null,"twitter_image_custom_fields":null,"twitter_title":null,"twitter_description":null,"schema":{"blockGraphs":[],"customGraphs":[],"default":{"data":{"Article":[],"Course":[],"Dataset":[],"FAQPage":[],"Movie":[],"Person":[],"Product":[],"ProductReview":[],"Car":[],"Recipe":[],"Service":[],"SoftwareApplication":[],"WebPage":[]},"graphName":"BlogPosting","isEnabled":true},"graphs":[]},"schema_type":"default","schema_type_options":null,"pillar_content":false,"robots_default":true,"robots_noindex":false,"robots_noarchive":false,"robots_nosnippet":false,"robots_nofollow":false,"robots_noimageindex":false,"robots_noodp":false,"robots_notranslate":false,"robots_max_snippet":"-1","robots_max_videopreview":"-1","robots_max_imagepreview":"large","priority":null,"frequency":"default","local_seo":null,"breadcrumb_settings":null,"limit_modified_date":false,"ai":null,"created":"2024-10-24 16:52:49","updated":"2025-06-26 15:11:57","focus_keyword":null,"additional_keywords":null,"truseo_locale":null,"seo_analyzer_scan_date":null},"aioseo_breadcrumb":"<div class=\"aioseo-breadcrumbs\"><span class=\"aioseo-breadcrumb\">\n\t\t\t<a href=\"https:\/\/serbiantimes.info\/en\" title=\"Home\">Home<\/a>\n\t\t<\/span><span class=\"aioseo-breadcrumb-separator\">&raquo;<\/span><span class=\"aioseo-breadcrumb\">\n\t\t\t<a href=\"https:\/\/serbiantimes.info\/en\/category\/diaspora\/\" title=\"DIASPORA\">DIASPORA<\/a>\n\t\t<\/span><span class=\"aioseo-breadcrumb-separator\">&raquo;<\/span><span class=\"aioseo-breadcrumb\">\n\t\t\tCONSUL WITH A CRITICAL ROLE: Meet Vladimir Bo\u017eovi\u0107, Serbia\u2019s diplomatic voice in New York City\n\t\t<\/span><\/div>","aioseo_breadcrumb_json":[{"label":"Home","link":"https:\/\/serbiantimes.info\/en"},{"label":"DIASPORA","link":"https:\/\/serbiantimes.info\/en\/category\/diaspora\/"},{"label":"CONSUL WITH A CRITICAL ROLE: Meet Vladimir Bo\u017eovi\u0107, Serbia\u2019s diplomatic voice in New York City","link":"https:\/\/serbiantimes.info\/en\/op-ed-serbias-diplomatic-voice-in-new-york-city\/"}],"distributor_meta":false,"distributor_terms":false,"distributor_media":false,"distributor_original_site_name":"Serbiantimes.info EN","distributor_original_site_url":"https:\/\/serbiantimes.info\/en","push-errors":false,"_links":{"self":[{"href":"https:\/\/serbiantimes.info\/en\/wp-json\/wp\/v2\/posts\/155422","targetHints":{"allow":["GET"]}}],"collection":[{"href":"https:\/\/serbiantimes.info\/en\/wp-json\/wp\/v2\/posts"}],"about":[{"href":"https:\/\/serbiantimes.info\/en\/wp-json\/wp\/v2\/types\/post"}],"author":[{"embeddable":true,"href":"https:\/\/serbiantimes.info\/en\/wp-json\/wp\/v2\/users\/29076"}],"replies":[{"embeddable":true,"href":"https:\/\/serbiantimes.info\/en\/wp-json\/wp\/v2\/comments?post=155422"}],"version-history":[{"count":3,"href":"https:\/\/serbiantimes.info\/en\/wp-json\/wp\/v2\/posts\/155422\/revisions"}],"predecessor-version":[{"id":155428,"href":"https:\/\/serbiantimes.info\/en\/wp-json\/wp\/v2\/posts\/155422\/revisions\/155428"}],"wp:attachment":[{"href":"https:\/\/serbiantimes.info\/en\/wp-json\/wp\/v2\/media?parent=155422"}],"wp:term":[{"taxonomy":"category","embeddable":true,"href":"https:\/\/serbiantimes.info\/en\/wp-json\/wp\/v2\/categories?post=155422"},{"taxonomy":"post_tag","embeddable":true,"href":"https:\/\/serbiantimes.info\/en\/wp-json\/wp\/v2\/tags?post=155422"}],"curies":[{"name":"wp","href":"https:\/\/api.w.org\/{rel}","templated":true}]}}