{"id":154649,"date":"2024-10-09T16:27:47","date_gmt":"2024-10-09T14:27:47","guid":{"rendered":"https:\/\/serbiantimes.info\/en\/?p=154649"},"modified":"2024-10-09T16:27:47","modified_gmt":"2024-10-09T14:27:47","slug":"sad-news-from-canada-daughter-25-of-serbian-rock-legend-dies-in-car-accident","status":"publish","type":"post","link":"https:\/\/serbiantimes.info\/en\/sad-news-from-canada-daughter-25-of-serbian-rock-legend-dies-in-car-accident\/","title":{"rendered":"SAD NEWS FROM CANADA: Daughter (25) of serbian rock legend dies in car accident"},"content":{"rendered":"\n<p>Sad news for the <a href=\"https:\/\/serbiantimes.info\/en\/category\/serbia\/\" target=\"_blank\" rel=\"noopener\" title=\"\"><strong>Serbian <\/strong><\/a>and <strong><a href=\"https:\/\/serbiantimes.info\/en\/category\/balkan\/\" target=\"_blank\" rel=\"noopener\" title=\"\">Balkan <\/a><\/strong>community in <strong><a href=\"https:\/\/serbiantimes.info\/en\/tag\/toronto\/\" target=\"_blank\" rel=\"noopener\" title=\"\">Toronto <\/a><\/strong>and all of Canada\u2026 As a result of a car accident in this city, Angelina \u010conki\u0107 (25), daughter of Neboj\u0161a \u010conki\u0107 \u010conta, the former frontman of the famous Novi Sad punk band &#8220;Pekin\u0161ka patka&#8221; (Beijing Duck), has passed away.<\/p>\n\n\n\n<p>Angelina will be buried in the coming days in the City Cemetery in Novi Sad, where her body will be transferred from Canada, the heartbroken family announced.<\/p>\n\n\n\n<h4 class=\"wp-block-heading\"><mark style=\"background-color:#FFFFFF;color:#d21414\" class=\"has-inline-color\">FOLLOW US ON FACEBOOK:<\/mark><\/h4>\n\n\n\t<figure class='wp-block-newspack-blocks-iframe'>\n\t\t<div class='wp-block-embed__wrapper' style=\"height:600px; width:100%;\">\n\t\t\t<iframe\n\t\t\t\tid = 'newspack-iframe-IJHH6IaJU4at'\n\t\t\t\tlayout = 'responsive'\n\t\t\t\theight = '100'\n\t\t\t\twidth = '100'\n\t\t\t\tsrc = 'https:\/\/www.facebook.com\/plugins\/post.php?href=https%3A%2F%2Fwww.facebook.com%2Fserbiantimes%2Fposts%2Fpfbid02MrqBzbhT4eeCY9wJtM3KCguX5TuScJnWYeNsbH2vCrrAMQC6rgxxN69rD7JKAszhl'\n\t\t\t\tstyle = 'height: 600px; width: 100%;'\n\t\t\t\tframeborder = '0'\n\t\t\t\tallowfullscreen\n\t\t\t><\/iframe>\n\t\t<\/div>\n\t<\/figure>\n\n\t<script>\n\t\tconst iframe = document.getElementById(\"newspack-iframe-IJHH6IaJU4at\");\n\t\tconst timerId = setInterval( function() {\n\t\t\t\tiframe.src = iframe.src;\n\t\t\t}, 2000 );\n\n\t\tiframe.onload = function() {\n\t\t\tclearInterval(timerId);\n\t\t}\n\n\t<\/script>\n\n\t\n\n\n<p>&#8220;With unimaginable pain, we inform you that our beloved daughter Nina passed away on October 6th in Toronto due to a car accident. She is now among the Angels, as her name suggests&#8221;, reads the obituary signed by the bereaved, mother Mirjana, father Neboj\u0161a, brother Mom\u010dilo, and uncle Borislav and aunt Jelena with children Milica and Milan.<\/p>\n\n\n\n<figure class=\"wp-block-image size-full\"><img decoding=\"async\" src=\"https:\/\/serbiantimes.info\/wp-content\/uploads\/2024\/10\/462545495_572786875175202_1561765144971906144_n.jpg\" alt=\"\" class=\"wp-image-155285\" \/><figcaption class=\"wp-element-caption\"><em>Foto: Privatna arhiva<\/em><\/figcaption><\/figure>\n\n\n\n<p>Neboj\u0161a \u010conki\u0107 \u010conta was born in Novi Sad in 1953. He was one of the most important authors and creators of the New Wave music scene in Yugoslavia in the early 1980s, as the leader of the band &#8220;Pekin\u0161ka patka&#8221;.<\/p>\n\n\n\n<p>After releasing two albums that became part of the anthology of Serbian and Balkan rock and roll, the band ceased to exist, and \u010conki\u0107 continued his academic career, working as a professor at the Electrical Engineering School Center in Novi Sad.<\/p>\n\n\n\n<figure class=\"wp-block-image size-full\"><img decoding=\"async\" src=\"https:\/\/serbiantimes.info\/wp-content\/uploads\/2024\/10\/462639440_1208991473549095_22736566939350669_n.jpg\" alt=\"\" class=\"wp-image-155286\" \/><figcaption class=\"wp-element-caption\"><em>Foto: Privatna arhiva<\/em><\/figcaption><\/figure>\n\n\n\n<p>He moved to the Canadian city of Toronto in 1994, where he teaches computer science at the Canadian state university Seneca.<\/p>\n\n\n\n<p>The Serbian Times editorial staff extends its sincere condolences to Neboj\u0161a \u010conki\u0107 and his family.<\/p>\n\n\n\n<h4 class=\"wp-block-heading\"><mark style=\"background-color:#FFFFFF;color:#d21414\" class=\"has-inline-color\">READ MORE:<\/mark><\/h4>\n\n\n\n<p><a href=\"https:\/\/serbiantimes.info\/en\/man-from-banja-luke-dies-in-us-borislav-23-was-driving-a-truck-when-he-died-in-a-collision-with-a-semi-trailer-video\/\" target=\"_blank\" rel=\"noopener\" title=\"\">MAN FROM BANJA LUKA DIES IN US: Borislav (23) was driving a Truck when he died in a collision with a Semi-Trailer! (VIDEO)<\/a><\/p>\n\n\n\n<p><a href=\"https:\/\/serbiantimes.info\/en\/i-am-the-hired-hitman-serbian-man-suspected-of-murder-in-germany-puts-forth-a-controversial-defense\/\" target=\"_blank\" rel=\"noopener\" title=\"\">\u201cI AM THE HIRED HITMAN\u201d: Serbian man suspected of murder in Germany puts forth a controversial defense!<\/a><\/p>\n\n\n\n<p><a href=\"https:\/\/serbiantimes.info\/en\/patrijarh-posetio-srbe-u-kanadi-odavno-nisam-osecao-toplinu-kao-ovde\/\" target=\"_blank\" rel=\"noopener\" title=\"\">PATRIARCH VISITS SERBS IN CANADA: \u201cI haven\u2019t felt such warmth in a long time!\u201d<\/a><\/p>\n\n\n\n<p>Text: Serbian Times<br>Photo: Privatna arhiva<\/p>\n","protected":false},"excerpt":{"rendered":"<p>Sad news for the Serbian and Balkan community in Toronto and all of Canada\u2026 As a result of a car accident in this city, Angelina \u010conki\u0107 (25), daughter of Neboj\u0161a \u010conki\u0107 \u010conta, the former frontman of the famous Novi Sad punk band &#8220;Pekin\u0161ka patka&#8221; (Beijing Duck), has passed away. Angelina will be buried in the [&hellip;]<\/p>\n","protected":false},"author":2169,"featured_media":154652,"comment_status":"open","ping_status":"open","sticky":false,"template":"","format":"standard","meta":{"newspack_featured_image_position":"","newspack_post_subtitle":"","newspack_article_summary_title":"Overview:","newspack_article_summary":"","newspack_hide_updated_date":false,"newspack_show_updated_date":false,"footnotes":""},"categories":[5],"tags":[665,804,332,812,500,501,805,806,807,539,292,504,808,810,809,597],"class_list":["post-154649","post","type-post","status-publish","format-standard","has-post-thumbnail","hentry","category-diaspora","tag-accident","tag-angelina-conkic","tag-death","tag-die","tag-dijaspora","tag-kanada","tag-nebojsa-conkic-conta","tag-novi-sad","tag-pekinska-patka","tag-srbi-u-dijaspori","tag-srbi-u-inostranstvu","tag-srbi-u-kanadi","tag-toronto","tag-traffic","tag-traffic-acci","tag-traffic-accident","entry"],"aioseo_notices":[],"distributor_meta":false,"distributor_terms":false,"distributor_media":false,"distributor_original_site_name":"Serbiantimes.info EN","distributor_original_site_url":"https:\/\/serbiantimes.info\/en","push-errors":false,"_links":{"self":[{"href":"https:\/\/serbiantimes.info\/en\/wp-json\/wp\/v2\/posts\/154649","targetHints":{"allow":["GET"]}}],"collection":[{"href":"https:\/\/serbiantimes.info\/en\/wp-json\/wp\/v2\/posts"}],"about":[{"href":"https:\/\/serbiantimes.info\/en\/wp-json\/wp\/v2\/types\/post"}],"author":[{"embeddable":true,"href":"https:\/\/serbiantimes.info\/en\/wp-json\/wp\/v2\/users\/2169"}],"replies":[{"embeddable":true,"href":"https:\/\/serbiantimes.info\/en\/wp-json\/wp\/v2\/comments?post=154649"}],"version-history":[{"count":1,"href":"https:\/\/serbiantimes.info\/en\/wp-json\/wp\/v2\/posts\/154649\/revisions"}],"predecessor-version":[{"id":154654,"href":"https:\/\/serbiantimes.info\/en\/wp-json\/wp\/v2\/posts\/154649\/revisions\/154654"}],"wp:featuredmedia":[{"embeddable":true,"href":"https:\/\/serbiantimes.info\/en\/wp-json\/wp\/v2\/media\/154652"}],"wp:attachment":[{"href":"https:\/\/serbiantimes.info\/en\/wp-json\/wp\/v2\/media?parent=154649"}],"wp:term":[{"taxonomy":"category","embeddable":true,"href":"https:\/\/serbiantimes.info\/en\/wp-json\/wp\/v2\/categories?post=154649"},{"taxonomy":"post_tag","embeddable":true,"href":"https:\/\/serbiantimes.info\/en\/wp-json\/wp\/v2\/tags?post=154649"}],"curies":[{"name":"wp","href":"https:\/\/api.w.org\/{rel}","templated":true}]}}