{"id":154588,"date":"2024-10-08T18:45:21","date_gmt":"2024-10-08T16:45:21","guid":{"rendered":"https:\/\/serbiantimes.info\/en\/?p=154588"},"modified":"2024-10-08T18:45:22","modified_gmt":"2024-10-08T16:45:22","slug":"he-was-held-in-a-small-room-for-over-7-hours-without-water-karadzic-daughter-levels-serious-accusations-against-the-british","status":"publish","type":"post","link":"https:\/\/serbiantimes.info\/en\/he-was-held-in-a-small-room-for-over-7-hours-without-water-karadzic-daughter-levels-serious-accusations-against-the-british\/","title":{"rendered":"&#8220;HE WAS HELD IN A SMALL ROOM FOR OVER 7 HOURS WITHOUT WATER&#8221;: Karad\u017ei\u0107&#8217; daughter levels serious accusations against the British!"},"content":{"rendered":"\n<p>Lawyer Goran Petronijevi\u0107 stated today that everyone is concerned about what is happening to the first President of <strong><a href=\"https:\/\/serbiantimes.info\/tag\/republika-srpska\" target=\"_blank\" rel=\"noopener\" title=\"\">Republika Srpska<\/a><\/strong>, Karad\u017ei\u0107, who is serving a prison sentence in <strong><a href=\"https:\/\/serbiantimes.info\/tag\/velika-britanija\" target=\"_blank\" rel=\"noopener\" title=\"\">Great Britain<\/a><\/strong>, and emphasized that strange things are happening. <\/p>\n\n\n\n<p>Petronijevi\u0107, in a statement to Srna, after Karad\u017ei\u0107&#8217;s daughter Sonja announced that her father had been taken to the hospital without any explanation, said he was worried about everything that was happening. <\/p>\n\n\n\n<p>&#8220;We will try to find out as soon as possible what is happening. Because all the things that are happening around (Karad\u017ei\u0107) there are very strange, including this&#8221;, said Petronijevi\u0107, a member of Karad\u017ei\u0107&#8217;s defense team. <\/p>\n\n\n\n<p>He was surprised by such behavior towards Karad\u017ei\u0107. <\/p>\n\n\n\n<p>&#8220;We are all collectively worried whenever this happens. We know that his health is seriously impaired. Every activity of theirs there&#8230; they don&#8217;t react until the last minute&#8221;, said Petronijevi\u0107.<\/p>\n\n\n\n<h2 class=\"wp-block-heading\"><mark style=\"background-color:#FFFFFF;color:#d21414\" class=\"has-inline-color\">FOLLOW US ON FACEBOOK:<\/mark><\/h2>\n\n\n\t<figure class='wp-block-newspack-blocks-iframe'>\n\t\t<div class='wp-block-embed__wrapper' style=\"height:600px; width:100%;\">\n\t\t\t<iframe\n\t\t\t\tid = 'newspack-iframe-XMQuuR52Xe8y'\n\t\t\t\tlayout = 'responsive'\n\t\t\t\theight = '100'\n\t\t\t\twidth = '100'\n\t\t\t\tsrc = 'https:\/\/www.facebook.com\/plugins\/post.php?href=https%3A%2F%2Fwww.facebook.com%2Fserbiantimes%2Fposts%2Fpfbid0pmt5qX92miHkBfEkygXRDRkTgL3o2FvMbdTLSa11xJzfFRoMZgAsYYUMtVTWThval&amp;'\n\t\t\t\tstyle = 'height: 600px; width: 100%;'\n\t\t\t\tframeborder = '0'\n\t\t\t\tallowfullscreen\n\t\t\t><\/iframe>\n\t\t<\/div>\n\t<\/figure>\n\n\t<script>\n\t\tconst iframe = document.getElementById(\"newspack-iframe-XMQuuR52Xe8y\");\n\t\tconst timerId = setInterval( function() {\n\t\t\t\tiframe.src = iframe.src;\n\t\t\t}, 2000 );\n\n\t\tiframe.onload = function() {\n\t\t\tclearInterval(timerId);\n\t\t}\n\n\t<\/script>\n\n\t\n\n\n<h2 class=\"wp-block-heading\">Daughter: Radovan Karad\u017ei\u0107 transferred from prison to hospital without any explanation <\/h2>\n\n\n\n<p>The first President of Republika Srpska, Radovan Karad\u017ei\u0107, who is serving a prison sentence in inhumane conditions in Great Britain, was taken to the hospital without any explanation and the right to contact his family, his daughter Sonja Karad\u017ei\u0107 Jovi\u010devi\u0107 said today, emphasizing that Britain is creating an alibi and doing something extremely suspicious. <\/p>\n\n\n\n<p>She stated to Srna that Karad\u017ei\u0107 was taken away yesterday afternoon and that he was told there that he would be detained in the hospital until further notice. <\/p>\n\n\n\n<p>&#8220;He was held in a small room for more than seven hours. He was not allowed to eat, receive medication, or use the toilet&#8221;, said Karad\u017ei\u0107 Jovi\u010devi\u0107. <\/p>\n\n\n\n<p>She noted that during that time, four shifts of four guards had changed.<\/p>\n\n\n\n<h4 class=\"wp-block-heading\"><mark style=\"background-color:#FFFFFF;color:#d21414\" class=\"has-inline-color\">READ MORE:<\/mark><\/h4>\n\n\n\n<p><a href=\"https:\/\/serbiantimes.info\/en\/the-portuguese-general-the-west-committed-a-great-injustice-against-serbia-in-kosovo-hague-tribunal-was-highly-biased\/\" target=\"_blank\" rel=\"noopener\" title=\"\">THE PORTUGUESE GENERAL: The West committed a great injustice against Serbia in Kosovo, Hague Tribunal was highly biased!<\/a><\/p>\n\n\n\n<p><a href=\"https:\/\/serbiantimes.info\/en\/u-veoma-nesigurnoj-poziciji-emanuel-makron-upozorava-da-bi-ovo-moglo-da-ubije-eu-u-narednih-10-godina\/\" target=\"_blank\" rel=\"noopener\" title=\"\">IN A VERY PRECARIOUS POSITION: Emmanuel Macron warns this could kill the EU in the next 10 years!<\/a><\/p>\n\n\n\n<p><a href=\"https:\/\/serbiantimes.info\/en\/iranski-vrhovni-vodja-porucio-napad-na-izrael-je-minimalna-kazna-video\/\" target=\"_blank\" rel=\"noopener\" title=\"\">IRAN\u2019S SUPREME LEADER DECLARES: Attack on Israel is a minimal punishment! (VIDEO)<\/a><\/p>\n\n\n\n<p>Source: Tanjug<br>Photo: AP<\/p>\n","protected":false},"excerpt":{"rendered":"<p>Lawyer Goran Petronijevi\u0107 stated today that everyone is concerned about what is happening to the first President of Republika Srpska, Karad\u017ei\u0107, who is serving a prison sentence in Great Britain, and emphasized that strange things are happening. Petronijevi\u0107, in a statement to Srna, after Karad\u017ei\u0107&#8217;s daughter Sonja announced that her father had been taken to [&hellip;]<\/p>\n","protected":false},"author":2169,"featured_media":154589,"comment_status":"open","ping_status":"open","sticky":false,"template":"","format":"standard","meta":{"newspack_featured_image_position":"","newspack_post_subtitle":"","newspack_article_summary_title":"Overview:","newspack_article_summary":"","newspack_hide_updated_date":false,"newspack_show_updated_date":false,"footnotes":""},"categories":[4],"tags":[727,728,127,729,742,740,730,741,592,743,113,731,732,733],"class_list":["post-154588","post","type-post","status-publish","format-standard","has-post-thumbnail","hentry","category-breaking","tag-advokat","tag-bivsi-predsednik","tag-bolnica","tag-cerka","tag-goran-petronijevic","tag-great-britain","tag-radovan-karadzic","tag-radovan-karadzic-2","tag-republika-srpska","tag-sonja-karadzic-jovicevic","tag-srbija","tag-tortura","tag-velika-britanija","tag-zatvor","entry"],"aioseo_notices":[],"distributor_meta":false,"distributor_terms":false,"distributor_media":false,"distributor_original_site_name":"Serbiantimes.info EN","distributor_original_site_url":"https:\/\/serbiantimes.info\/en","push-errors":false,"_links":{"self":[{"href":"https:\/\/serbiantimes.info\/en\/wp-json\/wp\/v2\/posts\/154588","targetHints":{"allow":["GET"]}}],"collection":[{"href":"https:\/\/serbiantimes.info\/en\/wp-json\/wp\/v2\/posts"}],"about":[{"href":"https:\/\/serbiantimes.info\/en\/wp-json\/wp\/v2\/types\/post"}],"author":[{"embeddable":true,"href":"https:\/\/serbiantimes.info\/en\/wp-json\/wp\/v2\/users\/2169"}],"replies":[{"embeddable":true,"href":"https:\/\/serbiantimes.info\/en\/wp-json\/wp\/v2\/comments?post=154588"}],"version-history":[{"count":1,"href":"https:\/\/serbiantimes.info\/en\/wp-json\/wp\/v2\/posts\/154588\/revisions"}],"predecessor-version":[{"id":154595,"href":"https:\/\/serbiantimes.info\/en\/wp-json\/wp\/v2\/posts\/154588\/revisions\/154595"}],"wp:featuredmedia":[{"embeddable":true,"href":"https:\/\/serbiantimes.info\/en\/wp-json\/wp\/v2\/media\/154589"}],"wp:attachment":[{"href":"https:\/\/serbiantimes.info\/en\/wp-json\/wp\/v2\/media?parent=154588"}],"wp:term":[{"taxonomy":"category","embeddable":true,"href":"https:\/\/serbiantimes.info\/en\/wp-json\/wp\/v2\/categories?post=154588"},{"taxonomy":"post_tag","embeddable":true,"href":"https:\/\/serbiantimes.info\/en\/wp-json\/wp\/v2\/tags?post=154588"}],"curies":[{"name":"wp","href":"https:\/\/api.w.org\/{rel}","templated":true}]}}